{"id":44569,"date":"2025-01-17T10:05:59","date_gmt":"2025-01-17T10:05:59","guid":{"rendered":"https:\/\/redeportivamx.com\/?p=44569"},"modified":"2025-01-17T10:06:01","modified_gmt":"2025-01-17T10:06:01","slug":"las-aguilas-dan-a-conocer-la-ruta-del-tricampeonato","status":"publish","type":"post","link":"https:\/\/redeportivamx.com\/index.php\/2025\/01\/17\/las-aguilas-dan-a-conocer-la-ruta-del-tricampeonato\/","title":{"rendered":"Las \u00c1guilas dan a conocer la ruta del Tricampeonato"},"content":{"rendered":"\n<p>El Club Am\u00e9rica dio a conocer la ruta que tomar\u00e1 el equipo azulcrema en la celebraci\u00f3n del Tricampeonato y campeonato de Liga Mx n\u00famero 16, la cual tendr\u00e1 lugar el domingo 19 de enero a las 19:30h en el estacionamiento general del Estadio Azteca.<\/p>\n\n\n\n<p>&#8220;El equipo iniciar\u00e1 la caravana desde Circuito Estadio Azteca, aproximadamente a las 19:15 horas, hasta llegar a la puerta 8 del Azteca, en donde exclusivamente el Club Am\u00e9rica tendr\u00e1 su ingreso con el autob\u00fas&#8221;, se puede leer en el comunicado que public\u00f3 el club.<\/p>\n\n\n\n<p>Estar\u00e1n presentes los campeones edl equipo varonil, adem\u00e1s de que contar\u00e1n con la participaci\u00f3n de leyendas y se har\u00e1 un homenaje a la leyenda de las \u00c1guilas, Cristobal Ortega, quien falleci\u00f3 el 2 de enero del a\u00f1o en curso a los 68 a\u00f1os.<\/p>\n\n\n\n<p>Los boletos para la celebraci\u00f3n se lanzaron sin costo mediante la plataforma Ticketmaster, aunque estuvieron sujetos a disponibilidad, y para los abonados del torneo anterior se les har\u00e1 llegar informaci\u00f3n con sus entradas sin necesidad de adquirirlos por la plataforma antes mencionada.<\/p>\n\n\n\n<figure class=\"wp-block-image size-large\"><img fetchpriority=\"high\" decoding=\"async\" width=\"1024\" height=\"576\" src=\"https:\/\/redeportivamx.com\/wp-content\/uploads\/2025\/01\/IMG_9883-1024x576.jpeg\" alt=\"\" class=\"wp-image-44570\" srcset=\"https:\/\/redeportivamx.com\/wp-content\/uploads\/2025\/01\/IMG_9883-1024x576.jpeg 1024w, https:\/\/redeportivamx.com\/wp-content\/uploads\/2025\/01\/IMG_9883-300x169.jpeg 300w, https:\/\/redeportivamx.com\/wp-content\/uploads\/2025\/01\/IMG_9883-768x432.jpeg 768w, https:\/\/redeportivamx.com\/wp-content\/uploads\/2025\/01\/IMG_9883.jpeg 1536w\" sizes=\"(max-width: 1024px) 100vw, 1024px\" \/><figcaption class=\"wp-element-caption\">\ud83d\udcf8: clubamerica.com.mx<\/figcaption><\/figure>\n","protected":false},"excerpt":{"rendered":"<p>El Club Am\u00e9rica dio a conocer la ruta que tomar\u00e1 el equipo azulcrema en la celebraci\u00f3n del Tricampeonato y campeonato de Liga Mx n\u00famero 16, la cual tendr\u00e1 lugar el domingo 19 de enero a las 19:30h en el estacionamiento general del Estadio Azteca. &#8220;El equipo iniciar\u00e1 la caravana desde Circuito Estadio Azteca, aproximadamente a [&hellip;]<\/p>\n","protected":false},"author":13,"featured_media":44571,"comment_status":"open","ping_status":"open","sticky":false,"template":"","format":"standard","meta":{"_monsterinsights_skip_tracking":false,"_monsterinsights_sitenote_active":false,"_monsterinsights_sitenote_note":"","_monsterinsights_sitenote_category":0,"_jetpack_memberships_contains_paid_content":false,"footnotes":""},"categories":[10],"tags":[123,886,20,2134],"class_list":["post-44569","post","type-post","status-publish","format-standard","has-post-thumbnail","hentry","category-liga-bbva-mx","tag-america","tag-estadio-azteca","tag-ligamx","tag-tricampeon"],"aioseo_notices":[],"jetpack_featured_media_url":"https:\/\/redeportivamx.com\/wp-content\/uploads\/2025\/01\/IMG_9884.jpeg","jetpack_sharing_enabled":true,"_links":{"self":[{"href":"https:\/\/redeportivamx.com\/index.php\/wp-json\/wp\/v2\/posts\/44569","targetHints":{"allow":["GET"]}}],"collection":[{"href":"https:\/\/redeportivamx.com\/index.php\/wp-json\/wp\/v2\/posts"}],"about":[{"href":"https:\/\/redeportivamx.com\/index.php\/wp-json\/wp\/v2\/types\/post"}],"author":[{"embeddable":true,"href":"https:\/\/redeportivamx.com\/index.php\/wp-json\/wp\/v2\/users\/13"}],"replies":[{"embeddable":true,"href":"https:\/\/redeportivamx.com\/index.php\/wp-json\/wp\/v2\/comments?post=44569"}],"version-history":[{"count":1,"href":"https:\/\/redeportivamx.com\/index.php\/wp-json\/wp\/v2\/posts\/44569\/revisions"}],"predecessor-version":[{"id":44572,"href":"https:\/\/redeportivamx.com\/index.php\/wp-json\/wp\/v2\/posts\/44569\/revisions\/44572"}],"wp:featuredmedia":[{"embeddable":true,"href":"https:\/\/redeportivamx.com\/index.php\/wp-json\/wp\/v2\/media\/44571"}],"wp:attachment":[{"href":"https:\/\/redeportivamx.com\/index.php\/wp-json\/wp\/v2\/media?parent=44569"}],"wp:term":[{"taxonomy":"category","embeddable":true,"href":"https:\/\/redeportivamx.com\/index.php\/wp-json\/wp\/v2\/categories?post=44569"},{"taxonomy":"post_tag","embeddable":true,"href":"https:\/\/redeportivamx.com\/index.php\/wp-json\/wp\/v2\/tags?post=44569"}],"curies":[{"name":"wp","href":"https:\/\/api.w.org\/{rel}","templated":true}]}}