{"id":44439,"date":"2025-01-11T02:46:26","date_gmt":"2025-01-11T02:46:26","guid":{"rendered":"https:\/\/redeportivamx.com\/?p=44439"},"modified":"2025-01-11T02:46:56","modified_gmt":"2025-01-11T02:46:56","slug":"efrain-juarez-busca-a-jugador-de-cruz-azul-para-reforzar-a-atletico-nacional","status":"publish","type":"post","link":"https:\/\/redeportivamx.com\/index.php\/2025\/01\/11\/efrain-juarez-busca-a-jugador-de-cruz-azul-para-reforzar-a-atletico-nacional\/","title":{"rendered":"Efra\u00edn Ju\u00e1rez busca a jugador de Cruz Azul para reforzar a Atl\u00e9tico Nacional"},"content":{"rendered":"\n<p class=\"wp-block-paragraph\">El director t\u00e9cnico mexicano, Efra\u00edn Ju\u00e1rez, espera seguir haciendo historia en Colombia con el Atl\u00e9tico Nacional, ya que en el 2024 logr\u00f3 el doblete en la tierra cafetalera  donde levant\u00f3 tanto la Liga derrotando a Deportes Tolima, as\u00ed como la Copa de Colombia ante Am\u00e9rica de Cali.<\/p>\n\n\n\n<p class=\"wp-block-paragraph\">Tras lo conseguido a finales de a\u00f1o, el conjunto verde espera reforzarse de la mejor manera para encarar en el 2025 primero que nada el torneo Apertura donde defender\u00e1 el t\u00edtulo, de igual manera hacer frente a la Copa Libertadores de Am\u00e9rica donde espera el sorteo que le d\u00e9 a los rivales que tendr\u00e1n que enfrentar para avanzar a Octavos de Final, as\u00ed como defender tambi\u00e9n la corona de la Copa.<\/p>\n\n\n\n<p class=\"wp-block-paragraph\">Para ello Efra\u00edn Ju\u00e1rez volteo a la liga que lo vio crecer como futbolista profesional, y en M\u00e9xico est\u00e1 encontrando alguno de los posibles refuerzos que puede tener para todo lo que viene al equipo colombiano, uno de esos jugadores vistos con buenos ojos ser\u00eda de la m\u00e1quina de Cruz Azul, el uruguayo Camilo Candido.<\/p>\n\n\n\n<p class=\"wp-block-paragraph\">El defensa celeste parece que no est\u00e1 en planes con el equipo de Mart\u00edn Anselmi para este Clausura 2025 por lo que la directiva ya busca acomodarlo para poder liberar una plaza de extranjero y buscar igual un refuerzo, por lo que su llegada a Atl\u00e9tico Nacional parecer\u00eda un hecho.<\/p>\n","protected":false},"excerpt":{"rendered":"<p>El director t\u00e9cnico mexicano, Efra\u00edn Ju\u00e1rez, espera seguir haciendo historia en Colombia con el Atl\u00e9tico Nacional, ya que en el 2024 logr\u00f3 el doblete en la tierra cafetalera donde levant\u00f3 tanto la Liga derrotando a Deportes Tolima, as\u00ed como la Copa de Colombia ante Am\u00e9rica de Cali. Tras lo conseguido a finales de a\u00f1o, el [&hellip;]<\/p>\n","protected":false},"author":21,"featured_media":44442,"comment_status":"open","ping_status":"open","sticky":false,"template":"","format":"standard","meta":{"_monsterinsights_skip_tracking":false,"_jetpack_newsletter_access":"","_jetpack_dont_email_post_to_subs":false,"_jetpack_newsletter_tier_id":0,"_jetpack_memberships_contains_paywalled_content":false,"_jetpack_feature_clip_id":0,"_jetpack_memberships_contains_paid_content":false,"footnotes":"","jetpack_post_was_ever_published":false},"categories":[10],"tags":[2133,132,2132,20],"class_list":["post-44439","post","type-post","status-publish","format-standard","has-post-thumbnail","hentry","category-liga-bbva-mx","tag-atletico-nacional","tag-cruz-azul","tag-efrain-juarez","tag-ligamx"],"aioseo_notices":[],"aioseo_head":"\n\t\t<!-- All in One SEO 5.0.1.1 - aioseo.com -->\n\t<meta name=\"description\" content=\"El director t\u00e9cnico mexicano, Efra\u00edn Ju\u00e1rez, espera seguir haciendo historia en Colombia con el Atl\u00e9tico Nacional, ya que en el 2024 logr\u00f3 el doblete en la tierra cafetalera donde levant\u00f3 tanto la Liga derrotando a Deportes Tolima, as\u00ed como la Copa de Colombia ante Am\u00e9rica de Cali. Tras lo conseguido a finales de a\u00f1o, el\" \/>\n\t<meta name=\"robots\" content=\"max-image-preview:large\" \/>\n\t<meta name=\"author\" content=\"Manuel Uranga\"\/>\n\t<link rel=\"canonical\" href=\"https:\/\/redeportivamx.com\/index.php\/2025\/01\/11\/efrain-juarez-busca-a-jugador-de-cruz-azul-para-reforzar-a-atletico-nacional\/\" \/>\n\t<meta name=\"generator\" content=\"All in One SEO (AIOSEO) 5.0.1.1\" \/>\n\t\t<meta property=\"og:locale\" content=\"es_MX\" \/>\n\t\t<meta property=\"og:site_name\" content=\"Redeportiva MX - \u00a1Conectando tu pasi\u00f3n!\" \/>\n\t\t<meta property=\"og:type\" content=\"sport\" \/>\n\t\t<meta property=\"og:title\" content=\"Efra\u00edn Ju\u00e1rez busca a jugador de Cruz Azul para reforzar a Atl\u00e9tico Nacional - Redeportiva MX\" \/>\n\t\t<meta property=\"og:description\" content=\"El director t\u00e9cnico mexicano, Efra\u00edn Ju\u00e1rez, espera seguir haciendo historia en Colombia con el Atl\u00e9tico Nacional, ya que en el 2024 logr\u00f3 el doblete en la tierra cafetalera donde levant\u00f3 tanto la Liga derrotando a Deportes Tolima, as\u00ed como la Copa de Colombia ante Am\u00e9rica de Cali. Tras lo conseguido a finales de a\u00f1o, el\" \/>\n\t\t<meta property=\"og:url\" content=\"https:\/\/redeportivamx.com\/index.php\/2025\/01\/11\/efrain-juarez-busca-a-jugador-de-cruz-azul-para-reforzar-a-atletico-nacional\/\" \/>\n\t\t<meta property=\"og:image\" content=\"https:\/\/redeportivamx.com\/wp-content\/uploads\/2025\/01\/efra.jpg\" \/>\n\t\t<meta property=\"og:image:secure_url\" content=\"https:\/\/redeportivamx.com\/wp-content\/uploads\/2025\/01\/efra.jpg\" \/>\n\t\t<meta property=\"og:image:width\" content=\"1920\" \/>\n\t\t<meta property=\"og:image:height\" content=\"1080\" \/>\n\t\t<meta name=\"twitter:card\" content=\"summary_large_image\" \/>\n\t\t<meta name=\"twitter:site\" content=\"@Redeportivamx\" \/>\n\t\t<meta name=\"twitter:title\" content=\"Efra\u00edn Ju\u00e1rez busca a jugador de Cruz Azul para reforzar a Atl\u00e9tico Nacional - Redeportiva MX\" \/>\n\t\t<meta name=\"twitter:description\" content=\"El director t\u00e9cnico mexicano, Efra\u00edn Ju\u00e1rez, espera seguir haciendo historia en Colombia con el Atl\u00e9tico Nacional, ya que en el 2024 logr\u00f3 el doblete en la tierra cafetalera donde levant\u00f3 tanto la Liga derrotando a Deportes Tolima, as\u00ed como la Copa de Colombia ante Am\u00e9rica de Cali. Tras lo conseguido a finales de a\u00f1o, el\" \/>\n\t\t<meta name=\"twitter:creator\" content=\"@Redeportivamx\" \/>\n\t\t<meta name=\"twitter:image\" content=\"https:\/\/redeportivamx.com\/wp-content\/uploads\/2025\/01\/efra.jpg\" \/>\n\t\t<script type=\"application\/ld+json\" class=\"aioseo-schema\">\n\t\t\t{\"@context\":\"https:\\\/\\\/schema.org\",\"@graph\":[{\"@type\":\"BlogPosting\",\"@id\":\"https:\\\/\\\/redeportivamx.com\\\/index.php\\\/2025\\\/01\\\/11\\\/efrain-juarez-busca-a-jugador-de-cruz-azul-para-reforzar-a-atletico-nacional\\\/#blogposting\",\"name\":\"Efra\\u00edn Ju\\u00e1rez busca a jugador de Cruz Azul para reforzar a Atl\\u00e9tico Nacional - Redeportiva MX\",\"headline\":\"Efra\\u00edn Ju\\u00e1rez busca a jugador de Cruz Azul para reforzar a Atl\\u00e9tico Nacional\",\"author\":{\"@id\":\"https:\\\/\\\/redeportivamx.com\\\/index.php\\\/author\\\/manuel-uranga\\\/#author\"},\"publisher\":{\"@id\":\"https:\\\/\\\/redeportivamx.com\\\/#organization\"},\"image\":{\"@type\":\"ImageObject\",\"url\":\"https:\\\/\\\/redeportivamx.com\\\/wp-content\\\/uploads\\\/2025\\\/01\\\/efra.jpg\",\"width\":1920,\"height\":1080},\"datePublished\":\"2025-01-11T02:46:26-06:00\",\"dateModified\":\"2025-01-11T02:46:56-06:00\",\"inLanguage\":\"es-MX\",\"mainEntityOfPage\":{\"@id\":\"https:\\\/\\\/redeportivamx.com\\\/index.php\\\/2025\\\/01\\\/11\\\/efrain-juarez-busca-a-jugador-de-cruz-azul-para-reforzar-a-atletico-nacional\\\/#webpage\"},\"isPartOf\":{\"@id\":\"https:\\\/\\\/redeportivamx.com\\\/index.php\\\/2025\\\/01\\\/11\\\/efrain-juarez-busca-a-jugador-de-cruz-azul-para-reforzar-a-atletico-nacional\\\/#webpage\"},\"articleSection\":\"Liga BBVA MX, Atl\\u00e9tico Nacional, Cruz Azul, Efra\\u00edn Ju\\u00e1rez, LigaMX\"},{\"@type\":\"BreadcrumbList\",\"@id\":\"https:\\\/\\\/redeportivamx.com\\\/index.php\\\/2025\\\/01\\\/11\\\/efrain-juarez-busca-a-jugador-de-cruz-azul-para-reforzar-a-atletico-nacional\\\/#breadcrumblist\",\"itemListElement\":[{\"@type\":\"ListItem\",\"@id\":\"https:\\\/\\\/redeportivamx.com#listItem\",\"position\":1,\"name\":\"Home\",\"item\":\"https:\\\/\\\/redeportivamx.com\",\"nextItem\":{\"@type\":\"ListItem\",\"@id\":\"https:\\\/\\\/redeportivamx.com\\\/index.php\\\/category\\\/liga-bbva-mx\\\/#listItem\",\"name\":\"Liga BBVA MX\"}},{\"@type\":\"ListItem\",\"@id\":\"https:\\\/\\\/redeportivamx.com\\\/index.php\\\/category\\\/liga-bbva-mx\\\/#listItem\",\"position\":2,\"name\":\"Liga BBVA MX\",\"item\":\"https:\\\/\\\/redeportivamx.com\\\/index.php\\\/category\\\/liga-bbva-mx\\\/\",\"nextItem\":{\"@type\":\"ListItem\",\"@id\":\"https:\\\/\\\/redeportivamx.com\\\/index.php\\\/2025\\\/01\\\/11\\\/efrain-juarez-busca-a-jugador-de-cruz-azul-para-reforzar-a-atletico-nacional\\\/#listItem\",\"name\":\"Efra\\u00edn Ju\\u00e1rez busca a jugador de Cruz Azul para reforzar a Atl\\u00e9tico Nacional\"},\"previousItem\":{\"@type\":\"ListItem\",\"@id\":\"https:\\\/\\\/redeportivamx.com#listItem\",\"name\":\"Home\"}},{\"@type\":\"ListItem\",\"@id\":\"https:\\\/\\\/redeportivamx.com\\\/index.php\\\/2025\\\/01\\\/11\\\/efrain-juarez-busca-a-jugador-de-cruz-azul-para-reforzar-a-atletico-nacional\\\/#listItem\",\"position\":3,\"name\":\"Efra\\u00edn Ju\\u00e1rez busca a jugador de Cruz Azul para reforzar a Atl\\u00e9tico Nacional\",\"previousItem\":{\"@type\":\"ListItem\",\"@id\":\"https:\\\/\\\/redeportivamx.com\\\/index.php\\\/category\\\/liga-bbva-mx\\\/#listItem\",\"name\":\"Liga BBVA MX\"}}]},{\"@type\":\"Organization\",\"@id\":\"https:\\\/\\\/redeportivamx.com\\\/#organization\",\"name\":\"redeportivamx.com\",\"description\":\"\\u00a1Conectando tu pasi\\u00f3n!\",\"url\":\"https:\\\/\\\/redeportivamx.com\\\/\",\"sameAs\":[\"https:\\\/\\\/www.facebook.com\\\/profile.php?id=61565592572733\",\"https:\\\/\\\/x.com\\\/Redeportivamx?s=20\",\"https:\\\/\\\/www.instagram.com\\\/redeportivamx\\\/\",\"https:\\\/\\\/www.tiktok.com\\\/@redeportiva.mx\",\"https:\\\/\\\/www.youtube.com\\\/@Redeportiva-MX\"]},{\"@type\":\"Person\",\"@id\":\"https:\\\/\\\/redeportivamx.com\\\/index.php\\\/author\\\/manuel-uranga\\\/#author\",\"url\":\"https:\\\/\\\/redeportivamx.com\\\/index.php\\\/author\\\/manuel-uranga\\\/\",\"name\":\"Manuel Uranga\",\"image\":{\"@type\":\"ImageObject\",\"@id\":\"https:\\\/\\\/redeportivamx.com\\\/index.php\\\/2025\\\/01\\\/11\\\/efrain-juarez-busca-a-jugador-de-cruz-azul-para-reforzar-a-atletico-nacional\\\/#authorImage\",\"url\":\"https:\\\/\\\/secure.gravatar.com\\\/avatar\\\/b25d111cffa0c92a2a207b402fbd19e41a40c20d0d5126b196ad20368121a034?s=96&d=mm&r=g\",\"width\":96,\"height\":96,\"caption\":\"Manuel Uranga\"}},{\"@type\":\"WebPage\",\"@id\":\"https:\\\/\\\/redeportivamx.com\\\/index.php\\\/2025\\\/01\\\/11\\\/efrain-juarez-busca-a-jugador-de-cruz-azul-para-reforzar-a-atletico-nacional\\\/#webpage\",\"url\":\"https:\\\/\\\/redeportivamx.com\\\/index.php\\\/2025\\\/01\\\/11\\\/efrain-juarez-busca-a-jugador-de-cruz-azul-para-reforzar-a-atletico-nacional\\\/\",\"name\":\"Efra\\u00edn Ju\\u00e1rez busca a jugador de Cruz Azul para reforzar a Atl\\u00e9tico Nacional - Redeportiva MX\",\"description\":\"El director t\\u00e9cnico mexicano, Efra\\u00edn Ju\\u00e1rez, espera seguir haciendo historia en Colombia con el Atl\\u00e9tico Nacional, ya que en el 2024 logr\\u00f3 el doblete en la tierra cafetalera donde levant\\u00f3 tanto la Liga derrotando a Deportes Tolima, as\\u00ed como la Copa de Colombia ante Am\\u00e9rica de Cali. Tras lo conseguido a finales de a\\u00f1o, el\",\"inLanguage\":\"es-MX\",\"isPartOf\":{\"@id\":\"https:\\\/\\\/redeportivamx.com\\\/#website\"},\"breadcrumb\":{\"@id\":\"https:\\\/\\\/redeportivamx.com\\\/index.php\\\/2025\\\/01\\\/11\\\/efrain-juarez-busca-a-jugador-de-cruz-azul-para-reforzar-a-atletico-nacional\\\/#breadcrumblist\"},\"author\":{\"@id\":\"https:\\\/\\\/redeportivamx.com\\\/index.php\\\/author\\\/manuel-uranga\\\/#author\"},\"creator\":{\"@id\":\"https:\\\/\\\/redeportivamx.com\\\/index.php\\\/author\\\/manuel-uranga\\\/#author\"},\"image\":{\"@type\":\"ImageObject\",\"url\":\"https:\\\/\\\/redeportivamx.com\\\/wp-content\\\/uploads\\\/2025\\\/01\\\/efra.jpg\",\"@id\":\"https:\\\/\\\/redeportivamx.com\\\/index.php\\\/2025\\\/01\\\/11\\\/efrain-juarez-busca-a-jugador-de-cruz-azul-para-reforzar-a-atletico-nacional\\\/#mainImage\",\"width\":1920,\"height\":1080},\"primaryImageOfPage\":{\"@id\":\"https:\\\/\\\/redeportivamx.com\\\/index.php\\\/2025\\\/01\\\/11\\\/efrain-juarez-busca-a-jugador-de-cruz-azul-para-reforzar-a-atletico-nacional\\\/#mainImage\"},\"datePublished\":\"2025-01-11T02:46:26-06:00\",\"dateModified\":\"2025-01-11T02:46:56-06:00\"},{\"@type\":\"WebSite\",\"@id\":\"https:\\\/\\\/redeportivamx.com\\\/#website\",\"url\":\"https:\\\/\\\/redeportivamx.com\\\/\",\"name\":\"redeportivamx.com\",\"description\":\"\\u00a1Conectando tu pasi\\u00f3n!\",\"inLanguage\":\"es-MX\",\"publisher\":{\"@id\":\"https:\\\/\\\/redeportivamx.com\\\/#organization\"}}]}\n\t\t<\/script>\n\t\t<!-- All in One SEO -->\n\n","aioseo_head_json":{"title":"Efra\u00edn Ju\u00e1rez busca a jugador de Cruz Azul para reforzar a Atl\u00e9tico Nacional - Redeportiva MX","description":"El director t\u00e9cnico mexicano, Efra\u00edn Ju\u00e1rez, espera seguir haciendo historia en Colombia con el Atl\u00e9tico Nacional, ya que en el 2024 logr\u00f3 el doblete en la tierra cafetalera donde levant\u00f3 tanto la Liga derrotando a Deportes Tolima, as\u00ed como la Copa de Colombia ante Am\u00e9rica de Cali. Tras lo conseguido a finales de a\u00f1o, el","canonical_url":"https:\/\/redeportivamx.com\/index.php\/2025\/01\/11\/efrain-juarez-busca-a-jugador-de-cruz-azul-para-reforzar-a-atletico-nacional\/","robots":"max-image-preview:large","keywords":"","webmasterTools":{"miscellaneous":""},"schema":{"@context":"https:\/\/schema.org","@graph":[{"@type":"BlogPosting","@id":"https:\/\/redeportivamx.com\/index.php\/2025\/01\/11\/efrain-juarez-busca-a-jugador-de-cruz-azul-para-reforzar-a-atletico-nacional\/#blogposting","name":"Efra\u00edn Ju\u00e1rez busca a jugador de Cruz Azul para reforzar a Atl\u00e9tico Nacional - Redeportiva MX","headline":"Efra\u00edn Ju\u00e1rez busca a jugador de Cruz Azul para reforzar a Atl\u00e9tico Nacional","author":{"@id":"https:\/\/redeportivamx.com\/index.php\/author\/manuel-uranga\/#author"},"publisher":{"@id":"https:\/\/redeportivamx.com\/#organization"},"image":{"@type":"ImageObject","url":"https:\/\/redeportivamx.com\/wp-content\/uploads\/2025\/01\/efra.jpg","width":1920,"height":1080},"datePublished":"2025-01-11T02:46:26-06:00","dateModified":"2025-01-11T02:46:56-06:00","inLanguage":"es-MX","mainEntityOfPage":{"@id":"https:\/\/redeportivamx.com\/index.php\/2025\/01\/11\/efrain-juarez-busca-a-jugador-de-cruz-azul-para-reforzar-a-atletico-nacional\/#webpage"},"isPartOf":{"@id":"https:\/\/redeportivamx.com\/index.php\/2025\/01\/11\/efrain-juarez-busca-a-jugador-de-cruz-azul-para-reforzar-a-atletico-nacional\/#webpage"},"articleSection":"Liga BBVA MX, Atl\u00e9tico Nacional, Cruz Azul, Efra\u00edn Ju\u00e1rez, LigaMX"},{"@type":"BreadcrumbList","@id":"https:\/\/redeportivamx.com\/index.php\/2025\/01\/11\/efrain-juarez-busca-a-jugador-de-cruz-azul-para-reforzar-a-atletico-nacional\/#breadcrumblist","itemListElement":[{"@type":"ListItem","@id":"https:\/\/redeportivamx.com#listItem","position":1,"name":"Home","item":"https:\/\/redeportivamx.com","nextItem":{"@type":"ListItem","@id":"https:\/\/redeportivamx.com\/index.php\/category\/liga-bbva-mx\/#listItem","name":"Liga BBVA MX"}},{"@type":"ListItem","@id":"https:\/\/redeportivamx.com\/index.php\/category\/liga-bbva-mx\/#listItem","position":2,"name":"Liga BBVA MX","item":"https:\/\/redeportivamx.com\/index.php\/category\/liga-bbva-mx\/","nextItem":{"@type":"ListItem","@id":"https:\/\/redeportivamx.com\/index.php\/2025\/01\/11\/efrain-juarez-busca-a-jugador-de-cruz-azul-para-reforzar-a-atletico-nacional\/#listItem","name":"Efra\u00edn Ju\u00e1rez busca a jugador de Cruz Azul para reforzar a Atl\u00e9tico Nacional"},"previousItem":{"@type":"ListItem","@id":"https:\/\/redeportivamx.com#listItem","name":"Home"}},{"@type":"ListItem","@id":"https:\/\/redeportivamx.com\/index.php\/2025\/01\/11\/efrain-juarez-busca-a-jugador-de-cruz-azul-para-reforzar-a-atletico-nacional\/#listItem","position":3,"name":"Efra\u00edn Ju\u00e1rez busca a jugador de Cruz Azul para reforzar a Atl\u00e9tico Nacional","previousItem":{"@type":"ListItem","@id":"https:\/\/redeportivamx.com\/index.php\/category\/liga-bbva-mx\/#listItem","name":"Liga BBVA MX"}}]},{"@type":"Organization","@id":"https:\/\/redeportivamx.com\/#organization","name":"redeportivamx.com","description":"\u00a1Conectando tu pasi\u00f3n!","url":"https:\/\/redeportivamx.com\/","sameAs":["https:\/\/www.facebook.com\/profile.php?id=61565592572733","https:\/\/x.com\/Redeportivamx?s=20","https:\/\/www.instagram.com\/redeportivamx\/","https:\/\/www.tiktok.com\/@redeportiva.mx","https:\/\/www.youtube.com\/@Redeportiva-MX"]},{"@type":"Person","@id":"https:\/\/redeportivamx.com\/index.php\/author\/manuel-uranga\/#author","url":"https:\/\/redeportivamx.com\/index.php\/author\/manuel-uranga\/","name":"Manuel Uranga","image":{"@type":"ImageObject","@id":"https:\/\/redeportivamx.com\/index.php\/2025\/01\/11\/efrain-juarez-busca-a-jugador-de-cruz-azul-para-reforzar-a-atletico-nacional\/#authorImage","url":"https:\/\/secure.gravatar.com\/avatar\/b25d111cffa0c92a2a207b402fbd19e41a40c20d0d5126b196ad20368121a034?s=96&d=mm&r=g","width":96,"height":96,"caption":"Manuel Uranga"}},{"@type":"WebPage","@id":"https:\/\/redeportivamx.com\/index.php\/2025\/01\/11\/efrain-juarez-busca-a-jugador-de-cruz-azul-para-reforzar-a-atletico-nacional\/#webpage","url":"https:\/\/redeportivamx.com\/index.php\/2025\/01\/11\/efrain-juarez-busca-a-jugador-de-cruz-azul-para-reforzar-a-atletico-nacional\/","name":"Efra\u00edn Ju\u00e1rez busca a jugador de Cruz Azul para reforzar a Atl\u00e9tico Nacional - Redeportiva MX","description":"El director t\u00e9cnico mexicano, Efra\u00edn Ju\u00e1rez, espera seguir haciendo historia en Colombia con el Atl\u00e9tico Nacional, ya que en el 2024 logr\u00f3 el doblete en la tierra cafetalera donde levant\u00f3 tanto la Liga derrotando a Deportes Tolima, as\u00ed como la Copa de Colombia ante Am\u00e9rica de Cali. Tras lo conseguido a finales de a\u00f1o, el","inLanguage":"es-MX","isPartOf":{"@id":"https:\/\/redeportivamx.com\/#website"},"breadcrumb":{"@id":"https:\/\/redeportivamx.com\/index.php\/2025\/01\/11\/efrain-juarez-busca-a-jugador-de-cruz-azul-para-reforzar-a-atletico-nacional\/#breadcrumblist"},"author":{"@id":"https:\/\/redeportivamx.com\/index.php\/author\/manuel-uranga\/#author"},"creator":{"@id":"https:\/\/redeportivamx.com\/index.php\/author\/manuel-uranga\/#author"},"image":{"@type":"ImageObject","url":"https:\/\/redeportivamx.com\/wp-content\/uploads\/2025\/01\/efra.jpg","@id":"https:\/\/redeportivamx.com\/index.php\/2025\/01\/11\/efrain-juarez-busca-a-jugador-de-cruz-azul-para-reforzar-a-atletico-nacional\/#mainImage","width":1920,"height":1080},"primaryImageOfPage":{"@id":"https:\/\/redeportivamx.com\/index.php\/2025\/01\/11\/efrain-juarez-busca-a-jugador-de-cruz-azul-para-reforzar-a-atletico-nacional\/#mainImage"},"datePublished":"2025-01-11T02:46:26-06:00","dateModified":"2025-01-11T02:46:56-06:00"},{"@type":"WebSite","@id":"https:\/\/redeportivamx.com\/#website","url":"https:\/\/redeportivamx.com\/","name":"redeportivamx.com","description":"\u00a1Conectando tu pasi\u00f3n!","inLanguage":"es-MX","publisher":{"@id":"https:\/\/redeportivamx.com\/#organization"}}]},"og:locale":"es_MX","og:site_name":"Redeportiva MX - \u00a1Conectando tu pasi\u00f3n!","og:type":"sport","og:title":"Efra\u00edn Ju\u00e1rez busca a jugador de Cruz Azul para reforzar a Atl\u00e9tico Nacional - Redeportiva MX","og:description":"El director t\u00e9cnico mexicano, Efra\u00edn Ju\u00e1rez, espera seguir haciendo historia en Colombia con el Atl\u00e9tico Nacional, ya que en el 2024 logr\u00f3 el doblete en la tierra cafetalera donde levant\u00f3 tanto la Liga derrotando a Deportes Tolima, as\u00ed como la Copa de Colombia ante Am\u00e9rica de Cali. Tras lo conseguido a finales de a\u00f1o, el","og:url":"https:\/\/redeportivamx.com\/index.php\/2025\/01\/11\/efrain-juarez-busca-a-jugador-de-cruz-azul-para-reforzar-a-atletico-nacional\/","og:image":"https:\/\/redeportivamx.com\/wp-content\/uploads\/2025\/01\/efra.jpg","og:image:secure_url":"https:\/\/redeportivamx.com\/wp-content\/uploads\/2025\/01\/efra.jpg","og:image:width":1920,"og:image:height":1080,"twitter:card":"summary_large_image","twitter:site":"@Redeportivamx","twitter:title":"Efra\u00edn Ju\u00e1rez busca a jugador de Cruz Azul para reforzar a Atl\u00e9tico Nacional - Redeportiva MX","twitter:description":"El director t\u00e9cnico mexicano, Efra\u00edn Ju\u00e1rez, espera seguir haciendo historia en Colombia con el Atl\u00e9tico Nacional, ya que en el 2024 logr\u00f3 el doblete en la tierra cafetalera donde levant\u00f3 tanto la Liga derrotando a Deportes Tolima, as\u00ed como la Copa de Colombia ante Am\u00e9rica de Cali. Tras lo conseguido a finales de a\u00f1o, el","twitter:creator":"@Redeportivamx","twitter:image":"https:\/\/redeportivamx.com\/wp-content\/uploads\/2025\/01\/efra.jpg"},"aioseo_meta_data":{"post_id":"44439","title":null,"description":null,"keywords":null,"keyphrases":{"focus":{"keyphrase":"","score":0,"analysis":{"keyphraseInTitle":{"score":0,"maxScore":9,"error":1}}},"additional":[]},"primary_term":null,"canonical_url":null,"og_title":null,"og_description":null,"og_object_type":"default","og_image_type":"default","og_image_url":null,"og_image_width":null,"og_image_height":null,"og_image_custom_url":null,"og_image_custom_fields":null,"og_video":"","og_custom_url":null,"og_article_section":null,"og_article_tags":null,"twitter_use_og":false,"twitter_card":"default","twitter_image_type":"default","twitter_image_url":null,"twitter_image_custom_url":null,"twitter_image_custom_fields":null,"twitter_title":null,"twitter_description":null,"schema":{"blockGraphs":[],"customGraphs":[],"default":{"data":{"Article":[],"Course":[],"Dataset":[],"FAQPage":[],"Movie":[],"Person":[],"Product":[],"ProductReview":[],"Car":[],"Recipe":[],"Service":[],"SoftwareApplication":[],"WebPage":[]},"graphName":"BlogPosting","isEnabled":true},"graphs":[]},"schema_type":"default","schema_type_options":null,"pillar_content":false,"robots_default":true,"robots_noindex":false,"robots_noarchive":false,"robots_nosnippet":false,"robots_nofollow":false,"robots_noimageindex":false,"robots_noodp":false,"robots_notranslate":false,"robots_max_snippet":"-1","robots_max_videopreview":"-1","robots_max_imagepreview":"large","priority":null,"frequency":"default","local_seo":null,"breadcrumb_settings":null,"limit_modified_date":false,"ai":null,"created":"2025-01-11 02:46:28","updated":"2025-06-04 20:07:41","seo_analyzer_scan_date":null,"focus_keyword":null,"additional_keywords":null,"truseo_locale":null},"aioseo_breadcrumb":"<div class=\"aioseo-breadcrumbs\"><span class=\"aioseo-breadcrumb\">\n\t\t\t<a href=\"https:\/\/redeportivamx.com\" title=\"Home\">Home<\/a>\n\t\t<\/span><span class=\"aioseo-breadcrumb-separator\">&raquo;<\/span><span class=\"aioseo-breadcrumb\">\n\t\t\t<a href=\"https:\/\/redeportivamx.com\/index.php\/category\/liga-bbva-mx\/\" title=\"Liga BBVA MX\">Liga BBVA MX<\/a>\n\t\t<\/span><span class=\"aioseo-breadcrumb-separator\">&raquo;<\/span><span class=\"aioseo-breadcrumb\">\n\t\t\tEfra\u00edn Ju\u00e1rez busca a jugador de Cruz Azul para reforzar a Atl\u00e9tico Nacional\n\t\t<\/span><\/div>","aioseo_breadcrumb_json":[{"label":"Home","link":"https:\/\/redeportivamx.com"},{"label":"Liga BBVA MX","link":"https:\/\/redeportivamx.com\/index.php\/category\/liga-bbva-mx\/"},{"label":"Efra\u00edn Ju\u00e1rez busca a jugador de Cruz Azul para reforzar a Atl\u00e9tico Nacional","link":"https:\/\/redeportivamx.com\/index.php\/2025\/01\/11\/efrain-juarez-busca-a-jugador-de-cruz-azul-para-reforzar-a-atletico-nacional\/"}],"jetpack_sharing_enabled":true,"jetpack_featured_media_url":"https:\/\/redeportivamx.com\/wp-content\/uploads\/2025\/01\/efra.jpg","_links":{"self":[{"href":"https:\/\/redeportivamx.com\/index.php\/wp-json\/wp\/v2\/posts\/44439","targetHints":{"allow":["GET"]}}],"collection":[{"href":"https:\/\/redeportivamx.com\/index.php\/wp-json\/wp\/v2\/posts"}],"about":[{"href":"https:\/\/redeportivamx.com\/index.php\/wp-json\/wp\/v2\/types\/post"}],"author":[{"embeddable":true,"href":"https:\/\/redeportivamx.com\/index.php\/wp-json\/wp\/v2\/users\/21"}],"replies":[{"embeddable":true,"href":"https:\/\/redeportivamx.com\/index.php\/wp-json\/wp\/v2\/comments?post=44439"}],"version-history":[{"count":1,"href":"https:\/\/redeportivamx.com\/index.php\/wp-json\/wp\/v2\/posts\/44439\/revisions"}],"predecessor-version":[{"id":44443,"href":"https:\/\/redeportivamx.com\/index.php\/wp-json\/wp\/v2\/posts\/44439\/revisions\/44443"}],"wp:featuredmedia":[{"embeddable":true,"href":"https:\/\/redeportivamx.com\/index.php\/wp-json\/wp\/v2\/media\/44442"}],"wp:attachment":[{"href":"https:\/\/redeportivamx.com\/index.php\/wp-json\/wp\/v2\/media?parent=44439"}],"wp:term":[{"taxonomy":"category","embeddable":true,"href":"https:\/\/redeportivamx.com\/index.php\/wp-json\/wp\/v2\/categories?post=44439"},{"taxonomy":"post_tag","embeddable":true,"href":"https:\/\/redeportivamx.com\/index.php\/wp-json\/wp\/v2\/tags?post=44439"}],"curies":[{"name":"wp","href":"https:\/\/api.w.org\/{rel}","templated":true}]}}