{"id":44311,"date":"2025-01-05T07:53:14","date_gmt":"2025-01-05T07:53:14","guid":{"rendered":"https:\/\/redeportivamx.com\/?p=44311"},"modified":"2025-01-05T07:53:59","modified_gmt":"2025-01-05T07:53:59","slug":"marco-fabian-me-hubiera-gustado-retirarme-en-chivas","status":"publish","type":"post","link":"https:\/\/redeportivamx.com\/index.php\/2025\/01\/05\/marco-fabian-me-hubiera-gustado-retirarme-en-chivas\/","title":{"rendered":"Marco Fabi\u00e1n: &#8220;Me hubiera gustado retirarme en Chivas&#8221;"},"content":{"rendered":"\n<p>Marco Fabi\u00e1n, uno de los consagrados con la Selecci\u00f3n Mexicana que levant\u00f3 la medalla de oro en los Juegos Ol\u00edmpicos de Londres 2012, habl\u00f3 en una reciente entrevista con la cadena deportiva FOX SPORTS de lo que significa el reba\u00f1o sagrado en su carrera futbol\u00edstica y de c\u00f3mo le hubiera gustado colgar los tacones con el club que lo vio crecer en el deporte.<\/p>\n\n\n\n<blockquote class=\"wp-block-quote is-layout-flow wp-block-quote-is-layout-flow\">\n<p>\u201cSi hay alguna espinita clavada que aparte tengo la mejor relaci\u00f3n con una instituci\u00f3n como es Chivas, me hubiera gustado que como \u00faltimo gui\u00f3n de mi carrera retirarme en Chivas como ahora lo est\u00e1 haciendo Chicharito porque es un club que me dio la oportunidad de irme a Europa, pero que crec\u00ed ah\u00ed\u201d<\/p>\n<\/blockquote>\n\n\n\n<p>De la misma manera comenta que dicho sue\u00f1o estuvo a punto de realizarse, sin embargo los directivos del cuadro de Verde Valle no pudieron coincidir con el ex jugador rojiblanco, por lo que su destino fueron otros clubes tanto en M\u00e9xico como en el extranjero.<\/p>\n\n\n\n<blockquote class=\"wp-block-quote is-layout-flow wp-block-quote-is-layout-flow\">\n<p>&#8220;Estuve a punto, desgraciadamente en ese momento los directivos que estaban tomaron otro tipo de decisiones, pero en general estoy muy agradecido, termin\u00e9 con instituciones como Ju\u00e1rez, como Mazatl\u00e1n, la verdad que ,muy contento. Al final las lesiones son las que te van mermando, pero muy agradecido con la medalla de oro, con los dos mundiales, con lo de Alemania, estoy agradecido con Dios por lo de mi carrera&#8221;<\/p>\n<\/blockquote>\n\n\n\n<p>En sus dos etapas con las Chivas jug\u00f3 234 partidos incluyendo encuentros de Copa MX, Copa Sudamericana y Copa Libertadores, dando 36 asistencias y anotando 58 goles donde incluso uno de ellos fue en la final de la Libertadores de 2010 ante el Internacional de Brasil, gan\u00f3 con el conjunto de Guadalajara la Copa MX de 2015 .<\/p>\n","protected":false},"excerpt":{"rendered":"<p>Marco Fabi\u00e1n, uno de los consagrados con la Selecci\u00f3n Mexicana que levant\u00f3 la medalla de oro en los Juegos Ol\u00edmpicos de Londres 2012, habl\u00f3 en una reciente entrevista con la cadena deportiva FOX SPORTS de lo que significa el reba\u00f1o sagrado en su carrera futbol\u00edstica y de c\u00f3mo le hubiera gustado colgar los tacones con [&hellip;]<\/p>\n","protected":false},"author":21,"featured_media":44315,"comment_status":"open","ping_status":"open","sticky":false,"template":"","format":"standard","meta":{"_monsterinsights_skip_tracking":false,"_monsterinsights_sitenote_active":false,"_monsterinsights_sitenote_note":"","_monsterinsights_sitenote_category":0,"_jetpack_memberships_contains_paid_content":false,"footnotes":""},"categories":[10],"tags":[125,20,2119],"class_list":["post-44311","post","type-post","status-publish","format-standard","has-post-thumbnail","hentry","category-liga-bbva-mx","tag-chivas","tag-ligamx","tag-marco-fabian"],"aioseo_notices":[],"jetpack_featured_media_url":"https:\/\/redeportivamx.com\/wp-content\/uploads\/2025\/01\/20151111_2651-scaled.jpg","jetpack_sharing_enabled":true,"_links":{"self":[{"href":"https:\/\/redeportivamx.com\/index.php\/wp-json\/wp\/v2\/posts\/44311","targetHints":{"allow":["GET"]}}],"collection":[{"href":"https:\/\/redeportivamx.com\/index.php\/wp-json\/wp\/v2\/posts"}],"about":[{"href":"https:\/\/redeportivamx.com\/index.php\/wp-json\/wp\/v2\/types\/post"}],"author":[{"embeddable":true,"href":"https:\/\/redeportivamx.com\/index.php\/wp-json\/wp\/v2\/users\/21"}],"replies":[{"embeddable":true,"href":"https:\/\/redeportivamx.com\/index.php\/wp-json\/wp\/v2\/comments?post=44311"}],"version-history":[{"count":1,"href":"https:\/\/redeportivamx.com\/index.php\/wp-json\/wp\/v2\/posts\/44311\/revisions"}],"predecessor-version":[{"id":44316,"href":"https:\/\/redeportivamx.com\/index.php\/wp-json\/wp\/v2\/posts\/44311\/revisions\/44316"}],"wp:featuredmedia":[{"embeddable":true,"href":"https:\/\/redeportivamx.com\/index.php\/wp-json\/wp\/v2\/media\/44315"}],"wp:attachment":[{"href":"https:\/\/redeportivamx.com\/index.php\/wp-json\/wp\/v2\/media?parent=44311"}],"wp:term":[{"taxonomy":"category","embeddable":true,"href":"https:\/\/redeportivamx.com\/index.php\/wp-json\/wp\/v2\/categories?post=44311"},{"taxonomy":"post_tag","embeddable":true,"href":"https:\/\/redeportivamx.com\/index.php\/wp-json\/wp\/v2\/tags?post=44311"}],"curies":[{"name":"wp","href":"https:\/\/api.w.org\/{rel}","templated":true}]}}