{"id":43871,"date":"2024-12-13T05:51:39","date_gmt":"2024-12-13T05:51:39","guid":{"rendered":"https:\/\/redeportivamx.com\/?p=43871"},"modified":"2024-12-13T05:51:41","modified_gmt":"2024-12-13T05:51:41","slug":"cambindo-luis-jimenez-y-camilo-candido-bajas-confirmadas-de-cruz-azul-para-el-c25","status":"publish","type":"post","link":"https:\/\/redeportivamx.com\/index.php\/2024\/12\/13\/cambindo-luis-jimenez-y-camilo-candido-bajas-confirmadas-de-cruz-azul-para-el-c25\/","title":{"rendered":"Cambindo, Luis Jim\u00e9nez y Camilo C\u00e1ndido; bajas confirmadas de Cruz Azul para el C25"},"content":{"rendered":"\n<p class=\"wp-block-paragraph\">En el equipo de Cruz Azul buscan dejar atr\u00e1s la eliminaci\u00f3n en Semifinales por parte del Am\u00e9rica el pasado domingo, por lo que ha comenzado el sondeo de jugadores para afrontar el Clausura y la Concachampions Cup del pr\u00f3ximo a\u00f1o, aunque de igual manera las bajas empezaron en el cuadro celeste.<\/p>\n\n\n\n<p class=\"wp-block-paragraph\">La primera salida de la Noria ser\u00eda del colombiano Diber Cambindo, aunque el atacante ha estado con el conjunto del Necaxa desde el Clausura 2024 su pr\u00e9stamo con los rayos termina en este mes de diciembre, a pesar de ello el jugador no ser\u00eda tomado en cuenta por  Mart\u00edn Anselmi y la directiva estar\u00eda negociando con el conjunto de aguascalientes para que se quede de manera definitiva con los rojiblancos.<\/p>\n\n\n\n<p class=\"wp-block-paragraph\">Otra baja en Cruz Azul ser\u00eda parecida a la de Cambindo pero de manera inversa, ya que el equipo de Necaxa tendr\u00eda de regreso a su portero Luis Jim\u00e9nez que estuvo de pr\u00e9stamo por un a\u00f1o con los cementeros y solo pudo ver actividad con la sub23.<\/p>\n\n\n\n<p class=\"wp-block-paragraph\">La \u00faltima baja confirmada es la de Camilo C\u00e1ndido, el defensa izquierdo nunca pudo adaptarse al esquema del t\u00e9cnico Anselmi, por lo que a tan solo un a\u00f1o de haber llegado al conjunto de la m\u00e1quina saldr\u00eda para poder liberar una plaza de extranjero que ser\u00eda para la posible llegada de Facundo Torres con quien ya negocia la directiva azul.<\/p>\n","protected":false},"excerpt":{"rendered":"<p>En el equipo de Cruz Azul buscan dejar atr\u00e1s la eliminaci\u00f3n en Semifinales por parte del Am\u00e9rica el pasado domingo, por lo que ha comenzado el sondeo de jugadores para afrontar el Clausura y la Concachampions Cup del pr\u00f3ximo a\u00f1o, aunque de igual manera las bajas empezaron en el cuadro celeste. La primera salida de [&hellip;]<\/p>\n","protected":false},"author":21,"featured_media":43872,"comment_status":"open","ping_status":"open","sticky":false,"template":"","format":"standard","meta":{"_monsterinsights_skip_tracking":false,"_jetpack_newsletter_access":"","_jetpack_dont_email_post_to_subs":false,"_jetpack_newsletter_tier_id":0,"_jetpack_memberships_contains_paywalled_content":false,"_jetpack_feature_clip_id":0,"_jetpack_memberships_contains_paid_content":false,"footnotes":"","jetpack_post_was_ever_published":false},"categories":[10],"tags":[132,20,885],"class_list":["post-43871","post","type-post","status-publish","format-standard","has-post-thumbnail","hentry","category-liga-bbva-mx","tag-cruz-azul","tag-ligamx","tag-martin-anselmi"],"aioseo_notices":[],"aioseo_head":"\n\t\t<!-- All in One SEO 5.0.1.1 - aioseo.com -->\n\t<meta name=\"description\" content=\"En el equipo de Cruz Azul buscan dejar atr\u00e1s la eliminaci\u00f3n en Semifinales por parte del Am\u00e9rica el pasado domingo, por lo que ha comenzado el sondeo de jugadores para afrontar el Clausura y la Concachampions Cup del pr\u00f3ximo a\u00f1o, aunque de igual manera las bajas empezaron en el cuadro celeste. La primera salida de\" \/>\n\t<meta name=\"robots\" content=\"max-image-preview:large\" \/>\n\t<meta name=\"author\" content=\"Manuel Uranga\"\/>\n\t<link rel=\"canonical\" href=\"https:\/\/redeportivamx.com\/index.php\/2024\/12\/13\/cambindo-luis-jimenez-y-camilo-candido-bajas-confirmadas-de-cruz-azul-para-el-c25\/\" \/>\n\t<meta name=\"generator\" content=\"All in One SEO (AIOSEO) 5.0.1.1\" \/>\n\t\t<meta property=\"og:locale\" content=\"es_MX\" \/>\n\t\t<meta property=\"og:site_name\" content=\"Redeportiva MX - \u00a1Conectando tu pasi\u00f3n!\" \/>\n\t\t<meta property=\"og:type\" content=\"sport\" \/>\n\t\t<meta property=\"og:title\" content=\"Cambindo, Luis Jim\u00e9nez y Camilo C\u00e1ndido; bajas confirmadas de Cruz Azul para el C25 - Redeportiva MX\" \/>\n\t\t<meta property=\"og:description\" content=\"En el equipo de Cruz Azul buscan dejar atr\u00e1s la eliminaci\u00f3n en Semifinales por parte del Am\u00e9rica el pasado domingo, por lo que ha comenzado el sondeo de jugadores para afrontar el Clausura y la Concachampions Cup del pr\u00f3ximo a\u00f1o, aunque de igual manera las bajas empezaron en el cuadro celeste. La primera salida de\" \/>\n\t\t<meta property=\"og:url\" content=\"https:\/\/redeportivamx.com\/index.php\/2024\/12\/13\/cambindo-luis-jimenez-y-camilo-candido-bajas-confirmadas-de-cruz-azul-para-el-c25\/\" \/>\n\t\t<meta property=\"og:image\" content=\"https:\/\/redeportivamx.com\/wp-content\/uploads\/2024\/12\/cazz.jpg\" \/>\n\t\t<meta property=\"og:image:secure_url\" content=\"https:\/\/redeportivamx.com\/wp-content\/uploads\/2024\/12\/cazz.jpg\" \/>\n\t\t<meta property=\"og:image:width\" content=\"2048\" \/>\n\t\t<meta property=\"og:image:height\" content=\"1130\" \/>\n\t\t<meta name=\"twitter:card\" content=\"summary_large_image\" \/>\n\t\t<meta name=\"twitter:site\" content=\"@Redeportivamx\" \/>\n\t\t<meta name=\"twitter:title\" content=\"Cambindo, Luis Jim\u00e9nez y Camilo C\u00e1ndido; bajas confirmadas de Cruz Azul para el C25 - Redeportiva MX\" \/>\n\t\t<meta name=\"twitter:description\" content=\"En el equipo de Cruz Azul buscan dejar atr\u00e1s la eliminaci\u00f3n en Semifinales por parte del Am\u00e9rica el pasado domingo, por lo que ha comenzado el sondeo de jugadores para afrontar el Clausura y la Concachampions Cup del pr\u00f3ximo a\u00f1o, aunque de igual manera las bajas empezaron en el cuadro celeste. La primera salida de\" \/>\n\t\t<meta name=\"twitter:creator\" content=\"@Redeportivamx\" \/>\n\t\t<meta name=\"twitter:image\" content=\"https:\/\/redeportivamx.com\/wp-content\/uploads\/2024\/12\/cazz.jpg\" \/>\n\t\t<script type=\"application\/ld+json\" class=\"aioseo-schema\">\n\t\t\t{\"@context\":\"https:\\\/\\\/schema.org\",\"@graph\":[{\"@type\":\"BlogPosting\",\"@id\":\"https:\\\/\\\/redeportivamx.com\\\/index.php\\\/2024\\\/12\\\/13\\\/cambindo-luis-jimenez-y-camilo-candido-bajas-confirmadas-de-cruz-azul-para-el-c25\\\/#blogposting\",\"name\":\"Cambindo, Luis Jim\\u00e9nez y Camilo C\\u00e1ndido; bajas confirmadas de Cruz Azul para el C25 - Redeportiva MX\",\"headline\":\"Cambindo, Luis Jim\\u00e9nez y Camilo C\\u00e1ndido; bajas confirmadas de Cruz Azul para el C25\",\"author\":{\"@id\":\"https:\\\/\\\/redeportivamx.com\\\/index.php\\\/author\\\/manuel-uranga\\\/#author\"},\"publisher\":{\"@id\":\"https:\\\/\\\/redeportivamx.com\\\/#organization\"},\"image\":{\"@type\":\"ImageObject\",\"url\":\"https:\\\/\\\/redeportivamx.com\\\/wp-content\\\/uploads\\\/2024\\\/12\\\/cazz.jpg\",\"width\":2048,\"height\":1130},\"datePublished\":\"2024-12-13T05:51:39-06:00\",\"dateModified\":\"2024-12-13T05:51:41-06:00\",\"inLanguage\":\"es-MX\",\"mainEntityOfPage\":{\"@id\":\"https:\\\/\\\/redeportivamx.com\\\/index.php\\\/2024\\\/12\\\/13\\\/cambindo-luis-jimenez-y-camilo-candido-bajas-confirmadas-de-cruz-azul-para-el-c25\\\/#webpage\"},\"isPartOf\":{\"@id\":\"https:\\\/\\\/redeportivamx.com\\\/index.php\\\/2024\\\/12\\\/13\\\/cambindo-luis-jimenez-y-camilo-candido-bajas-confirmadas-de-cruz-azul-para-el-c25\\\/#webpage\"},\"articleSection\":\"Liga BBVA MX, Cruz Azul, LigaMX, Mart\\u00edn Anselmi\"},{\"@type\":\"BreadcrumbList\",\"@id\":\"https:\\\/\\\/redeportivamx.com\\\/index.php\\\/2024\\\/12\\\/13\\\/cambindo-luis-jimenez-y-camilo-candido-bajas-confirmadas-de-cruz-azul-para-el-c25\\\/#breadcrumblist\",\"itemListElement\":[{\"@type\":\"ListItem\",\"@id\":\"https:\\\/\\\/redeportivamx.com#listItem\",\"position\":1,\"name\":\"Home\",\"item\":\"https:\\\/\\\/redeportivamx.com\",\"nextItem\":{\"@type\":\"ListItem\",\"@id\":\"https:\\\/\\\/redeportivamx.com\\\/index.php\\\/category\\\/liga-bbva-mx\\\/#listItem\",\"name\":\"Liga BBVA MX\"}},{\"@type\":\"ListItem\",\"@id\":\"https:\\\/\\\/redeportivamx.com\\\/index.php\\\/category\\\/liga-bbva-mx\\\/#listItem\",\"position\":2,\"name\":\"Liga BBVA MX\",\"item\":\"https:\\\/\\\/redeportivamx.com\\\/index.php\\\/category\\\/liga-bbva-mx\\\/\",\"nextItem\":{\"@type\":\"ListItem\",\"@id\":\"https:\\\/\\\/redeportivamx.com\\\/index.php\\\/2024\\\/12\\\/13\\\/cambindo-luis-jimenez-y-camilo-candido-bajas-confirmadas-de-cruz-azul-para-el-c25\\\/#listItem\",\"name\":\"Cambindo, Luis Jim\\u00e9nez y Camilo C\\u00e1ndido; bajas confirmadas de Cruz Azul para el C25\"},\"previousItem\":{\"@type\":\"ListItem\",\"@id\":\"https:\\\/\\\/redeportivamx.com#listItem\",\"name\":\"Home\"}},{\"@type\":\"ListItem\",\"@id\":\"https:\\\/\\\/redeportivamx.com\\\/index.php\\\/2024\\\/12\\\/13\\\/cambindo-luis-jimenez-y-camilo-candido-bajas-confirmadas-de-cruz-azul-para-el-c25\\\/#listItem\",\"position\":3,\"name\":\"Cambindo, Luis Jim\\u00e9nez y Camilo C\\u00e1ndido; bajas confirmadas de Cruz Azul para el C25\",\"previousItem\":{\"@type\":\"ListItem\",\"@id\":\"https:\\\/\\\/redeportivamx.com\\\/index.php\\\/category\\\/liga-bbva-mx\\\/#listItem\",\"name\":\"Liga BBVA MX\"}}]},{\"@type\":\"Organization\",\"@id\":\"https:\\\/\\\/redeportivamx.com\\\/#organization\",\"name\":\"redeportivamx.com\",\"description\":\"\\u00a1Conectando tu pasi\\u00f3n!\",\"url\":\"https:\\\/\\\/redeportivamx.com\\\/\",\"sameAs\":[\"https:\\\/\\\/www.facebook.com\\\/profile.php?id=61565592572733\",\"https:\\\/\\\/x.com\\\/Redeportivamx?s=20\",\"https:\\\/\\\/www.instagram.com\\\/redeportivamx\\\/\",\"https:\\\/\\\/www.tiktok.com\\\/@redeportiva.mx\",\"https:\\\/\\\/www.youtube.com\\\/@Redeportiva-MX\"]},{\"@type\":\"Person\",\"@id\":\"https:\\\/\\\/redeportivamx.com\\\/index.php\\\/author\\\/manuel-uranga\\\/#author\",\"url\":\"https:\\\/\\\/redeportivamx.com\\\/index.php\\\/author\\\/manuel-uranga\\\/\",\"name\":\"Manuel Uranga\",\"image\":{\"@type\":\"ImageObject\",\"@id\":\"https:\\\/\\\/redeportivamx.com\\\/index.php\\\/2024\\\/12\\\/13\\\/cambindo-luis-jimenez-y-camilo-candido-bajas-confirmadas-de-cruz-azul-para-el-c25\\\/#authorImage\",\"url\":\"https:\\\/\\\/secure.gravatar.com\\\/avatar\\\/b25d111cffa0c92a2a207b402fbd19e41a40c20d0d5126b196ad20368121a034?s=96&d=mm&r=g\",\"width\":96,\"height\":96,\"caption\":\"Manuel Uranga\"}},{\"@type\":\"WebPage\",\"@id\":\"https:\\\/\\\/redeportivamx.com\\\/index.php\\\/2024\\\/12\\\/13\\\/cambindo-luis-jimenez-y-camilo-candido-bajas-confirmadas-de-cruz-azul-para-el-c25\\\/#webpage\",\"url\":\"https:\\\/\\\/redeportivamx.com\\\/index.php\\\/2024\\\/12\\\/13\\\/cambindo-luis-jimenez-y-camilo-candido-bajas-confirmadas-de-cruz-azul-para-el-c25\\\/\",\"name\":\"Cambindo, Luis Jim\\u00e9nez y Camilo C\\u00e1ndido; bajas confirmadas de Cruz Azul para el C25 - Redeportiva MX\",\"description\":\"En el equipo de Cruz Azul buscan dejar atr\\u00e1s la eliminaci\\u00f3n en Semifinales por parte del Am\\u00e9rica el pasado domingo, por lo que ha comenzado el sondeo de jugadores para afrontar el Clausura y la Concachampions Cup del pr\\u00f3ximo a\\u00f1o, aunque de igual manera las bajas empezaron en el cuadro celeste. La primera salida de\",\"inLanguage\":\"es-MX\",\"isPartOf\":{\"@id\":\"https:\\\/\\\/redeportivamx.com\\\/#website\"},\"breadcrumb\":{\"@id\":\"https:\\\/\\\/redeportivamx.com\\\/index.php\\\/2024\\\/12\\\/13\\\/cambindo-luis-jimenez-y-camilo-candido-bajas-confirmadas-de-cruz-azul-para-el-c25\\\/#breadcrumblist\"},\"author\":{\"@id\":\"https:\\\/\\\/redeportivamx.com\\\/index.php\\\/author\\\/manuel-uranga\\\/#author\"},\"creator\":{\"@id\":\"https:\\\/\\\/redeportivamx.com\\\/index.php\\\/author\\\/manuel-uranga\\\/#author\"},\"image\":{\"@type\":\"ImageObject\",\"url\":\"https:\\\/\\\/redeportivamx.com\\\/wp-content\\\/uploads\\\/2024\\\/12\\\/cazz.jpg\",\"@id\":\"https:\\\/\\\/redeportivamx.com\\\/index.php\\\/2024\\\/12\\\/13\\\/cambindo-luis-jimenez-y-camilo-candido-bajas-confirmadas-de-cruz-azul-para-el-c25\\\/#mainImage\",\"width\":2048,\"height\":1130},\"primaryImageOfPage\":{\"@id\":\"https:\\\/\\\/redeportivamx.com\\\/index.php\\\/2024\\\/12\\\/13\\\/cambindo-luis-jimenez-y-camilo-candido-bajas-confirmadas-de-cruz-azul-para-el-c25\\\/#mainImage\"},\"datePublished\":\"2024-12-13T05:51:39-06:00\",\"dateModified\":\"2024-12-13T05:51:41-06:00\"},{\"@type\":\"WebSite\",\"@id\":\"https:\\\/\\\/redeportivamx.com\\\/#website\",\"url\":\"https:\\\/\\\/redeportivamx.com\\\/\",\"name\":\"redeportivamx.com\",\"description\":\"\\u00a1Conectando tu pasi\\u00f3n!\",\"inLanguage\":\"es-MX\",\"publisher\":{\"@id\":\"https:\\\/\\\/redeportivamx.com\\\/#organization\"}}]}\n\t\t<\/script>\n\t\t<!-- All in One SEO -->\n\n","aioseo_head_json":{"title":"Cambindo, Luis Jim\u00e9nez y Camilo C\u00e1ndido; bajas confirmadas de Cruz Azul para el C25 - Redeportiva MX","description":"En el equipo de Cruz Azul buscan dejar atr\u00e1s la eliminaci\u00f3n en Semifinales por parte del Am\u00e9rica el pasado domingo, por lo que ha comenzado el sondeo de jugadores para afrontar el Clausura y la Concachampions Cup del pr\u00f3ximo a\u00f1o, aunque de igual manera las bajas empezaron en el cuadro celeste. La primera salida de","canonical_url":"https:\/\/redeportivamx.com\/index.php\/2024\/12\/13\/cambindo-luis-jimenez-y-camilo-candido-bajas-confirmadas-de-cruz-azul-para-el-c25\/","robots":"max-image-preview:large","keywords":"","webmasterTools":{"miscellaneous":""},"schema":{"@context":"https:\/\/schema.org","@graph":[{"@type":"BlogPosting","@id":"https:\/\/redeportivamx.com\/index.php\/2024\/12\/13\/cambindo-luis-jimenez-y-camilo-candido-bajas-confirmadas-de-cruz-azul-para-el-c25\/#blogposting","name":"Cambindo, Luis Jim\u00e9nez y Camilo C\u00e1ndido; bajas confirmadas de Cruz Azul para el C25 - Redeportiva MX","headline":"Cambindo, Luis Jim\u00e9nez y Camilo C\u00e1ndido; bajas confirmadas de Cruz Azul para el C25","author":{"@id":"https:\/\/redeportivamx.com\/index.php\/author\/manuel-uranga\/#author"},"publisher":{"@id":"https:\/\/redeportivamx.com\/#organization"},"image":{"@type":"ImageObject","url":"https:\/\/redeportivamx.com\/wp-content\/uploads\/2024\/12\/cazz.jpg","width":2048,"height":1130},"datePublished":"2024-12-13T05:51:39-06:00","dateModified":"2024-12-13T05:51:41-06:00","inLanguage":"es-MX","mainEntityOfPage":{"@id":"https:\/\/redeportivamx.com\/index.php\/2024\/12\/13\/cambindo-luis-jimenez-y-camilo-candido-bajas-confirmadas-de-cruz-azul-para-el-c25\/#webpage"},"isPartOf":{"@id":"https:\/\/redeportivamx.com\/index.php\/2024\/12\/13\/cambindo-luis-jimenez-y-camilo-candido-bajas-confirmadas-de-cruz-azul-para-el-c25\/#webpage"},"articleSection":"Liga BBVA MX, Cruz Azul, LigaMX, Mart\u00edn Anselmi"},{"@type":"BreadcrumbList","@id":"https:\/\/redeportivamx.com\/index.php\/2024\/12\/13\/cambindo-luis-jimenez-y-camilo-candido-bajas-confirmadas-de-cruz-azul-para-el-c25\/#breadcrumblist","itemListElement":[{"@type":"ListItem","@id":"https:\/\/redeportivamx.com#listItem","position":1,"name":"Home","item":"https:\/\/redeportivamx.com","nextItem":{"@type":"ListItem","@id":"https:\/\/redeportivamx.com\/index.php\/category\/liga-bbva-mx\/#listItem","name":"Liga BBVA MX"}},{"@type":"ListItem","@id":"https:\/\/redeportivamx.com\/index.php\/category\/liga-bbva-mx\/#listItem","position":2,"name":"Liga BBVA MX","item":"https:\/\/redeportivamx.com\/index.php\/category\/liga-bbva-mx\/","nextItem":{"@type":"ListItem","@id":"https:\/\/redeportivamx.com\/index.php\/2024\/12\/13\/cambindo-luis-jimenez-y-camilo-candido-bajas-confirmadas-de-cruz-azul-para-el-c25\/#listItem","name":"Cambindo, Luis Jim\u00e9nez y Camilo C\u00e1ndido; bajas confirmadas de Cruz Azul para el C25"},"previousItem":{"@type":"ListItem","@id":"https:\/\/redeportivamx.com#listItem","name":"Home"}},{"@type":"ListItem","@id":"https:\/\/redeportivamx.com\/index.php\/2024\/12\/13\/cambindo-luis-jimenez-y-camilo-candido-bajas-confirmadas-de-cruz-azul-para-el-c25\/#listItem","position":3,"name":"Cambindo, Luis Jim\u00e9nez y Camilo C\u00e1ndido; bajas confirmadas de Cruz Azul para el C25","previousItem":{"@type":"ListItem","@id":"https:\/\/redeportivamx.com\/index.php\/category\/liga-bbva-mx\/#listItem","name":"Liga BBVA MX"}}]},{"@type":"Organization","@id":"https:\/\/redeportivamx.com\/#organization","name":"redeportivamx.com","description":"\u00a1Conectando tu pasi\u00f3n!","url":"https:\/\/redeportivamx.com\/","sameAs":["https:\/\/www.facebook.com\/profile.php?id=61565592572733","https:\/\/x.com\/Redeportivamx?s=20","https:\/\/www.instagram.com\/redeportivamx\/","https:\/\/www.tiktok.com\/@redeportiva.mx","https:\/\/www.youtube.com\/@Redeportiva-MX"]},{"@type":"Person","@id":"https:\/\/redeportivamx.com\/index.php\/author\/manuel-uranga\/#author","url":"https:\/\/redeportivamx.com\/index.php\/author\/manuel-uranga\/","name":"Manuel Uranga","image":{"@type":"ImageObject","@id":"https:\/\/redeportivamx.com\/index.php\/2024\/12\/13\/cambindo-luis-jimenez-y-camilo-candido-bajas-confirmadas-de-cruz-azul-para-el-c25\/#authorImage","url":"https:\/\/secure.gravatar.com\/avatar\/b25d111cffa0c92a2a207b402fbd19e41a40c20d0d5126b196ad20368121a034?s=96&d=mm&r=g","width":96,"height":96,"caption":"Manuel Uranga"}},{"@type":"WebPage","@id":"https:\/\/redeportivamx.com\/index.php\/2024\/12\/13\/cambindo-luis-jimenez-y-camilo-candido-bajas-confirmadas-de-cruz-azul-para-el-c25\/#webpage","url":"https:\/\/redeportivamx.com\/index.php\/2024\/12\/13\/cambindo-luis-jimenez-y-camilo-candido-bajas-confirmadas-de-cruz-azul-para-el-c25\/","name":"Cambindo, Luis Jim\u00e9nez y Camilo C\u00e1ndido; bajas confirmadas de Cruz Azul para el C25 - Redeportiva MX","description":"En el equipo de Cruz Azul buscan dejar atr\u00e1s la eliminaci\u00f3n en Semifinales por parte del Am\u00e9rica el pasado domingo, por lo que ha comenzado el sondeo de jugadores para afrontar el Clausura y la Concachampions Cup del pr\u00f3ximo a\u00f1o, aunque de igual manera las bajas empezaron en el cuadro celeste. La primera salida de","inLanguage":"es-MX","isPartOf":{"@id":"https:\/\/redeportivamx.com\/#website"},"breadcrumb":{"@id":"https:\/\/redeportivamx.com\/index.php\/2024\/12\/13\/cambindo-luis-jimenez-y-camilo-candido-bajas-confirmadas-de-cruz-azul-para-el-c25\/#breadcrumblist"},"author":{"@id":"https:\/\/redeportivamx.com\/index.php\/author\/manuel-uranga\/#author"},"creator":{"@id":"https:\/\/redeportivamx.com\/index.php\/author\/manuel-uranga\/#author"},"image":{"@type":"ImageObject","url":"https:\/\/redeportivamx.com\/wp-content\/uploads\/2024\/12\/cazz.jpg","@id":"https:\/\/redeportivamx.com\/index.php\/2024\/12\/13\/cambindo-luis-jimenez-y-camilo-candido-bajas-confirmadas-de-cruz-azul-para-el-c25\/#mainImage","width":2048,"height":1130},"primaryImageOfPage":{"@id":"https:\/\/redeportivamx.com\/index.php\/2024\/12\/13\/cambindo-luis-jimenez-y-camilo-candido-bajas-confirmadas-de-cruz-azul-para-el-c25\/#mainImage"},"datePublished":"2024-12-13T05:51:39-06:00","dateModified":"2024-12-13T05:51:41-06:00"},{"@type":"WebSite","@id":"https:\/\/redeportivamx.com\/#website","url":"https:\/\/redeportivamx.com\/","name":"redeportivamx.com","description":"\u00a1Conectando tu pasi\u00f3n!","inLanguage":"es-MX","publisher":{"@id":"https:\/\/redeportivamx.com\/#organization"}}]},"og:locale":"es_MX","og:site_name":"Redeportiva MX - \u00a1Conectando tu pasi\u00f3n!","og:type":"sport","og:title":"Cambindo, Luis Jim\u00e9nez y Camilo C\u00e1ndido; bajas confirmadas de Cruz Azul para el C25 - Redeportiva MX","og:description":"En el equipo de Cruz Azul buscan dejar atr\u00e1s la eliminaci\u00f3n en Semifinales por parte del Am\u00e9rica el pasado domingo, por lo que ha comenzado el sondeo de jugadores para afrontar el Clausura y la Concachampions Cup del pr\u00f3ximo a\u00f1o, aunque de igual manera las bajas empezaron en el cuadro celeste. La primera salida de","og:url":"https:\/\/redeportivamx.com\/index.php\/2024\/12\/13\/cambindo-luis-jimenez-y-camilo-candido-bajas-confirmadas-de-cruz-azul-para-el-c25\/","og:image":"https:\/\/redeportivamx.com\/wp-content\/uploads\/2024\/12\/cazz.jpg","og:image:secure_url":"https:\/\/redeportivamx.com\/wp-content\/uploads\/2024\/12\/cazz.jpg","og:image:width":2048,"og:image:height":1130,"twitter:card":"summary_large_image","twitter:site":"@Redeportivamx","twitter:title":"Cambindo, Luis Jim\u00e9nez y Camilo C\u00e1ndido; bajas confirmadas de Cruz Azul para el C25 - Redeportiva MX","twitter:description":"En el equipo de Cruz Azul buscan dejar atr\u00e1s la eliminaci\u00f3n en Semifinales por parte del Am\u00e9rica el pasado domingo, por lo que ha comenzado el sondeo de jugadores para afrontar el Clausura y la Concachampions Cup del pr\u00f3ximo a\u00f1o, aunque de igual manera las bajas empezaron en el cuadro celeste. La primera salida de","twitter:creator":"@Redeportivamx","twitter:image":"https:\/\/redeportivamx.com\/wp-content\/uploads\/2024\/12\/cazz.jpg"},"aioseo_meta_data":{"post_id":"43871","title":null,"description":null,"keywords":null,"keyphrases":{"focus":{"keyphrase":"","score":0,"analysis":{"keyphraseInTitle":{"score":0,"maxScore":9,"error":1}}},"additional":[]},"primary_term":null,"canonical_url":null,"og_title":null,"og_description":null,"og_object_type":"default","og_image_type":"default","og_image_url":null,"og_image_width":null,"og_image_height":null,"og_image_custom_url":null,"og_image_custom_fields":null,"og_video":"","og_custom_url":null,"og_article_section":null,"og_article_tags":null,"twitter_use_og":false,"twitter_card":"default","twitter_image_type":"default","twitter_image_url":null,"twitter_image_custom_url":null,"twitter_image_custom_fields":null,"twitter_title":null,"twitter_description":null,"schema":{"blockGraphs":[],"customGraphs":[],"default":{"data":{"Article":[],"Course":[],"Dataset":[],"FAQPage":[],"Movie":[],"Person":[],"Product":[],"ProductReview":[],"Car":[],"Recipe":[],"Service":[],"SoftwareApplication":[],"WebPage":[]},"graphName":"BlogPosting","isEnabled":true},"graphs":[]},"schema_type":"default","schema_type_options":null,"pillar_content":false,"robots_default":true,"robots_noindex":false,"robots_noarchive":false,"robots_nosnippet":false,"robots_nofollow":false,"robots_noimageindex":false,"robots_noodp":false,"robots_notranslate":false,"robots_max_snippet":"-1","robots_max_videopreview":"-1","robots_max_imagepreview":"large","priority":null,"frequency":"default","local_seo":null,"breadcrumb_settings":null,"limit_modified_date":false,"ai":null,"created":"2024-12-13 05:51:41","updated":"2025-06-04 19:55:55","seo_analyzer_scan_date":null,"focus_keyword":null,"additional_keywords":null,"truseo_locale":null},"aioseo_breadcrumb":"<div class=\"aioseo-breadcrumbs\"><span class=\"aioseo-breadcrumb\">\n\t\t\t<a href=\"https:\/\/redeportivamx.com\" title=\"Home\">Home<\/a>\n\t\t<\/span><span class=\"aioseo-breadcrumb-separator\">&raquo;<\/span><span class=\"aioseo-breadcrumb\">\n\t\t\t<a href=\"https:\/\/redeportivamx.com\/index.php\/category\/liga-bbva-mx\/\" title=\"Liga BBVA MX\">Liga BBVA MX<\/a>\n\t\t<\/span><span class=\"aioseo-breadcrumb-separator\">&raquo;<\/span><span class=\"aioseo-breadcrumb\">\n\t\t\tCambindo, Luis Jim\u00e9nez y Camilo C\u00e1ndido; bajas confirmadas de Cruz Azul para el C25\n\t\t<\/span><\/div>","aioseo_breadcrumb_json":[{"label":"Home","link":"https:\/\/redeportivamx.com"},{"label":"Liga BBVA MX","link":"https:\/\/redeportivamx.com\/index.php\/category\/liga-bbva-mx\/"},{"label":"Cambindo, Luis Jim\u00e9nez y Camilo C\u00e1ndido; bajas confirmadas de Cruz Azul para el C25","link":"https:\/\/redeportivamx.com\/index.php\/2024\/12\/13\/cambindo-luis-jimenez-y-camilo-candido-bajas-confirmadas-de-cruz-azul-para-el-c25\/"}],"jetpack_sharing_enabled":true,"jetpack_featured_media_url":"https:\/\/redeportivamx.com\/wp-content\/uploads\/2024\/12\/cazz.jpg","_links":{"self":[{"href":"https:\/\/redeportivamx.com\/index.php\/wp-json\/wp\/v2\/posts\/43871","targetHints":{"allow":["GET"]}}],"collection":[{"href":"https:\/\/redeportivamx.com\/index.php\/wp-json\/wp\/v2\/posts"}],"about":[{"href":"https:\/\/redeportivamx.com\/index.php\/wp-json\/wp\/v2\/types\/post"}],"author":[{"embeddable":true,"href":"https:\/\/redeportivamx.com\/index.php\/wp-json\/wp\/v2\/users\/21"}],"replies":[{"embeddable":true,"href":"https:\/\/redeportivamx.com\/index.php\/wp-json\/wp\/v2\/comments?post=43871"}],"version-history":[{"count":1,"href":"https:\/\/redeportivamx.com\/index.php\/wp-json\/wp\/v2\/posts\/43871\/revisions"}],"predecessor-version":[{"id":43873,"href":"https:\/\/redeportivamx.com\/index.php\/wp-json\/wp\/v2\/posts\/43871\/revisions\/43873"}],"wp:featuredmedia":[{"embeddable":true,"href":"https:\/\/redeportivamx.com\/index.php\/wp-json\/wp\/v2\/media\/43872"}],"wp:attachment":[{"href":"https:\/\/redeportivamx.com\/index.php\/wp-json\/wp\/v2\/media?parent=43871"}],"wp:term":[{"taxonomy":"category","embeddable":true,"href":"https:\/\/redeportivamx.com\/index.php\/wp-json\/wp\/v2\/categories?post=43871"},{"taxonomy":"post_tag","embeddable":true,"href":"https:\/\/redeportivamx.com\/index.php\/wp-json\/wp\/v2\/tags?post=43871"}],"curies":[{"name":"wp","href":"https:\/\/api.w.org\/{rel}","templated":true}]}}