{"id":42981,"date":"2024-10-26T10:02:58","date_gmt":"2024-10-26T10:02:58","guid":{"rendered":"https:\/\/redeportivamx.com\/?p=42981"},"modified":"2024-10-26T10:03:00","modified_gmt":"2024-10-26T10:03:00","slug":"detienen-a-cuatro-por-campana-de-odio-contra-vinicius","status":"publish","type":"post","link":"https:\/\/redeportivamx.com\/index.php\/2024\/10\/26\/detienen-a-cuatro-por-campana-de-odio-contra-vinicius\/","title":{"rendered":"Detienen a cuatro por campa\u00f1a de odio contra Vinicius"},"content":{"rendered":"\n<p>El derbi madrile\u00f1o contin\u00faa dando de que hablar, pues no fue suficiente que el partido entre Real Madrid y Atl\u00e9tico de Madrid se detuviera por unos min\u00fatos, sino que las represalias van en aumento. Fueron cuatro los aficionados detenidos por comenzar campa\u00f1as de odio contra el delantero del Real Madrid, Vinicus Junior.<\/p>\n\n\n\n<p>Con el hashtag #metropolitanoconmascarilla, los aficionados colchoneros incitaban a los asistentes del partido a trav\u00e9s de redes sociales para portar pasamonta\u00f1as o mascarillas y no ser identificados en el Metropolitano. Fueron dos hombres de 27 a\u00f1os y dos de 24, de los cuales dos de ellos son abonados del Atl\u00e9tico.<\/p>\n\n\n\n<p>Vinicius ha sido objeto de m\u00faltiples casos de racismo, situaci\u00f3n ante la que \u00e9l mismo se ha pronunciado y ha atacado a la Federaci\u00f3n Espa\u00f1ola por su nulo accionar. Las averiguaciones contin\u00faan y no se descarta que aumente el n\u00famero de detenidos, incluso encarcelados, por los ataques al pr\u00f3ximo Bal\u00f3n de Oro.<\/p>\n\n\n\n<figure class=\"wp-block-embed is-type-rich is-provider-twitter wp-block-embed-twitter\"><div class=\"wp-block-embed__wrapper\">\n<blockquote class=\"twitter-tweet\" data-width=\"550\" data-dnt=\"true\"><p lang=\"es\" dir=\"ltr\">\u26bd\ud83d\udea8Luego se quejaran cuando digan que Espa\u00f1a es racista, ayer en Barcelona y hoy en el metropolitano, racismo contra vinicius jr\ud83d\udea8\u26bd <a href=\"https:\/\/t.co\/yW00EUmcLY\">pic.twitter.com\/yW00EUmcLY<\/a><\/p>&mdash; EL EMERITO (@1reyemerito) <a href=\"https:\/\/twitter.com\/1reyemerito\/status\/1768005449939288096?ref_src=twsrc%5Etfw\">March 13, 2024<\/a><\/blockquote><script async src=\"https:\/\/platform.twitter.com\/widgets.js\" charset=\"utf-8\"><\/script>\n<\/div><\/figure>\n","protected":false},"excerpt":{"rendered":"<p>El derbi madrile\u00f1o contin\u00faa dando de que hablar, pues no fue suficiente que el partido entre Real Madrid y Atl\u00e9tico de Madrid se detuviera por unos min\u00fatos, sino que las represalias van en aumento. Fueron cuatro los aficionados detenidos por comenzar campa\u00f1as de odio contra el delantero del Real Madrid, Vinicus Junior. Con el hashtag [&hellip;]<\/p>\n","protected":false},"author":13,"featured_media":42982,"comment_status":"open","ping_status":"open","sticky":false,"template":"","format":"standard","meta":{"_monsterinsights_skip_tracking":false,"_monsterinsights_sitenote_active":false,"_monsterinsights_sitenote_note":"","_monsterinsights_sitenote_category":0,"_jetpack_memberships_contains_paid_content":false,"footnotes":""},"categories":[12],"tags":[375,158,140,106,409],"class_list":["post-42981","post","type-post","status-publish","format-standard","has-post-thumbnail","hentry","category-futbol-internacional","tag-atletico-de-madrid","tag-la-liga","tag-real-madrid","tag-rfef","tag-vinicius"],"aioseo_notices":[],"jetpack_featured_media_url":"https:\/\/redeportivamx.com\/wp-content\/uploads\/2024\/10\/IMG_7805.jpeg","jetpack_sharing_enabled":true,"_links":{"self":[{"href":"https:\/\/redeportivamx.com\/index.php\/wp-json\/wp\/v2\/posts\/42981","targetHints":{"allow":["GET"]}}],"collection":[{"href":"https:\/\/redeportivamx.com\/index.php\/wp-json\/wp\/v2\/posts"}],"about":[{"href":"https:\/\/redeportivamx.com\/index.php\/wp-json\/wp\/v2\/types\/post"}],"author":[{"embeddable":true,"href":"https:\/\/redeportivamx.com\/index.php\/wp-json\/wp\/v2\/users\/13"}],"replies":[{"embeddable":true,"href":"https:\/\/redeportivamx.com\/index.php\/wp-json\/wp\/v2\/comments?post=42981"}],"version-history":[{"count":1,"href":"https:\/\/redeportivamx.com\/index.php\/wp-json\/wp\/v2\/posts\/42981\/revisions"}],"predecessor-version":[{"id":42983,"href":"https:\/\/redeportivamx.com\/index.php\/wp-json\/wp\/v2\/posts\/42981\/revisions\/42983"}],"wp:featuredmedia":[{"embeddable":true,"href":"https:\/\/redeportivamx.com\/index.php\/wp-json\/wp\/v2\/media\/42982"}],"wp:attachment":[{"href":"https:\/\/redeportivamx.com\/index.php\/wp-json\/wp\/v2\/media?parent=42981"}],"wp:term":[{"taxonomy":"category","embeddable":true,"href":"https:\/\/redeportivamx.com\/index.php\/wp-json\/wp\/v2\/categories?post=42981"},{"taxonomy":"post_tag","embeddable":true,"href":"https:\/\/redeportivamx.com\/index.php\/wp-json\/wp\/v2\/tags?post=42981"}],"curies":[{"name":"wp","href":"https:\/\/api.w.org\/{rel}","templated":true}]}}