{"id":42738,"date":"2024-10-13T04:32:08","date_gmt":"2024-10-13T04:32:08","guid":{"rendered":"https:\/\/redeportivamx.com\/?p=42738"},"modified":"2024-10-13T04:32:10","modified_gmt":"2024-10-13T04:32:10","slug":"club-america-108-anos-de-grandeza","status":"publish","type":"post","link":"https:\/\/redeportivamx.com\/index.php\/2024\/10\/13\/club-america-108-anos-de-grandeza\/","title":{"rendered":"Club Am\u00e9rica, 108 a\u00f1os de grandeza"},"content":{"rendered":"\n<p class=\"wp-block-paragraph\">Las \u00c1guilas del Am\u00e9rica celebraron su aniversario 108 en las inmediaciones de Coapa, su nido. Con el t\u00e9cnico del cuadro Andr\u00e9 Jardine, el t\u00e9cnico del femenil Angel Villacampa y el capit\u00e1n Henry &#8216;La Bomba&#8217; Mart\u00edn, los azulcremas compartieron sus ya tradicionales cupcakes de cumplea\u00f1os junto con algunos aficionados y sobre todo, aquellos trabajadores de sus instalaciones que hacen posible que todo funcione a la perfecci\u00f3n, como los jardineros.<\/p>\n\n\n\n<p class=\"wp-block-paragraph\">Rafael Garza Guti\u00e9rrez\u00a0y su primo\u00a0,Germ\u00e1n N\u00fa\u00f1ez Cortina\u00a0se encontraban estudiando en el\u00a0Colegio Mascarones cuando tuvieron la idea de crear un equipo con los mejores jugadores de su escuela. Entre estos estudiantes, uno lleg\u00f3 vestido con una playera color crema, un pantal\u00f3n azul marino recortado y unas calcetas azul marino. Algo que empez\u00f3 como un juego de amigos, se termin\u00f3 por convertir en historia.<\/p>\n\n\n\n<p class=\"wp-block-paragraph\">Tras las celebraciones, la escuadra varonil viaj\u00f3 a Houston para su partido amistoso contra las Chivas de Guadalajara en el NRG Stadium, mientras que el equipo femenil aplast\u00f3 5-0 a las Tuzas en el Estadio Ciudad de los Deportes, \u00bfqu\u00e9 mejor celebraci\u00f3n, que una goleada de aniversario?<\/p>\n\n\n\n<figure class=\"wp-block-embed is-type-rich is-provider-twitter wp-block-embed-twitter\"><div class=\"wp-block-embed__wrapper\">\n<blockquote class=\"twitter-tweet\" data-width=\"550\" data-dnt=\"true\"><p lang=\"es\" dir=\"ltr\">En uni\u00f3n, 108 a\u00f1os llenos de orgullo color Azulcrema \ud83d\udc99\ud83d\udc9b<a href=\"https:\/\/twitter.com\/hashtag\/GrandesDeCoraz%C3%B3n?src=hash&amp;ref_src=twsrc%5Etfw\">#GrandesDeCoraz\u00f3n<\/a> <a href=\"https:\/\/t.co\/OhxucQq9Gq\">pic.twitter.com\/OhxucQq9Gq<\/a><\/p>&mdash; Club Am\u00e9rica (@ClubAmerica) <a href=\"https:\/\/twitter.com\/ClubAmerica\/status\/1844860779809378369?ref_src=twsrc%5Etfw\">October 11, 2024<\/a><\/blockquote><script async src=\"https:\/\/platform.twitter.com\/widgets.js\" charset=\"utf-8\"><\/script>\n<\/div><\/figure>\n","protected":false},"excerpt":{"rendered":"<p>Las \u00c1guilas del Am\u00e9rica celebraron su aniversario 108 en las inmediaciones de Coapa, su nido. Con el t\u00e9cnico del cuadro Andr\u00e9 Jardine, el t\u00e9cnico del femenil Angel Villacampa y el capit\u00e1n Henry &#8216;La Bomba&#8217; Mart\u00edn, los azulcremas compartieron sus ya tradicionales cupcakes de cumplea\u00f1os junto con algunos aficionados y sobre todo, aquellos trabajadores de sus [&hellip;]<\/p>\n","protected":false},"author":13,"featured_media":42740,"comment_status":"open","ping_status":"open","sticky":false,"template":"","format":"standard","meta":{"_monsterinsights_skip_tracking":false,"_jetpack_newsletter_access":"","_jetpack_dont_email_post_to_subs":false,"_jetpack_newsletter_tier_id":0,"_jetpack_memberships_contains_paywalled_content":false,"_jetpack_feature_clip_id":0,"_jetpack_memberships_contains_paid_content":false,"footnotes":"","jetpack_post_was_ever_published":false},"categories":[10],"tags":[123,1386,665,522,20],"class_list":["post-42738","post","type-post","status-publish","format-standard","has-post-thumbnail","hentry","category-liga-bbva-mx","tag-america","tag-america-femenil","tag-andre-jardine","tag-henry-martin","tag-ligamx"],"aioseo_notices":[],"aioseo_head":"\n\t\t<!-- All in One SEO 5.0.1.1 - aioseo.com -->\n\t<meta name=\"description\" content=\"Las \u00c1guilas del Am\u00e9rica celebraron su aniversario 108 en las inmediaciones de Coapa, su nido. Con el t\u00e9cnico del cuadro Andr\u00e9 Jardine, el t\u00e9cnico del femenil Angel Villacampa y el capit\u00e1n Henry &#039;La Bomba&#039; Mart\u00edn, los azulcremas compartieron sus ya tradicionales cupcakes de cumplea\u00f1os junto con algunos aficionados y sobre todo, aquellos trabajadores de sus\" \/>\n\t<meta name=\"robots\" content=\"max-image-preview:large\" \/>\n\t<meta name=\"author\" content=\"Ivan Emeterio Araujo\"\/>\n\t<link rel=\"canonical\" href=\"https:\/\/redeportivamx.com\/index.php\/2024\/10\/13\/club-america-108-anos-de-grandeza\/\" \/>\n\t<meta name=\"generator\" content=\"All in One SEO (AIOSEO) 5.0.1.1\" \/>\n\t\t<meta property=\"og:locale\" content=\"es_MX\" \/>\n\t\t<meta property=\"og:site_name\" content=\"Redeportiva MX - \u00a1Conectando tu pasi\u00f3n!\" \/>\n\t\t<meta property=\"og:type\" content=\"sport\" \/>\n\t\t<meta property=\"og:title\" content=\"Club Am\u00e9rica, 108 a\u00f1os de grandeza - Redeportiva MX\" \/>\n\t\t<meta property=\"og:description\" content=\"Las \u00c1guilas del Am\u00e9rica celebraron su aniversario 108 en las inmediaciones de Coapa, su nido. Con el t\u00e9cnico del cuadro Andr\u00e9 Jardine, el t\u00e9cnico del femenil Angel Villacampa y el capit\u00e1n Henry &#039;La Bomba&#039; Mart\u00edn, los azulcremas compartieron sus ya tradicionales cupcakes de cumplea\u00f1os junto con algunos aficionados y sobre todo, aquellos trabajadores de sus\" \/>\n\t\t<meta property=\"og:url\" content=\"https:\/\/redeportivamx.com\/index.php\/2024\/10\/13\/club-america-108-anos-de-grandeza\/\" \/>\n\t\t<meta property=\"og:image\" content=\"https:\/\/redeportivamx.com\/wp-content\/uploads\/2024\/10\/IMG_7302-scaled.jpeg\" \/>\n\t\t<meta property=\"og:image:secure_url\" content=\"https:\/\/redeportivamx.com\/wp-content\/uploads\/2024\/10\/IMG_7302-scaled.jpeg\" \/>\n\t\t<meta property=\"og:image:width\" content=\"2560\" \/>\n\t\t<meta property=\"og:image:height\" content=\"1569\" \/>\n\t\t<meta name=\"twitter:card\" content=\"summary_large_image\" \/>\n\t\t<meta name=\"twitter:site\" content=\"@Redeportivamx\" \/>\n\t\t<meta name=\"twitter:title\" content=\"Club Am\u00e9rica, 108 a\u00f1os de grandeza - Redeportiva MX\" \/>\n\t\t<meta name=\"twitter:description\" content=\"Las \u00c1guilas del Am\u00e9rica celebraron su aniversario 108 en las inmediaciones de Coapa, su nido. Con el t\u00e9cnico del cuadro Andr\u00e9 Jardine, el t\u00e9cnico del femenil Angel Villacampa y el capit\u00e1n Henry &#039;La Bomba&#039; Mart\u00edn, los azulcremas compartieron sus ya tradicionales cupcakes de cumplea\u00f1os junto con algunos aficionados y sobre todo, aquellos trabajadores de sus\" \/>\n\t\t<meta name=\"twitter:creator\" content=\"@Redeportivamx\" \/>\n\t\t<meta name=\"twitter:image\" content=\"https:\/\/redeportivamx.com\/wp-content\/uploads\/2024\/10\/IMG_7302-scaled.jpeg\" \/>\n\t\t<script type=\"application\/ld+json\" class=\"aioseo-schema\">\n\t\t\t{\"@context\":\"https:\\\/\\\/schema.org\",\"@graph\":[{\"@type\":\"BlogPosting\",\"@id\":\"https:\\\/\\\/redeportivamx.com\\\/index.php\\\/2024\\\/10\\\/13\\\/club-america-108-anos-de-grandeza\\\/#blogposting\",\"name\":\"Club Am\\u00e9rica, 108 a\\u00f1os de grandeza - Redeportiva MX\",\"headline\":\"Club Am\\u00e9rica, 108 a\\u00f1os de grandeza\",\"author\":{\"@id\":\"https:\\\/\\\/redeportivamx.com\\\/index.php\\\/author\\\/ivan-emeterio-araujo\\\/#author\"},\"publisher\":{\"@id\":\"https:\\\/\\\/redeportivamx.com\\\/#organization\"},\"image\":{\"@type\":\"ImageObject\",\"url\":\"https:\\\/\\\/redeportivamx.com\\\/wp-content\\\/uploads\\\/2024\\\/10\\\/IMG_7302-scaled.jpeg\",\"width\":2560,\"height\":1569},\"datePublished\":\"2024-10-13T04:32:08-06:00\",\"dateModified\":\"2024-10-13T04:32:10-06:00\",\"inLanguage\":\"es-MX\",\"mainEntityOfPage\":{\"@id\":\"https:\\\/\\\/redeportivamx.com\\\/index.php\\\/2024\\\/10\\\/13\\\/club-america-108-anos-de-grandeza\\\/#webpage\"},\"isPartOf\":{\"@id\":\"https:\\\/\\\/redeportivamx.com\\\/index.php\\\/2024\\\/10\\\/13\\\/club-america-108-anos-de-grandeza\\\/#webpage\"},\"articleSection\":\"Liga BBVA MX, Am\\u00e9rica, am\\u00e9rica femenil, Andr\\u00e9 Jardine, Henry Mart\\u00edn, LigaMX\"},{\"@type\":\"BreadcrumbList\",\"@id\":\"https:\\\/\\\/redeportivamx.com\\\/index.php\\\/2024\\\/10\\\/13\\\/club-america-108-anos-de-grandeza\\\/#breadcrumblist\",\"itemListElement\":[{\"@type\":\"ListItem\",\"@id\":\"https:\\\/\\\/redeportivamx.com#listItem\",\"position\":1,\"name\":\"Home\",\"item\":\"https:\\\/\\\/redeportivamx.com\",\"nextItem\":{\"@type\":\"ListItem\",\"@id\":\"https:\\\/\\\/redeportivamx.com\\\/index.php\\\/category\\\/liga-bbva-mx\\\/#listItem\",\"name\":\"Liga BBVA MX\"}},{\"@type\":\"ListItem\",\"@id\":\"https:\\\/\\\/redeportivamx.com\\\/index.php\\\/category\\\/liga-bbva-mx\\\/#listItem\",\"position\":2,\"name\":\"Liga BBVA MX\",\"item\":\"https:\\\/\\\/redeportivamx.com\\\/index.php\\\/category\\\/liga-bbva-mx\\\/\",\"nextItem\":{\"@type\":\"ListItem\",\"@id\":\"https:\\\/\\\/redeportivamx.com\\\/index.php\\\/2024\\\/10\\\/13\\\/club-america-108-anos-de-grandeza\\\/#listItem\",\"name\":\"Club Am\\u00e9rica, 108 a\\u00f1os de grandeza\"},\"previousItem\":{\"@type\":\"ListItem\",\"@id\":\"https:\\\/\\\/redeportivamx.com#listItem\",\"name\":\"Home\"}},{\"@type\":\"ListItem\",\"@id\":\"https:\\\/\\\/redeportivamx.com\\\/index.php\\\/2024\\\/10\\\/13\\\/club-america-108-anos-de-grandeza\\\/#listItem\",\"position\":3,\"name\":\"Club Am\\u00e9rica, 108 a\\u00f1os de grandeza\",\"previousItem\":{\"@type\":\"ListItem\",\"@id\":\"https:\\\/\\\/redeportivamx.com\\\/index.php\\\/category\\\/liga-bbva-mx\\\/#listItem\",\"name\":\"Liga BBVA MX\"}}]},{\"@type\":\"Organization\",\"@id\":\"https:\\\/\\\/redeportivamx.com\\\/#organization\",\"name\":\"redeportivamx.com\",\"description\":\"\\u00a1Conectando tu pasi\\u00f3n!\",\"url\":\"https:\\\/\\\/redeportivamx.com\\\/\",\"sameAs\":[\"https:\\\/\\\/www.facebook.com\\\/profile.php?id=61565592572733\",\"https:\\\/\\\/x.com\\\/Redeportivamx?s=20\",\"https:\\\/\\\/www.instagram.com\\\/redeportivamx\\\/\",\"https:\\\/\\\/www.tiktok.com\\\/@redeportiva.mx\",\"https:\\\/\\\/www.youtube.com\\\/@Redeportiva-MX\"]},{\"@type\":\"Person\",\"@id\":\"https:\\\/\\\/redeportivamx.com\\\/index.php\\\/author\\\/ivan-emeterio-araujo\\\/#author\",\"url\":\"https:\\\/\\\/redeportivamx.com\\\/index.php\\\/author\\\/ivan-emeterio-araujo\\\/\",\"name\":\"Ivan Emeterio Araujo\",\"image\":{\"@type\":\"ImageObject\",\"@id\":\"https:\\\/\\\/redeportivamx.com\\\/index.php\\\/2024\\\/10\\\/13\\\/club-america-108-anos-de-grandeza\\\/#authorImage\",\"url\":\"https:\\\/\\\/secure.gravatar.com\\\/avatar\\\/fa60642a347d5468bebaa7a8b887fbc0636bcc6af75b03cecafc68c651d71b42?s=96&d=mm&r=g\",\"width\":96,\"height\":96,\"caption\":\"Ivan Emeterio Araujo\"}},{\"@type\":\"WebPage\",\"@id\":\"https:\\\/\\\/redeportivamx.com\\\/index.php\\\/2024\\\/10\\\/13\\\/club-america-108-anos-de-grandeza\\\/#webpage\",\"url\":\"https:\\\/\\\/redeportivamx.com\\\/index.php\\\/2024\\\/10\\\/13\\\/club-america-108-anos-de-grandeza\\\/\",\"name\":\"Club Am\\u00e9rica, 108 a\\u00f1os de grandeza - Redeportiva MX\",\"description\":\"Las \\u00c1guilas del Am\\u00e9rica celebraron su aniversario 108 en las inmediaciones de Coapa, su nido. Con el t\\u00e9cnico del cuadro Andr\\u00e9 Jardine, el t\\u00e9cnico del femenil Angel Villacampa y el capit\\u00e1n Henry 'La Bomba' Mart\\u00edn, los azulcremas compartieron sus ya tradicionales cupcakes de cumplea\\u00f1os junto con algunos aficionados y sobre todo, aquellos trabajadores de sus\",\"inLanguage\":\"es-MX\",\"isPartOf\":{\"@id\":\"https:\\\/\\\/redeportivamx.com\\\/#website\"},\"breadcrumb\":{\"@id\":\"https:\\\/\\\/redeportivamx.com\\\/index.php\\\/2024\\\/10\\\/13\\\/club-america-108-anos-de-grandeza\\\/#breadcrumblist\"},\"author\":{\"@id\":\"https:\\\/\\\/redeportivamx.com\\\/index.php\\\/author\\\/ivan-emeterio-araujo\\\/#author\"},\"creator\":{\"@id\":\"https:\\\/\\\/redeportivamx.com\\\/index.php\\\/author\\\/ivan-emeterio-araujo\\\/#author\"},\"image\":{\"@type\":\"ImageObject\",\"url\":\"https:\\\/\\\/redeportivamx.com\\\/wp-content\\\/uploads\\\/2024\\\/10\\\/IMG_7302-scaled.jpeg\",\"@id\":\"https:\\\/\\\/redeportivamx.com\\\/index.php\\\/2024\\\/10\\\/13\\\/club-america-108-anos-de-grandeza\\\/#mainImage\",\"width\":2560,\"height\":1569},\"primaryImageOfPage\":{\"@id\":\"https:\\\/\\\/redeportivamx.com\\\/index.php\\\/2024\\\/10\\\/13\\\/club-america-108-anos-de-grandeza\\\/#mainImage\"},\"datePublished\":\"2024-10-13T04:32:08-06:00\",\"dateModified\":\"2024-10-13T04:32:10-06:00\"},{\"@type\":\"WebSite\",\"@id\":\"https:\\\/\\\/redeportivamx.com\\\/#website\",\"url\":\"https:\\\/\\\/redeportivamx.com\\\/\",\"name\":\"redeportivamx.com\",\"description\":\"\\u00a1Conectando tu pasi\\u00f3n!\",\"inLanguage\":\"es-MX\",\"publisher\":{\"@id\":\"https:\\\/\\\/redeportivamx.com\\\/#organization\"}}]}\n\t\t<\/script>\n\t\t<!-- All in One SEO -->\n\n","aioseo_head_json":{"title":"Club Am\u00e9rica, 108 a\u00f1os de grandeza - Redeportiva MX","description":"Las \u00c1guilas del Am\u00e9rica celebraron su aniversario 108 en las inmediaciones de Coapa, su nido. Con el t\u00e9cnico del cuadro Andr\u00e9 Jardine, el t\u00e9cnico del femenil Angel Villacampa y el capit\u00e1n Henry 'La Bomba' Mart\u00edn, los azulcremas compartieron sus ya tradicionales cupcakes de cumplea\u00f1os junto con algunos aficionados y sobre todo, aquellos trabajadores de sus","canonical_url":"https:\/\/redeportivamx.com\/index.php\/2024\/10\/13\/club-america-108-anos-de-grandeza\/","robots":"max-image-preview:large","keywords":"","webmasterTools":{"miscellaneous":""},"schema":{"@context":"https:\/\/schema.org","@graph":[{"@type":"BlogPosting","@id":"https:\/\/redeportivamx.com\/index.php\/2024\/10\/13\/club-america-108-anos-de-grandeza\/#blogposting","name":"Club Am\u00e9rica, 108 a\u00f1os de grandeza - Redeportiva MX","headline":"Club Am\u00e9rica, 108 a\u00f1os de grandeza","author":{"@id":"https:\/\/redeportivamx.com\/index.php\/author\/ivan-emeterio-araujo\/#author"},"publisher":{"@id":"https:\/\/redeportivamx.com\/#organization"},"image":{"@type":"ImageObject","url":"https:\/\/redeportivamx.com\/wp-content\/uploads\/2024\/10\/IMG_7302-scaled.jpeg","width":2560,"height":1569},"datePublished":"2024-10-13T04:32:08-06:00","dateModified":"2024-10-13T04:32:10-06:00","inLanguage":"es-MX","mainEntityOfPage":{"@id":"https:\/\/redeportivamx.com\/index.php\/2024\/10\/13\/club-america-108-anos-de-grandeza\/#webpage"},"isPartOf":{"@id":"https:\/\/redeportivamx.com\/index.php\/2024\/10\/13\/club-america-108-anos-de-grandeza\/#webpage"},"articleSection":"Liga BBVA MX, Am\u00e9rica, am\u00e9rica femenil, Andr\u00e9 Jardine, Henry Mart\u00edn, LigaMX"},{"@type":"BreadcrumbList","@id":"https:\/\/redeportivamx.com\/index.php\/2024\/10\/13\/club-america-108-anos-de-grandeza\/#breadcrumblist","itemListElement":[{"@type":"ListItem","@id":"https:\/\/redeportivamx.com#listItem","position":1,"name":"Home","item":"https:\/\/redeportivamx.com","nextItem":{"@type":"ListItem","@id":"https:\/\/redeportivamx.com\/index.php\/category\/liga-bbva-mx\/#listItem","name":"Liga BBVA MX"}},{"@type":"ListItem","@id":"https:\/\/redeportivamx.com\/index.php\/category\/liga-bbva-mx\/#listItem","position":2,"name":"Liga BBVA MX","item":"https:\/\/redeportivamx.com\/index.php\/category\/liga-bbva-mx\/","nextItem":{"@type":"ListItem","@id":"https:\/\/redeportivamx.com\/index.php\/2024\/10\/13\/club-america-108-anos-de-grandeza\/#listItem","name":"Club Am\u00e9rica, 108 a\u00f1os de grandeza"},"previousItem":{"@type":"ListItem","@id":"https:\/\/redeportivamx.com#listItem","name":"Home"}},{"@type":"ListItem","@id":"https:\/\/redeportivamx.com\/index.php\/2024\/10\/13\/club-america-108-anos-de-grandeza\/#listItem","position":3,"name":"Club Am\u00e9rica, 108 a\u00f1os de grandeza","previousItem":{"@type":"ListItem","@id":"https:\/\/redeportivamx.com\/index.php\/category\/liga-bbva-mx\/#listItem","name":"Liga BBVA MX"}}]},{"@type":"Organization","@id":"https:\/\/redeportivamx.com\/#organization","name":"redeportivamx.com","description":"\u00a1Conectando tu pasi\u00f3n!","url":"https:\/\/redeportivamx.com\/","sameAs":["https:\/\/www.facebook.com\/profile.php?id=61565592572733","https:\/\/x.com\/Redeportivamx?s=20","https:\/\/www.instagram.com\/redeportivamx\/","https:\/\/www.tiktok.com\/@redeportiva.mx","https:\/\/www.youtube.com\/@Redeportiva-MX"]},{"@type":"Person","@id":"https:\/\/redeportivamx.com\/index.php\/author\/ivan-emeterio-araujo\/#author","url":"https:\/\/redeportivamx.com\/index.php\/author\/ivan-emeterio-araujo\/","name":"Ivan Emeterio Araujo","image":{"@type":"ImageObject","@id":"https:\/\/redeportivamx.com\/index.php\/2024\/10\/13\/club-america-108-anos-de-grandeza\/#authorImage","url":"https:\/\/secure.gravatar.com\/avatar\/fa60642a347d5468bebaa7a8b887fbc0636bcc6af75b03cecafc68c651d71b42?s=96&d=mm&r=g","width":96,"height":96,"caption":"Ivan Emeterio Araujo"}},{"@type":"WebPage","@id":"https:\/\/redeportivamx.com\/index.php\/2024\/10\/13\/club-america-108-anos-de-grandeza\/#webpage","url":"https:\/\/redeportivamx.com\/index.php\/2024\/10\/13\/club-america-108-anos-de-grandeza\/","name":"Club Am\u00e9rica, 108 a\u00f1os de grandeza - Redeportiva MX","description":"Las \u00c1guilas del Am\u00e9rica celebraron su aniversario 108 en las inmediaciones de Coapa, su nido. Con el t\u00e9cnico del cuadro Andr\u00e9 Jardine, el t\u00e9cnico del femenil Angel Villacampa y el capit\u00e1n Henry 'La Bomba' Mart\u00edn, los azulcremas compartieron sus ya tradicionales cupcakes de cumplea\u00f1os junto con algunos aficionados y sobre todo, aquellos trabajadores de sus","inLanguage":"es-MX","isPartOf":{"@id":"https:\/\/redeportivamx.com\/#website"},"breadcrumb":{"@id":"https:\/\/redeportivamx.com\/index.php\/2024\/10\/13\/club-america-108-anos-de-grandeza\/#breadcrumblist"},"author":{"@id":"https:\/\/redeportivamx.com\/index.php\/author\/ivan-emeterio-araujo\/#author"},"creator":{"@id":"https:\/\/redeportivamx.com\/index.php\/author\/ivan-emeterio-araujo\/#author"},"image":{"@type":"ImageObject","url":"https:\/\/redeportivamx.com\/wp-content\/uploads\/2024\/10\/IMG_7302-scaled.jpeg","@id":"https:\/\/redeportivamx.com\/index.php\/2024\/10\/13\/club-america-108-anos-de-grandeza\/#mainImage","width":2560,"height":1569},"primaryImageOfPage":{"@id":"https:\/\/redeportivamx.com\/index.php\/2024\/10\/13\/club-america-108-anos-de-grandeza\/#mainImage"},"datePublished":"2024-10-13T04:32:08-06:00","dateModified":"2024-10-13T04:32:10-06:00"},{"@type":"WebSite","@id":"https:\/\/redeportivamx.com\/#website","url":"https:\/\/redeportivamx.com\/","name":"redeportivamx.com","description":"\u00a1Conectando tu pasi\u00f3n!","inLanguage":"es-MX","publisher":{"@id":"https:\/\/redeportivamx.com\/#organization"}}]},"og:locale":"es_MX","og:site_name":"Redeportiva MX - \u00a1Conectando tu pasi\u00f3n!","og:type":"sport","og:title":"Club Am\u00e9rica, 108 a\u00f1os de grandeza - Redeportiva MX","og:description":"Las \u00c1guilas del Am\u00e9rica celebraron su aniversario 108 en las inmediaciones de Coapa, su nido. Con el t\u00e9cnico del cuadro Andr\u00e9 Jardine, el t\u00e9cnico del femenil Angel Villacampa y el capit\u00e1n Henry 'La Bomba' Mart\u00edn, los azulcremas compartieron sus ya tradicionales cupcakes de cumplea\u00f1os junto con algunos aficionados y sobre todo, aquellos trabajadores de sus","og:url":"https:\/\/redeportivamx.com\/index.php\/2024\/10\/13\/club-america-108-anos-de-grandeza\/","og:image":"https:\/\/redeportivamx.com\/wp-content\/uploads\/2024\/10\/IMG_7302-scaled.jpeg","og:image:secure_url":"https:\/\/redeportivamx.com\/wp-content\/uploads\/2024\/10\/IMG_7302-scaled.jpeg","og:image:width":2560,"og:image:height":1569,"twitter:card":"summary_large_image","twitter:site":"@Redeportivamx","twitter:title":"Club Am\u00e9rica, 108 a\u00f1os de grandeza - Redeportiva MX","twitter:description":"Las \u00c1guilas del Am\u00e9rica celebraron su aniversario 108 en las inmediaciones de Coapa, su nido. Con el t\u00e9cnico del cuadro Andr\u00e9 Jardine, el t\u00e9cnico del femenil Angel Villacampa y el capit\u00e1n Henry 'La Bomba' Mart\u00edn, los azulcremas compartieron sus ya tradicionales cupcakes de cumplea\u00f1os junto con algunos aficionados y sobre todo, aquellos trabajadores de sus","twitter:creator":"@Redeportivamx","twitter:image":"https:\/\/redeportivamx.com\/wp-content\/uploads\/2024\/10\/IMG_7302-scaled.jpeg"},"aioseo_meta_data":{"post_id":"42738","title":null,"description":null,"keywords":null,"keyphrases":{"focus":{"keyphrase":"","score":0,"analysis":{"keyphraseInTitle":{"score":0,"maxScore":9,"error":1}}},"additional":[]},"primary_term":null,"canonical_url":null,"og_title":null,"og_description":null,"og_object_type":"default","og_image_type":"default","og_image_url":null,"og_image_width":null,"og_image_height":null,"og_image_custom_url":null,"og_image_custom_fields":null,"og_video":"","og_custom_url":null,"og_article_section":null,"og_article_tags":null,"twitter_use_og":false,"twitter_card":"default","twitter_image_type":"default","twitter_image_url":null,"twitter_image_custom_url":null,"twitter_image_custom_fields":null,"twitter_title":null,"twitter_description":null,"schema":{"blockGraphs":[],"customGraphs":[],"default":{"data":{"Article":[],"Course":[],"Dataset":[],"FAQPage":[],"Movie":[],"Person":[],"Product":[],"ProductReview":[],"Car":[],"Recipe":[],"Service":[],"SoftwareApplication":[],"WebPage":[]},"graphName":"BlogPosting","isEnabled":true},"graphs":[]},"schema_type":"default","schema_type_options":null,"pillar_content":false,"robots_default":true,"robots_noindex":false,"robots_noarchive":false,"robots_nosnippet":false,"robots_nofollow":false,"robots_noimageindex":false,"robots_noodp":false,"robots_notranslate":false,"robots_max_snippet":"-1","robots_max_videopreview":"-1","robots_max_imagepreview":"large","priority":null,"frequency":"default","local_seo":null,"breadcrumb_settings":null,"limit_modified_date":false,"ai":null,"created":"2024-10-13 04:32:10","updated":"2025-06-04 19:28:45","seo_analyzer_scan_date":null,"focus_keyword":null,"additional_keywords":null,"truseo_locale":null},"aioseo_breadcrumb":"<div class=\"aioseo-breadcrumbs\"><span class=\"aioseo-breadcrumb\">\n\t\t\t<a href=\"https:\/\/redeportivamx.com\" title=\"Home\">Home<\/a>\n\t\t<\/span><span class=\"aioseo-breadcrumb-separator\">&raquo;<\/span><span class=\"aioseo-breadcrumb\">\n\t\t\t<a href=\"https:\/\/redeportivamx.com\/index.php\/category\/liga-bbva-mx\/\" title=\"Liga BBVA MX\">Liga BBVA MX<\/a>\n\t\t<\/span><span class=\"aioseo-breadcrumb-separator\">&raquo;<\/span><span class=\"aioseo-breadcrumb\">\n\t\t\tClub Am\u00e9rica, 108 a\u00f1os de grandeza\n\t\t<\/span><\/div>","aioseo_breadcrumb_json":[{"label":"Home","link":"https:\/\/redeportivamx.com"},{"label":"Liga BBVA MX","link":"https:\/\/redeportivamx.com\/index.php\/category\/liga-bbva-mx\/"},{"label":"Club Am\u00e9rica, 108 a\u00f1os de grandeza","link":"https:\/\/redeportivamx.com\/index.php\/2024\/10\/13\/club-america-108-anos-de-grandeza\/"}],"jetpack_sharing_enabled":true,"jetpack_featured_media_url":"https:\/\/redeportivamx.com\/wp-content\/uploads\/2024\/10\/IMG_7302-scaled.jpeg","_links":{"self":[{"href":"https:\/\/redeportivamx.com\/index.php\/wp-json\/wp\/v2\/posts\/42738","targetHints":{"allow":["GET"]}}],"collection":[{"href":"https:\/\/redeportivamx.com\/index.php\/wp-json\/wp\/v2\/posts"}],"about":[{"href":"https:\/\/redeportivamx.com\/index.php\/wp-json\/wp\/v2\/types\/post"}],"author":[{"embeddable":true,"href":"https:\/\/redeportivamx.com\/index.php\/wp-json\/wp\/v2\/users\/13"}],"replies":[{"embeddable":true,"href":"https:\/\/redeportivamx.com\/index.php\/wp-json\/wp\/v2\/comments?post=42738"}],"version-history":[{"count":1,"href":"https:\/\/redeportivamx.com\/index.php\/wp-json\/wp\/v2\/posts\/42738\/revisions"}],"predecessor-version":[{"id":42741,"href":"https:\/\/redeportivamx.com\/index.php\/wp-json\/wp\/v2\/posts\/42738\/revisions\/42741"}],"wp:featuredmedia":[{"embeddable":true,"href":"https:\/\/redeportivamx.com\/index.php\/wp-json\/wp\/v2\/media\/42740"}],"wp:attachment":[{"href":"https:\/\/redeportivamx.com\/index.php\/wp-json\/wp\/v2\/media?parent=42738"}],"wp:term":[{"taxonomy":"category","embeddable":true,"href":"https:\/\/redeportivamx.com\/index.php\/wp-json\/wp\/v2\/categories?post=42738"},{"taxonomy":"post_tag","embeddable":true,"href":"https:\/\/redeportivamx.com\/index.php\/wp-json\/wp\/v2\/tags?post=42738"}],"curies":[{"name":"wp","href":"https:\/\/api.w.org\/{rel}","templated":true}]}}