{"id":42416,"date":"2024-09-28T03:39:03","date_gmt":"2024-09-28T03:39:03","guid":{"rendered":"https:\/\/redeportivamx.com\/?p=42416"},"modified":"2024-09-28T03:39:05","modified_gmt":"2024-09-28T03:39:05","slug":"america-no-te-espera-victor-davila","status":"publish","type":"post","link":"https:\/\/redeportivamx.com\/index.php\/2024\/09\/28\/america-no-te-espera-victor-davila\/","title":{"rendered":"&#8220;Am\u00e9rica no te espera&#8221; -Victor D\u00e1vila"},"content":{"rendered":"\n<h2 class=\"wp-block-heading\">V\u00edctor D\u00e1vila afirma que la exigencia del Club Am\u00e9rica es alta<\/h2>\n\n\n\n<p>El chileno empez\u00f3 con el pie derecho su nueva etapa portando los colores de las \u00e1guilas del Am\u00e9rica, pues en su debut ante Atlas, logr\u00f3 mandar el bal\u00f3n al fondo de las redes, mientras que en la Campeones Cup, puso la \u00fanica anotaci\u00f3n del cuadro azulcrema en el tiempo regular, para posteriormente levantar el trofeo internacional.<\/p>\n\n\n\n<figure class=\"wp-block-embed is-type-rich is-provider-twitter wp-block-embed-twitter\"><div class=\"wp-block-embed__wrapper\">\n<blockquote class=\"twitter-tweet\" data-width=\"550\" data-dnt=\"true\"><p lang=\"es\" dir=\"ltr\">\u00a1El pase de Fidalgo, el gol de V\u00edctor D\u00e1vila&#8230;! \u00a1TODO BIEN! \ud83d\udd25<br><br>Abrimos el marcador y tomamos la ventaja en la Campeones Cup \ud83d\udc99\ud83d\udc9b <a href=\"https:\/\/t.co\/PaqDsvDqVp\">pic.twitter.com\/PaqDsvDqVp<\/a><\/p>&mdash; Club Am\u00e9rica (@ClubAmerica) <a href=\"https:\/\/twitter.com\/ClubAmerica\/status\/1839112393609097479?ref_src=twsrc%5Etfw\">September 26, 2024<\/a><\/blockquote><script async src=\"https:\/\/platform.twitter.com\/widgets.js\" charset=\"utf-8\"><\/script>\n<\/div><\/figure>\n\n\n\n<p>En conferencia de prensa, afirm\u00f3 que \u00e9l ya sab\u00eda de la exigencia que hay en el equipo, pues &#8220;Am\u00e9rica no te espera, tienes que venir preparado para el club&#8221;, por lo que se siente feliz del gran inicio con las \u00e1guilas.<\/p>\n\n\n\n<blockquote class=\"wp-block-quote is-layout-flow wp-block-quote-is-layout-flow\">\n<p><em>\u201cEn un principio, antes de llegar a Am\u00e9rica, sabes lo que significa el club. Am\u00e9rica no te espera, tienes que venir preparado para el club. Por mi parte me preocupo por ser profesional para estar siempre a disposici\u00f3n, gracias a Dios las cosas se han dado muy bien y pasa por la confianza del cuerpo t\u00e9cnico, de los compa\u00f1eros y el profesionalismo que uno como jugador le puede poner&#8221;<\/em><\/p>\n<cite>-Victor D\u00e1vila en conferencia de prensa<\/cite><\/blockquote>\n\n\n\n<p>La amistad que tiene con Igor Lichnovski y Diego Vald\u00e9s por parte de la selecci\u00f3n chilena le ha hecho m\u00e1s f\u00e1cil su adaptaci\u00f3n dentro de las \u00e1guilas, adem\u00e1s, destaca ha habido grandes jugadores chilenos de renombre en la historia del Club Am\u00e9rica, por lo que \u00e9l buscar\u00e1 escribir tambi\u00e9n su nombre en la historia del club con letras doradas.<\/p>\n\n\n\n<blockquote class=\"wp-block-quote is-layout-flow wp-block-quote-is-layout-flow\">\n<p><em>&#8220;Siempre creo que es m\u00e1s f\u00e1cil la adaptaci\u00f3n cuando tienes compa\u00f1eros de la calidad de Igor y Diego. Tenemos amistad por fuera tambi\u00e9n y eso hizo m\u00e1s f\u00e1cil el llegar a Am\u00e9rica porque uno espera que le abran las puertas y ellos lo hicieron de buena forma. Sabiendo la historia que tienen los chilenos en el club uno espera conseguir muchas cosas y poner el nombre con letras doradas en el equipo y a eso venimos, a hacer historia con Am\u00e9rica. Vamos paso a paso, no es f\u00e1cil, agradezco mucho a mis compa\u00f1eros porque hacen m\u00e1s f\u00e1cil mi adaptaci\u00f3n. Espero poder seguir d\u00e1ndole t\u00edtulos al club\u201d<\/em><\/p>\n<\/blockquote>\n\n\n\n<p>Las \u00e1guilas tienen una cita importante este fin de semana, pues enfrentar\u00e1n a Pumas en el Cl\u00e1sico Nacional para la Jornada 10 de la Liga MX, el cual se disputar\u00e1 en el Estadio Ciudad de los Deportes, este domingo en punto de las 18:00 h.<\/p>\n","protected":false},"excerpt":{"rendered":"<p>V\u00edctor D\u00e1vila afirma que la exigencia del Club Am\u00e9rica es alta El chileno empez\u00f3 con el pie derecho su nueva etapa portando los colores de las \u00e1guilas del Am\u00e9rica, pues en su debut ante Atlas, logr\u00f3 mandar el bal\u00f3n al fondo de las redes, mientras que en la Campeones Cup, puso la \u00fanica anotaci\u00f3n del [&hellip;]<\/p>\n","protected":false},"author":12,"featured_media":42417,"comment_status":"open","ping_status":"open","sticky":false,"template":"","format":"standard","meta":{"_monsterinsights_skip_tracking":false,"_monsterinsights_sitenote_active":false,"_monsterinsights_sitenote_note":"","_monsterinsights_sitenote_category":0,"_jetpack_memberships_contains_paid_content":false,"footnotes":""},"categories":[10],"tags":[],"class_list":["post-42416","post","type-post","status-publish","format-standard","has-post-thumbnail","hentry","category-liga-bbva-mx"],"aioseo_notices":[],"jetpack_featured_media_url":"https:\/\/redeportivamx.com\/wp-content\/uploads\/2024\/09\/GYgIVITW8AAQW0Q.jpeg","jetpack_sharing_enabled":true,"_links":{"self":[{"href":"https:\/\/redeportivamx.com\/index.php\/wp-json\/wp\/v2\/posts\/42416","targetHints":{"allow":["GET"]}}],"collection":[{"href":"https:\/\/redeportivamx.com\/index.php\/wp-json\/wp\/v2\/posts"}],"about":[{"href":"https:\/\/redeportivamx.com\/index.php\/wp-json\/wp\/v2\/types\/post"}],"author":[{"embeddable":true,"href":"https:\/\/redeportivamx.com\/index.php\/wp-json\/wp\/v2\/users\/12"}],"replies":[{"embeddable":true,"href":"https:\/\/redeportivamx.com\/index.php\/wp-json\/wp\/v2\/comments?post=42416"}],"version-history":[{"count":1,"href":"https:\/\/redeportivamx.com\/index.php\/wp-json\/wp\/v2\/posts\/42416\/revisions"}],"predecessor-version":[{"id":42418,"href":"https:\/\/redeportivamx.com\/index.php\/wp-json\/wp\/v2\/posts\/42416\/revisions\/42418"}],"wp:featuredmedia":[{"embeddable":true,"href":"https:\/\/redeportivamx.com\/index.php\/wp-json\/wp\/v2\/media\/42417"}],"wp:attachment":[{"href":"https:\/\/redeportivamx.com\/index.php\/wp-json\/wp\/v2\/media?parent=42416"}],"wp:term":[{"taxonomy":"category","embeddable":true,"href":"https:\/\/redeportivamx.com\/index.php\/wp-json\/wp\/v2\/categories?post=42416"},{"taxonomy":"post_tag","embeddable":true,"href":"https:\/\/redeportivamx.com\/index.php\/wp-json\/wp\/v2\/tags?post=42416"}],"curies":[{"name":"wp","href":"https:\/\/api.w.org\/{rel}","templated":true}]}}