{"id":42196,"date":"2024-09-13T04:02:59","date_gmt":"2024-09-13T04:02:59","guid":{"rendered":"https:\/\/redeportivamx.com\/?p=42196"},"modified":"2024-09-13T04:03:01","modified_gmt":"2024-09-13T04:03:01","slug":"formula-e-nissan-confirma-a-rowland-y-nato-para-2024-25","status":"publish","type":"post","link":"https:\/\/redeportivamx.com\/index.php\/2024\/09\/13\/formula-e-nissan-confirma-a-rowland-y-nato-para-2024-25\/","title":{"rendered":"Formula E: Nissan confirma a Rowland y Nato para 2024\/25"},"content":{"rendered":"\n<h2 class=\"wp-block-heading\">Nissan Formula E Team confirm\u00f3 a Oliver Rowland y Norman Nato para la temporada 2024-2025<\/h2>\n\n\n\n<p><strong>El equipo <a href=\"https:\/\/www.nissan.com.mx\/\" target=\"_blank\" rel=\"noopener\" title=\"\">Nissan<\/a> de Formula E confirm\u00f3 a Oliver Rowland y Norman Nato como sus pilotos para la temporada 2024\/25 del Campeonato Mundial ABB FIA de <a href=\"https:\/\/redeportivamx.com\/index.php\/category\/automovilismo\/\" target=\"_blank\" rel=\"noopener\" title=\"\">Formula E<\/a><\/strong>. Rowland, que tuvo una destacada 10\u00aa temporada con dos victorias y varios podios, continuar\u00e1 con el equipo. Por su parte, Nato regresa tras haber competido en la temporada 2022\/23, cuando obtuvo el primer podio bajo la plena propiedad de Nissan. Juntos, conforman una alineaci\u00f3n experimentada y competitiva para enfrentar los desaf\u00edos de la nueva campa\u00f1a.<\/p>\n\n\n\n<figure class=\"wp-block-embed is-type-rich is-provider-twitter wp-block-embed-twitter\"><div class=\"wp-block-embed__wrapper\">\n<blockquote class=\"twitter-tweet\" data-width=\"550\" data-dnt=\"true\"><p lang=\"en\" dir=\"ltr\">Introducing <a href=\"https:\/\/twitter.com\/oliverrowland1?ref_src=twsrc%5Etfw\">@OliverRowland1<\/a> and <a href=\"https:\/\/twitter.com\/NatoNorman?ref_src=twsrc%5Etfw\">@NatoNorman<\/a> our driver line up for Season 11 \ud83d\ude0e<br> <br>\ud83d\udcf0 Click below to read all about our drivers <br> <a href=\"https:\/\/twitter.com\/Nissan?ref_src=twsrc%5Etfw\">@Nissan<\/a> <a href=\"https:\/\/twitter.com\/hashtag\/NissanFormulaE?src=hash&amp;ref_src=twsrc%5Etfw\">#NissanFormulaE<\/a> <a href=\"https:\/\/twitter.com\/hashtag\/FeelElectric?src=hash&amp;ref_src=twsrc%5Etfw\">#FeelElectric<\/a><\/p>&mdash; Nissan NISMO (@NISMO) <a href=\"https:\/\/twitter.com\/NISMO\/status\/1833769950332453143?ref_src=twsrc%5Etfw\">September 11, 2024<\/a><\/blockquote><script async src=\"https:\/\/platform.twitter.com\/widgets.js\" charset=\"utf-8\"><\/script>\n<\/div><\/figure>\n\n\n\n<p>La temporada 2024\/25 ser\u00e1 el debut del GEN3 Evo, m\u00e1s r\u00e1pido y eficiente que los modelos anteriores. El calendario incluir\u00e1 17 carreras, con la adici\u00f3n de nuevas ubicaciones como Miami y el regreso a ciudades clave como M\u00f3naco y Tokio. Nissan espera que su nueva alineaci\u00f3n de pilotos les permita mejorar a\u00fan m\u00e1s su rendimiento, manteni\u00e9ndose competitivos en una grilla repleta de talento.<\/p>\n\n\n\n<figure class=\"wp-block-image size-large\"><img fetchpriority=\"high\" decoding=\"async\" width=\"1024\" height=\"576\" src=\"https:\/\/redeportivamx.com\/wp-content\/uploads\/2024\/09\/image-28-1024x576.png\" alt=\"\" class=\"wp-image-42215\" srcset=\"https:\/\/redeportivamx.com\/wp-content\/uploads\/2024\/09\/image-28-1024x576.png 1024w, https:\/\/redeportivamx.com\/wp-content\/uploads\/2024\/09\/image-28-300x169.png 300w, https:\/\/redeportivamx.com\/wp-content\/uploads\/2024\/09\/image-28-768x432.png 768w, https:\/\/redeportivamx.com\/wp-content\/uploads\/2024\/09\/image-28-1536x864.png 1536w, https:\/\/redeportivamx.com\/wp-content\/uploads\/2024\/09\/image-28.png 1920w\" sizes=\"(max-width: 1024px) 100vw, 1024px\" \/><\/figure>\n\n\n\n<p>Tommaso Volpe, director del equipo Nissan de Formula E, expres\u00f3 su entusiasmo por la temporada y destac\u00f3 el regreso de Nato, quien aportar\u00e1 valiosa experiencia. Tambi\u00e9n agradeci\u00f3 a Sacha Fenestraz, quien fue parte crucial del desarrollo del equipo en la temporada anterior. Por su parte, Rowland y Nato se mostraron optimistas sobre su colaboraci\u00f3n y la oportunidad de alcanzar grandes resultados con el equipo.<\/p>\n\n\n\n<p>Nissan, el primer fabricante japon\u00e9s en la Formula E, reafirm\u00f3 su compromiso a largo plazo con la serie, extendiendo su participaci\u00f3n hasta la era Gen4 que durar\u00e1 hasta 2030. Este compromiso forma parte de su estrategia de electrificaci\u00f3n Ambition 2030, con la cual Nissan busca liderar el desarrollo de veh\u00edculos el\u00e9ctricos tanto en la pista como en la carretera.<\/p>\n","protected":false},"excerpt":{"rendered":"<p>Nissan Formula E Team confirm\u00f3 a Oliver Rowland y Norman Nato para la temporada 2024-2025 El equipo Nissan de Formula E confirm\u00f3 a Oliver Rowland y Norman Nato como sus pilotos para la temporada 2024\/25 del Campeonato Mundial ABB FIA de Formula E. Rowland, que tuvo una destacada 10\u00aa temporada con dos victorias y varios [&hellip;]<\/p>\n","protected":false},"author":9,"featured_media":42215,"comment_status":"open","ping_status":"open","sticky":false,"template":"","format":"standard","meta":{"_monsterinsights_skip_tracking":false,"_monsterinsights_sitenote_active":false,"_monsterinsights_sitenote_note":"","_monsterinsights_sitenote_category":0,"_jetpack_memberships_contains_paid_content":false,"footnotes":""},"categories":[58],"tags":[68,1318,1880,1345],"class_list":["post-42196","post","type-post","status-publish","format-standard","has-post-thumbnail","hentry","category-motorsport","tag-formula-e","tag-nissan","tag-norman-nato","tag-oliver-rowland"],"aioseo_notices":[],"jetpack_featured_media_url":"https:\/\/redeportivamx.com\/wp-content\/uploads\/2024\/09\/image-28.png","jetpack_sharing_enabled":true,"_links":{"self":[{"href":"https:\/\/redeportivamx.com\/index.php\/wp-json\/wp\/v2\/posts\/42196","targetHints":{"allow":["GET"]}}],"collection":[{"href":"https:\/\/redeportivamx.com\/index.php\/wp-json\/wp\/v2\/posts"}],"about":[{"href":"https:\/\/redeportivamx.com\/index.php\/wp-json\/wp\/v2\/types\/post"}],"author":[{"embeddable":true,"href":"https:\/\/redeportivamx.com\/index.php\/wp-json\/wp\/v2\/users\/9"}],"replies":[{"embeddable":true,"href":"https:\/\/redeportivamx.com\/index.php\/wp-json\/wp\/v2\/comments?post=42196"}],"version-history":[{"count":1,"href":"https:\/\/redeportivamx.com\/index.php\/wp-json\/wp\/v2\/posts\/42196\/revisions"}],"predecessor-version":[{"id":42216,"href":"https:\/\/redeportivamx.com\/index.php\/wp-json\/wp\/v2\/posts\/42196\/revisions\/42216"}],"wp:featuredmedia":[{"embeddable":true,"href":"https:\/\/redeportivamx.com\/index.php\/wp-json\/wp\/v2\/media\/42215"}],"wp:attachment":[{"href":"https:\/\/redeportivamx.com\/index.php\/wp-json\/wp\/v2\/media?parent=42196"}],"wp:term":[{"taxonomy":"category","embeddable":true,"href":"https:\/\/redeportivamx.com\/index.php\/wp-json\/wp\/v2\/categories?post=42196"},{"taxonomy":"post_tag","embeddable":true,"href":"https:\/\/redeportivamx.com\/index.php\/wp-json\/wp\/v2\/tags?post=42196"}],"curies":[{"name":"wp","href":"https:\/\/api.w.org\/{rel}","templated":true}]}}