{"id":42071,"date":"2024-09-01T15:16:49","date_gmt":"2024-09-01T15:16:49","guid":{"rendered":"https:\/\/redeportivamx.com\/?p=42071"},"modified":"2024-09-01T15:16:51","modified_gmt":"2024-09-01T15:16:51","slug":"formula-3-pensamientos-de-un-campeon-leonardo-fornaroli","status":"publish","type":"post","link":"https:\/\/redeportivamx.com\/index.php\/2024\/09\/01\/formula-3-pensamientos-de-un-campeon-leonardo-fornaroli\/","title":{"rendered":"Formula 3: Pensamientos de un campe\u00f3n &#8211; Leonardo Fornaroli"},"content":{"rendered":"\n<h2 class=\"wp-block-heading\">Leonardo Fornaroli comparti\u00f3 sus pensamientos tras ganar el mundial de la temporada 2024 de la Formula 3<\/h2>\n\n\n\n<p>El piloto italiano de <strong><a href=\"https:\/\/www.tridentmotorsport.com\/\" target=\"_blank\" rel=\"noopener\" title=\"\">Trident<\/a><\/strong>, <strong>Leonardo Fornaroli se coron\u00f3 campe\u00f3n de la FIA <a href=\"https:\/\/redeportivamx.com\/index.php\/category\/automovilismo\/\" target=\"_blank\" rel=\"noopener\" title=\"\">Formula 3<\/a> tras un emocionante fin de semana en el que super\u00f3 a sus rivales directos por el t\u00edtulo<\/strong>. Fornaroli, quien lleg\u00f3 a Monza liderando el campeonato por un margen estrecho, asegur\u00f3 el t\u00edtulo en la \u00faltima vuelta de la carrera final, logrando un adelantamiento clave que le permiti\u00f3 mantener su posici\u00f3n y sumar los puntos necesarios para ganar el campeonato.<\/p>\n\n\n\n<figure class=\"wp-block-embed is-type-rich is-provider-twitter wp-block-embed-twitter\"><div class=\"wp-block-embed__wrapper\">\n<blockquote class=\"twitter-tweet\" data-width=\"550\" data-dnt=\"true\"><p lang=\"en\" dir=\"ltr\">Congratulations Leo&#8230; <br><br>You are the 2024 FIA Formula 3 champion!!! \ud83c\udfc6<a href=\"https:\/\/twitter.com\/hashtag\/F3?src=hash&amp;ref_src=twsrc%5Etfw\">#F3<\/a> <a href=\"https:\/\/twitter.com\/hashtag\/ItalianGP?src=hash&amp;ref_src=twsrc%5Etfw\">#ItalianGP<\/a> <a href=\"https:\/\/twitter.com\/LeonardoForna?ref_src=twsrc%5Etfw\">@LeonardoForna<\/a> <a href=\"https:\/\/t.co\/34kmaJjg3h\">pic.twitter.com\/34kmaJjg3h<\/a><\/p>&mdash; Formula 3 (@Formula3) <a href=\"https:\/\/twitter.com\/Formula3\/status\/1830181302282195412?ref_src=twsrc%5Etfw\">September 1, 2024<\/a><\/blockquote><script async src=\"https:\/\/platform.twitter.com\/widgets.js\" charset=\"utf-8\"><\/script>\n<\/div><\/figure>\n\n\n\n<p>El piloto de Trident reflexion\u00f3 sobre su consistencia a lo largo de la temporada, destacando su enfoque en mejorar su ritmo de carrera en comparaci\u00f3n con el a\u00f1o anterior. Aunque no logr\u00f3 ninguna victoria en carrera, su constancia le permiti\u00f3 acumular suficientes puntos gracias a siete podios, una pole position y varias salidas en primera fila. Fornaroli reconoci\u00f3 el trabajo conjunto con su equipo y c\u00f3mo esto fue fundamental para alcanzar el \u00e9xito.<\/p>\n\n\n\n<figure class=\"wp-block-embed is-type-rich is-provider-twitter wp-block-embed-twitter\"><div class=\"wp-block-embed__wrapper\">\n<blockquote class=\"twitter-tweet\" data-width=\"550\" data-dnt=\"true\"><p lang=\"it\" dir=\"ltr\">NON \u00c8 UN SOGNO \ud83c\udfc6\ud83d\udc99<a href=\"https:\/\/twitter.com\/LeonardoForna?ref_src=twsrc%5Etfw\">@LeonardoForna<\/a> <a href=\"https:\/\/twitter.com\/Formula3?ref_src=twsrc%5Etfw\">@Formula3<\/a> <a href=\"https:\/\/twitter.com\/hashtag\/Trident?src=hash&amp;ref_src=twsrc%5Etfw\">#Trident<\/a> <a href=\"https:\/\/twitter.com\/hashtag\/TridentTeam?src=hash&amp;ref_src=twsrc%5Etfw\">#TridentTeam<\/a> <a href=\"https:\/\/twitter.com\/hashtag\/TridentMotorsport?src=hash&amp;ref_src=twsrc%5Etfw\">#TridentMotorsport<\/a> <a href=\"https:\/\/twitter.com\/hashtag\/Formula3?src=hash&amp;ref_src=twsrc%5Etfw\">#Formula3<\/a> <a href=\"https:\/\/twitter.com\/hashtag\/F3?src=hash&amp;ref_src=twsrc%5Etfw\">#F3<\/a> <a href=\"https:\/\/twitter.com\/hashtag\/worldchampion?src=hash&amp;ref_src=twsrc%5Etfw\">#worldchampion<\/a> <a href=\"https:\/\/t.co\/XYVkKGrWDX\">pic.twitter.com\/XYVkKGrWDX<\/a><\/p>&mdash; Trident Team (@trident_team) <a href=\"https:\/\/twitter.com\/trident_team\/status\/1830166390696714308?ref_src=twsrc%5Etfw\">September 1, 2024<\/a><\/blockquote><script async src=\"https:\/\/platform.twitter.com\/widgets.js\" charset=\"utf-8\"><\/script>\n<\/div><\/figure>\n\n\n\n<p>Fornaroli tambi\u00e9n expres\u00f3 su satisfacci\u00f3n por haberse mantenido competitivo en una temporada muy re\u00f1ida, enfrent\u00e1ndose a pilotos como Gabriele Min\u00ec y Luke Browning. Tras superar los desaf\u00edos y la presi\u00f3n, Leonardo Fornaroli ahora se prepara para anunciar su pr\u00f3ximo paso en su carrera deportiva, dejando atr\u00e1s una temporada en la que demostr\u00f3 su capacidad para competir al m\u00e1s alto nivel en la Formula 3.<\/p>\n\n\n\n<figure class=\"wp-block-embed is-type-rich is-provider-twitter wp-block-embed-twitter\"><div class=\"wp-block-embed__wrapper\">\n<blockquote class=\"twitter-tweet\" data-width=\"550\" data-dnt=\"true\"><p lang=\"en\" dir=\"ltr\">Welcome to the club, <a href=\"https:\/\/twitter.com\/LeonardoForna?ref_src=twsrc%5Etfw\">@LeonardoForna<\/a>! \ud83e\udd1d<br><br>The Italian becomes the sixth FIA Formula 3 champion \ud83c\udfc6<a href=\"https:\/\/twitter.com\/hashtag\/F3?src=hash&amp;ref_src=twsrc%5Etfw\">#F3<\/a> <a href=\"https:\/\/twitter.com\/hashtag\/ItalianGP?src=hash&amp;ref_src=twsrc%5Etfw\">#ItalianGP<\/a> <a href=\"https:\/\/t.co\/USnq9I4f7w\">pic.twitter.com\/USnq9I4f7w<\/a><\/p>&mdash; Formula 3 (@Formula3) <a href=\"https:\/\/twitter.com\/Formula3\/status\/1830174370993463633?ref_src=twsrc%5Etfw\">September 1, 2024<\/a><\/blockquote><script async src=\"https:\/\/platform.twitter.com\/widgets.js\" charset=\"utf-8\"><\/script>\n<\/div><\/figure>\n","protected":false},"excerpt":{"rendered":"<p>Leonardo Fornaroli comparti\u00f3 sus pensamientos tras ganar el mundial de la temporada 2024 de la Formula 3 El piloto italiano de Trident, Leonardo Fornaroli se coron\u00f3 campe\u00f3n de la FIA Formula 3 tras un emocionante fin de semana en el que super\u00f3 a sus rivales directos por el t\u00edtulo. Fornaroli, quien lleg\u00f3 a Monza liderando [&hellip;]<\/p>\n","protected":false},"author":9,"featured_media":42072,"comment_status":"open","ping_status":"open","sticky":false,"template":"","format":"standard","meta":{"_monsterinsights_skip_tracking":false,"_monsterinsights_sitenote_active":false,"_monsterinsights_sitenote_note":"","_monsterinsights_sitenote_category":0,"_jetpack_memberships_contains_paid_content":false,"footnotes":""},"categories":[58],"tags":[165,1866,1867],"class_list":["post-42071","post","type-post","status-publish","format-standard","has-post-thumbnail","hentry","category-motorsport","tag-formula-3","tag-leonardo-fornaroli","tag-trident"],"aioseo_notices":[],"jetpack_featured_media_url":"https:\/\/redeportivamx.com\/wp-content\/uploads\/2024\/09\/image-4.png","jetpack_sharing_enabled":true,"_links":{"self":[{"href":"https:\/\/redeportivamx.com\/index.php\/wp-json\/wp\/v2\/posts\/42071","targetHints":{"allow":["GET"]}}],"collection":[{"href":"https:\/\/redeportivamx.com\/index.php\/wp-json\/wp\/v2\/posts"}],"about":[{"href":"https:\/\/redeportivamx.com\/index.php\/wp-json\/wp\/v2\/types\/post"}],"author":[{"embeddable":true,"href":"https:\/\/redeportivamx.com\/index.php\/wp-json\/wp\/v2\/users\/9"}],"replies":[{"embeddable":true,"href":"https:\/\/redeportivamx.com\/index.php\/wp-json\/wp\/v2\/comments?post=42071"}],"version-history":[{"count":1,"href":"https:\/\/redeportivamx.com\/index.php\/wp-json\/wp\/v2\/posts\/42071\/revisions"}],"predecessor-version":[{"id":42073,"href":"https:\/\/redeportivamx.com\/index.php\/wp-json\/wp\/v2\/posts\/42071\/revisions\/42073"}],"wp:featuredmedia":[{"embeddable":true,"href":"https:\/\/redeportivamx.com\/index.php\/wp-json\/wp\/v2\/media\/42072"}],"wp:attachment":[{"href":"https:\/\/redeportivamx.com\/index.php\/wp-json\/wp\/v2\/media?parent=42071"}],"wp:term":[{"taxonomy":"category","embeddable":true,"href":"https:\/\/redeportivamx.com\/index.php\/wp-json\/wp\/v2\/categories?post=42071"},{"taxonomy":"post_tag","embeddable":true,"href":"https:\/\/redeportivamx.com\/index.php\/wp-json\/wp\/v2\/tags?post=42071"}],"curies":[{"name":"wp","href":"https:\/\/api.w.org\/{rel}","templated":true}]}}