{"id":42049,"date":"2024-09-01T14:59:23","date_gmt":"2024-09-01T14:59:23","guid":{"rendered":"https:\/\/redeportivamx.com\/?p=42049"},"modified":"2024-09-01T15:04:31","modified_gmt":"2024-09-01T15:04:31","slug":"formula-3-leonardo-fornaroli-se-lleva-el-mundial-de-la-temporada-2024","status":"publish","type":"post","link":"https:\/\/redeportivamx.com\/index.php\/2024\/09\/01\/formula-3-leonardo-fornaroli-se-lleva-el-mundial-de-la-temporada-2024\/","title":{"rendered":"Formula 3: Leonardo Fornaroli se lleva el mundial de la temporada 2024"},"content":{"rendered":"\n<h2 class=\"wp-block-heading\">Leonardo Fornaroli se coron\u00f3 como campe\u00f3n del a temporada 2024 de la FIA Formula 3<\/h2>\n\n\n\n<p><strong><a href=\"https:\/\/www.tridentmotorsport.com\/\" target=\"_blank\" rel=\"noopener\" title=\"\">Trident<\/a> vivi\u00f3 un d\u00eda memorable cuando Leonardo Fornaroli se convirti\u00f3 en el primer piloto italiano en ganar el Campeonato de Pilotos de <a href=\"https:\/\/redeportivamx.com\/index.php\/category\/automovilismo\/\" target=\"_blank\" rel=\"noopener\" title=\"\">Formula 3<\/a><\/strong>. Su compa\u00f1ero <strong>Sami Meguetounif asegur\u00f3 su segunda victoria en la F3<\/strong>, mientras que <strong>Fornaroli se llev\u00f3 el t\u00edtulo con un adelantamiento en la \u00faltima curva sobre Christian Mansell<\/strong>, arrebat\u00e1ndole la corona a Gabriele Min\u00ec, quien termin\u00f3 segundo tanto en la carrera como en el campeonato.<\/p>\n\n\n\n<figure class=\"wp-block-embed is-type-rich is-provider-twitter wp-block-embed-twitter\"><div class=\"wp-block-embed__wrapper\">\n<blockquote class=\"twitter-tweet\" data-width=\"550\" data-dnt=\"true\"><p lang=\"en\" dir=\"ltr\">\ud83c\udfc6 CHAMPION \ud83c\udfc6<br><br>LEONARDO FORNAROLI TAKES THE FIA FORMULA 3 TITLE! <a href=\"https:\/\/twitter.com\/hashtag\/F3?src=hash&amp;ref_src=twsrc%5Etfw\">#F3<\/a> <a href=\"https:\/\/twitter.com\/hashtag\/ItalianGP?src=hash&amp;ref_src=twsrc%5Etfw\">#ItalianGP<\/a> <a href=\"https:\/\/t.co\/4caEpcDJ7P\">pic.twitter.com\/4caEpcDJ7P<\/a><\/p>&mdash; Formula 3 (@Formula3) <a href=\"https:\/\/twitter.com\/Formula3\/status\/1830144914895618073?ref_src=twsrc%5Etfw\">September 1, 2024<\/a><\/blockquote><script async src=\"https:\/\/platform.twitter.com\/widgets.js\" charset=\"utf-8\"><\/script>\n<\/div><\/figure>\n\n\n\n<p>La carrera comenz\u00f3 con Fornaroli defendiendo su posici\u00f3n frente a Alex Dunne, quien m\u00e1s tarde tom\u00f3 el liderato en Parab\u00f3lica. Meguetounif super\u00f3 a Min\u00ec para situarse tercero, mientras Fornaroli tuvo una salida de pista que lo releg\u00f3 al quinto lugar. Sin embargo, Fornaroli remont\u00f3, avanzando al segundo lugar en la vuelta 18 y manteniendo a Min\u00ec detr\u00e1s de \u00e9l en la intensa lucha por el campeonato.<\/p>\n\n\n\n<figure class=\"wp-block-embed is-type-rich is-provider-twitter wp-block-embed-twitter\"><div class=\"wp-block-embed__wrapper\">\n<blockquote class=\"twitter-tweet\" data-width=\"550\" data-dnt=\"true\"><p lang=\"en\" dir=\"ltr\">LAP 1 \/ 22<br><br>Alex Dunne takes the race lead as they head into the Parabolica!<br><br>Leonardo Fornaroli wasn&#39;t going to fight that too hard<br><br> <a href=\"https:\/\/twitter.com\/hashtag\/F3?src=hash&amp;ref_src=twsrc%5Etfw\">#F3<\/a> <a href=\"https:\/\/twitter.com\/hashtag\/ItalianGP?src=hash&amp;ref_src=twsrc%5Etfw\">#ItalianGP<\/a> <a href=\"https:\/\/t.co\/gWMnNQqW6g\">pic.twitter.com\/gWMnNQqW6g<\/a><\/p>&mdash; Formula 3 (@Formula3) <a href=\"https:\/\/twitter.com\/Formula3\/status\/1830134386127180079?ref_src=twsrc%5Etfw\">September 1, 2024<\/a><\/blockquote><script async src=\"https:\/\/platform.twitter.com\/widgets.js\" charset=\"utf-8\"><\/script>\n<\/div><\/figure>\n\n\n\n<p>En la \u00faltima vuelta, Min\u00ec logr\u00f3 adelantar a Fornaroli, solo para ser atacado por Mansell en la chicane de Roggia, lo que inclin\u00f3 la balanza a favor de Min\u00ec. No obstante, Fornaroli recuper\u00f3 terreno y, con un movimiento decisivo en la \u00faltima curva, super\u00f3 a Mansell, asegurando la P3 y el campeonato. Dunne finaliz\u00f3 quinto, seguido por Stenshorne, Tramnitz, Le\u00f3n, van Hoepen y Lindblad, quienes completaron el top 10.<\/p>\n\n\n\n<figure class=\"wp-block-embed is-type-rich is-provider-twitter wp-block-embed-twitter\"><div class=\"wp-block-embed__wrapper\">\n<blockquote class=\"twitter-tweet\" data-width=\"550\" data-dnt=\"true\"><p lang=\"en\" dir=\"ltr\">The move that sealed the deal for <a href=\"https:\/\/twitter.com\/LeonardoForna?ref_src=twsrc%5Etfw\">@LeonardoForna<\/a> \ud83c\udfc6<a href=\"https:\/\/twitter.com\/hashtag\/F3?src=hash&amp;ref_src=twsrc%5Etfw\">#F3<\/a> <a href=\"https:\/\/twitter.com\/hashtag\/ItalianGP?src=hash&amp;ref_src=twsrc%5Etfw\">#ItalianGP<\/a> <a href=\"https:\/\/t.co\/F4jhRpvpvx\">pic.twitter.com\/F4jhRpvpvx<\/a><\/p>&mdash; Formula 3 (@Formula3) <a href=\"https:\/\/twitter.com\/Formula3\/status\/1830205713043296290?ref_src=twsrc%5Etfw\">September 1, 2024<\/a><\/blockquote><script async src=\"https:\/\/platform.twitter.com\/widgets.js\" charset=\"utf-8\"><\/script>\n<\/div><\/figure>\n\n\n\n<p>Leonardo Fornaroli se consagr\u00f3 campe\u00f3n con 150 puntos, dos m\u00e1s que Gabriele Min\u00ec, mientras que Luke Browning termin\u00f3 tercero con 128 puntos. En el Campeonato de Equipos, PREMA Racing logr\u00f3 su quinto t\u00edtulo con 369 puntos, seguido por Trident con 278 y ART Grand Prix con 240. La temporada 2024 concluye con pruebas de postemporada en Jerez y Barcelona antes del debut del nuevo coche de F3 en 2025.<\/p>\n\n\n\n<figure class=\"wp-block-embed is-type-rich is-provider-twitter wp-block-embed-twitter\"><div class=\"wp-block-embed__wrapper\">\n<blockquote class=\"twitter-tweet\" data-width=\"550\" data-dnt=\"true\"><p lang=\"en\" dir=\"ltr\">Congratulations Leo&#8230; <br><br>You are the 2024 FIA Formula 3 champion!!! \ud83c\udfc6<a href=\"https:\/\/twitter.com\/hashtag\/F3?src=hash&amp;ref_src=twsrc%5Etfw\">#F3<\/a> <a href=\"https:\/\/twitter.com\/hashtag\/ItalianGP?src=hash&amp;ref_src=twsrc%5Etfw\">#ItalianGP<\/a> <a href=\"https:\/\/twitter.com\/LeonardoForna?ref_src=twsrc%5Etfw\">@LeonardoForna<\/a> <a href=\"https:\/\/t.co\/34kmaJjg3h\">pic.twitter.com\/34kmaJjg3h<\/a><\/p>&mdash; Formula 3 (@Formula3) <a href=\"https:\/\/twitter.com\/Formula3\/status\/1830181302282195412?ref_src=twsrc%5Etfw\">September 1, 2024<\/a><\/blockquote><script async src=\"https:\/\/platform.twitter.com\/widgets.js\" charset=\"utf-8\"><\/script>\n<\/div><\/figure>\n","protected":false},"excerpt":{"rendered":"<p>Leonardo Fornaroli se coron\u00f3 como campe\u00f3n del a temporada 2024 de la FIA Formula 3 Trident vivi\u00f3 un d\u00eda memorable cuando Leonardo Fornaroli se convirti\u00f3 en el primer piloto italiano en ganar el Campeonato de Pilotos de Formula 3. Su compa\u00f1ero Sami Meguetounif asegur\u00f3 su segunda victoria en la F3, mientras que Fornaroli se llev\u00f3 [&hellip;]<\/p>\n","protected":false},"author":9,"featured_media":42066,"comment_status":"open","ping_status":"open","sticky":false,"template":"","format":"standard","meta":{"_monsterinsights_skip_tracking":false,"_monsterinsights_sitenote_active":false,"_monsterinsights_sitenote_note":"","_monsterinsights_sitenote_category":0,"_jetpack_memberships_contains_paid_content":false,"footnotes":""},"categories":[58],"tags":[165,1859,1860,1866,1867],"class_list":["post-42049","post","type-post","status-publish","format-standard","has-post-thumbnail","hentry","category-motorsport","tag-formula-3","tag-gp-de-italia","tag-italiangp","tag-leonardo-fornaroli","tag-trident"],"aioseo_notices":[],"jetpack_featured_media_url":"https:\/\/redeportivamx.com\/wp-content\/uploads\/2024\/09\/image-2.png","jetpack_sharing_enabled":true,"_links":{"self":[{"href":"https:\/\/redeportivamx.com\/index.php\/wp-json\/wp\/v2\/posts\/42049","targetHints":{"allow":["GET"]}}],"collection":[{"href":"https:\/\/redeportivamx.com\/index.php\/wp-json\/wp\/v2\/posts"}],"about":[{"href":"https:\/\/redeportivamx.com\/index.php\/wp-json\/wp\/v2\/types\/post"}],"author":[{"embeddable":true,"href":"https:\/\/redeportivamx.com\/index.php\/wp-json\/wp\/v2\/users\/9"}],"replies":[{"embeddable":true,"href":"https:\/\/redeportivamx.com\/index.php\/wp-json\/wp\/v2\/comments?post=42049"}],"version-history":[{"count":1,"href":"https:\/\/redeportivamx.com\/index.php\/wp-json\/wp\/v2\/posts\/42049\/revisions"}],"predecessor-version":[{"id":42067,"href":"https:\/\/redeportivamx.com\/index.php\/wp-json\/wp\/v2\/posts\/42049\/revisions\/42067"}],"wp:featuredmedia":[{"embeddable":true,"href":"https:\/\/redeportivamx.com\/index.php\/wp-json\/wp\/v2\/media\/42066"}],"wp:attachment":[{"href":"https:\/\/redeportivamx.com\/index.php\/wp-json\/wp\/v2\/media?parent=42049"}],"wp:term":[{"taxonomy":"category","embeddable":true,"href":"https:\/\/redeportivamx.com\/index.php\/wp-json\/wp\/v2\/categories?post=42049"},{"taxonomy":"post_tag","embeddable":true,"href":"https:\/\/redeportivamx.com\/index.php\/wp-json\/wp\/v2\/tags?post=42049"}],"curies":[{"name":"wp","href":"https:\/\/api.w.org\/{rel}","templated":true}]}}