{"id":42046,"date":"2024-08-31T22:48:50","date_gmt":"2024-08-31T22:48:50","guid":{"rendered":"https:\/\/redeportivamx.com\/?p=42046"},"modified":"2024-08-31T22:48:52","modified_gmt":"2024-08-31T22:48:52","slug":"formula-3-la-nueva-generacion-del-monoplaza-de-la-fia-f3","status":"publish","type":"post","link":"https:\/\/redeportivamx.com\/index.php\/2024\/08\/31\/formula-3-la-nueva-generacion-del-monoplaza-de-la-fia-f3\/","title":{"rendered":"Formula 3: La nueva generaci\u00f3n del monoplaza de la FIA F3"},"content":{"rendered":"\n<h2 class=\"wp-block-heading\">La Formula 3 present\u00f3 en Italia la nueva generaci\u00f3n de su monoplaza, para la temporada 2025<\/h2>\n\n\n\n<p><strong>El Campeonato de <a href=\"https:\/\/redeportivamx.com\/index.php\/category\/automovilismo\/\" target=\"_blank\" rel=\"noopener\" title=\"\">Formula 3<\/a> de la <a href=\"https:\/\/www.fia.com\/\" target=\"_blank\" rel=\"noopener\" title=\"\">FIA<\/a> present\u00f3 hoy en Monza el coche de F3 2025, que competir\u00e1 en las temporadas 2025, 2026 y 2027<\/strong>. El nuevo dise\u00f1o est\u00e1 alineado con los \u00faltimos est\u00e1ndares de seguridad y rendimiento de la FIA, <strong>con un motor Mecachrome de 6 cilindros y 3,4 litros que entrega 380 caballos de fuerza<\/strong>. Adem\u00e1s, funcionar\u00e1 con combustible avanzado de Aramco, <strong>cumpliendo con el est\u00e1ndar de combustible 100% sostenible de la FIA a partir de 2025<\/strong>.<\/p>\n\n\n\n<figure class=\"wp-block-embed is-type-rich is-provider-twitter wp-block-embed-twitter\"><div class=\"wp-block-embed__wrapper\">\n<blockquote class=\"twitter-tweet\" data-width=\"550\" data-dnt=\"true\"><p lang=\"en\" dir=\"ltr\">Introducing&#8230;<br><br>The F3 2025 car! \u2728<a href=\"https:\/\/twitter.com\/hashtag\/F3?src=hash&amp;ref_src=twsrc%5Etfw\">#F3<\/a> <a href=\"https:\/\/twitter.com\/hashtag\/RoadToF1?src=hash&amp;ref_src=twsrc%5Etfw\">#RoadToF1<\/a> <a href=\"https:\/\/twitter.com\/fia?ref_src=twsrc%5Etfw\">@fia<\/a> <a href=\"https:\/\/t.co\/MPRHdTjUGI\">pic.twitter.com\/MPRHdTjUGI<\/a><\/p>&mdash; Formula 3 (@Formula3) <a href=\"https:\/\/twitter.com\/Formula3\/status\/1829832899274695093?ref_src=twsrc%5Etfw\">August 31, 2024<\/a><\/blockquote><script async src=\"https:\/\/platform.twitter.com\/widgets.js\" charset=\"utf-8\"><\/script>\n<\/div><\/figure>\n\n\n\n<p>El coche de F3 2025 ha sido dise\u00f1ado para mejorar las capacidades de adelantamiento y la ergonom\u00eda del conductor, haci\u00e9ndolo m\u00e1s inclusivo. Los sistemas del coche incluyen marshalling, DRS optimizado y una nueva unidad de control del veh\u00edculo. El coche complet\u00f3 una exitosa prueba de shakedown en junio y ha recorrido 2,000 kil\u00f3metros en varias pruebas de desarrollo.<\/p>\n\n\n\n<figure class=\"wp-block-embed is-type-rich is-provider-twitter wp-block-embed-twitter\"><div class=\"wp-block-embed__wrapper\">\n<blockquote class=\"twitter-tweet\" data-width=\"550\" data-dnt=\"true\"><p lang=\"en\" dir=\"ltr\">The tech specs of the next generation \u2699\ufe0f<a href=\"https:\/\/twitter.com\/hashtag\/F3?src=hash&amp;ref_src=twsrc%5Etfw\">#F3<\/a> <a href=\"https:\/\/twitter.com\/hashtag\/RoadToF1?src=hash&amp;ref_src=twsrc%5Etfw\">#RoadToF1<\/a> <a href=\"https:\/\/twitter.com\/fia?ref_src=twsrc%5Etfw\">@fia<\/a> <a href=\"https:\/\/t.co\/75zNnY2agO\">pic.twitter.com\/75zNnY2agO<\/a><\/p>&mdash; Formula 3 (@Formula3) <a href=\"https:\/\/twitter.com\/Formula3\/status\/1829836713331511534?ref_src=twsrc%5Etfw\">August 31, 2024<\/a><\/blockquote><script async src=\"https:\/\/platform.twitter.com\/widgets.js\" charset=\"utf-8\"><\/script>\n<\/div><\/figure>\n\n\n\n<p>Se espera que el primer coche se entregue a los equipos a finales de 2024, con los otros dos a mediados de enero de 2025. Los equipos y pilotos tendr\u00e1n la oportunidad de probarlo en las pruebas oficiales de pretemporada. Este nuevo dise\u00f1o refleja el compromiso de la FIA con la sostenibilidad y la preparaci\u00f3n de los j\u00f3venes pilotos para las categor\u00edas superiores del automovilismo.<\/p>\n","protected":false},"excerpt":{"rendered":"<p>La Formula 3 present\u00f3 en Italia la nueva generaci\u00f3n de su monoplaza, para la temporada 2025 El Campeonato de Formula 3 de la FIA present\u00f3 hoy en Monza el coche de F3 2025, que competir\u00e1 en las temporadas 2025, 2026 y 2027. El nuevo dise\u00f1o est\u00e1 alineado con los \u00faltimos est\u00e1ndares de seguridad y rendimiento [&hellip;]<\/p>\n","protected":false},"author":9,"featured_media":42047,"comment_status":"open","ping_status":"open","sticky":false,"template":"","format":"standard","meta":{"_monsterinsights_skip_tracking":false,"_monsterinsights_sitenote_active":false,"_monsterinsights_sitenote_note":"","_monsterinsights_sitenote_category":0,"_jetpack_memberships_contains_paid_content":false,"footnotes":""},"categories":[58],"tags":[165],"class_list":["post-42046","post","type-post","status-publish","format-standard","has-post-thumbnail","hentry","category-motorsport","tag-formula-3"],"aioseo_notices":[],"jetpack_featured_media_url":"https:\/\/redeportivamx.com\/wp-content\/uploads\/2024\/08\/image-157.png","jetpack_sharing_enabled":true,"_links":{"self":[{"href":"https:\/\/redeportivamx.com\/index.php\/wp-json\/wp\/v2\/posts\/42046","targetHints":{"allow":["GET"]}}],"collection":[{"href":"https:\/\/redeportivamx.com\/index.php\/wp-json\/wp\/v2\/posts"}],"about":[{"href":"https:\/\/redeportivamx.com\/index.php\/wp-json\/wp\/v2\/types\/post"}],"author":[{"embeddable":true,"href":"https:\/\/redeportivamx.com\/index.php\/wp-json\/wp\/v2\/users\/9"}],"replies":[{"embeddable":true,"href":"https:\/\/redeportivamx.com\/index.php\/wp-json\/wp\/v2\/comments?post=42046"}],"version-history":[{"count":1,"href":"https:\/\/redeportivamx.com\/index.php\/wp-json\/wp\/v2\/posts\/42046\/revisions"}],"predecessor-version":[{"id":42048,"href":"https:\/\/redeportivamx.com\/index.php\/wp-json\/wp\/v2\/posts\/42046\/revisions\/42048"}],"wp:featuredmedia":[{"embeddable":true,"href":"https:\/\/redeportivamx.com\/index.php\/wp-json\/wp\/v2\/media\/42047"}],"wp:attachment":[{"href":"https:\/\/redeportivamx.com\/index.php\/wp-json\/wp\/v2\/media?parent=42046"}],"wp:term":[{"taxonomy":"category","embeddable":true,"href":"https:\/\/redeportivamx.com\/index.php\/wp-json\/wp\/v2\/categories?post=42046"},{"taxonomy":"post_tag","embeddable":true,"href":"https:\/\/redeportivamx.com\/index.php\/wp-json\/wp\/v2\/tags?post=42046"}],"curies":[{"name":"wp","href":"https:\/\/api.w.org\/{rel}","templated":true}]}}