{"id":42008,"date":"2024-08-31T05:02:04","date_gmt":"2024-08-31T05:02:04","guid":{"rendered":"https:\/\/redeportivamx.com\/?p=42008"},"modified":"2024-08-31T05:02:05","modified_gmt":"2024-08-31T05:02:05","slug":"wec-ferrari-lidera-el-primer-dia-de-actividades-en-austin","status":"publish","type":"post","link":"https:\/\/redeportivamx.com\/index.php\/2024\/08\/31\/wec-ferrari-lidera-el-primer-dia-de-actividades-en-austin\/","title":{"rendered":"WEC: Ferrari lidera el primer d\u00eda de actividades en Austin"},"content":{"rendered":"\n<h2 class=\"wp-block-heading\">Ferrari marc\u00f3 los mejores tiempos en el primer d\u00eda de actividades en el Lone Star Le Mans WEC en COTA<\/h2>\n\n\n\n<p class=\"wp-block-paragraph\"><strong>El piloto italiano de Ferrari, Antonio Giovinazzi fue el m\u00e1s r\u00e1pido del equipo <a href=\"https:\/\/www.ferrari.com\/en-EN\/hypercar\" title=\"\">Ferrari AF Corse<\/a> en la FP2 del Lone Star Le Mans <a href=\"https:\/\/redeportivamx.com\/index.php\/category\/automovilismo\/\" title=\"\">WEC<\/a> en COTA<\/strong>, marcando <strong>un tiempo de 1:52.268s en el Ferrari 499P Hypercar #51<\/strong>. Su compa\u00f1ero Antonio Fuoco qued\u00f3 a solo 0.052s de distancia en el 499P #50. El <strong>BMW M Team WRT<\/strong> ocup\u00f3 el tercer lugar, pero su sesi\u00f3n termin\u00f3 prematuramente tras un trompo con Sheldon van der Linde al volante, provocando una breve bandera roja.<\/p>\n\n\n\n<figure class=\"wp-block-embed is-type-rich is-provider-twitter wp-block-embed-twitter\"><div class=\"wp-block-embed__wrapper\">\n<blockquote class=\"twitter-tweet\" data-width=\"550\" data-dnt=\"true\"><p lang=\"en\" dir=\"ltr\">\u23f1\ufe0f Hypercar FP2 Results \u23f1\ufe0f<br> <br>Ferrari AF Corse #51 goes quickest in FP2 with a lap time of 1:52.268 &#8211; set by Antonio Giovinazzi. \u26a1\ufe0f<br> <a href=\"https:\/\/twitter.com\/hashtag\/WEC?src=hash&amp;ref_src=twsrc%5Etfw\">#WEC<\/a> <a href=\"https:\/\/twitter.com\/hashtag\/6HCota?src=hash&amp;ref_src=twsrc%5Etfw\">#6HCota<\/a> <a href=\"https:\/\/t.co\/FaF08nh1ms\">pic.twitter.com\/FaF08nh1ms<\/a><\/p>&mdash; FIA World Endurance Championship (@FIAWEC) <a href=\"https:\/\/twitter.com\/FIAWEC\/status\/1829673146783580374?ref_src=twsrc%5Etfw\">August 31, 2024<\/a><\/blockquote><script async src=\"https:\/\/platform.twitter.com\/widgets.js\" charset=\"utf-8\"><\/script>\n<\/div><\/figure>\n\n\n\n<p class=\"wp-block-paragraph\">En LMGT3, <strong>Daniel Juncadella lider\u00f3 con el Corvette Z06 del equipo TF Sport, superando a los Ferrari #55 y #54 de VISTA AF Corse, que hab\u00edan dominado en la FP1<\/strong>. El Akkodis ASP Lexus #87 de Esteban Masson termin\u00f3 cuarto, seguido por el Lamborghini #60 de Iron Lynx y el Porsche 911 RSR GT3 de Manthey EMA, ganador de Le Mans, en quinto lugar.<\/p>\n\n\n\n<p class=\"wp-block-paragraph\"><strong>Cadillac Racing mostr\u00f3 buen ritmo<\/strong>, con Alex Lynn logrando el cuarto mejor tiempo en el V-Series.R Hypercar. Toyota y Hertz Team Jota completaron el top 10, mientras que ambos Porsche Penske y los Peugeot terminaron fuera de los primeros diez lugares.<\/p>\n","protected":false},"excerpt":{"rendered":"<p>Ferrari marc\u00f3 los mejores tiempos en el primer d\u00eda de actividades en el Lone Star Le Mans WEC en COTA El piloto italiano de Ferrari, Antonio Giovinazzi fue el m\u00e1s r\u00e1pido del equipo Ferrari AF Corse en la FP2 del Lone Star Le Mans WEC en COTA, marcando un tiempo de 1:52.268s en el Ferrari [&hellip;]<\/p>\n","protected":false},"author":9,"featured_media":42009,"comment_status":"open","ping_status":"open","sticky":false,"template":"","format":"standard","meta":{"_monsterinsights_skip_tracking":false,"_jetpack_newsletter_access":"","_jetpack_dont_email_post_to_subs":false,"_jetpack_newsletter_tier_id":0,"_jetpack_memberships_contains_paywalled_content":false,"_jetpack_feature_clip_id":0,"_jetpack_memberships_contains_paid_content":false,"footnotes":"","jetpack_post_was_ever_published":false},"categories":[58],"tags":[1395,1865,190],"class_list":["post-42008","post","type-post","status-publish","format-standard","has-post-thumbnail","hentry","category-motorsport","tag-ferrari-af-corse","tag-lone-star-le-mans-wec","tag-wec"],"aioseo_notices":[],"aioseo_head":"\n\t\t<!-- All in One SEO 5.0.1.1 - aioseo.com -->\n\t<meta name=\"description\" content=\"Ferrari marc\u00f3 los mejores tiempos en el primer d\u00eda de actividades en el Lone Star Le Mans WEC en COTA El piloto italiano de Ferrari, Antonio Giovinazzi fue el m\u00e1s r\u00e1pido del equipo Ferrari AF Corse en la FP2 del Lone Star Le Mans WEC en COTA, marcando un tiempo de 1:52.268s en el Ferrari\" \/>\n\t<meta name=\"robots\" content=\"max-image-preview:large\" \/>\n\t<meta name=\"author\" content=\"Emilio Vel\u00e1zquez\"\/>\n\t<link rel=\"canonical\" href=\"https:\/\/redeportivamx.com\/index.php\/2024\/08\/31\/wec-ferrari-lidera-el-primer-dia-de-actividades-en-austin\/\" \/>\n\t<meta name=\"generator\" content=\"All in One SEO (AIOSEO) 5.0.1.1\" \/>\n\t\t<meta property=\"og:locale\" content=\"es_MX\" \/>\n\t\t<meta property=\"og:site_name\" content=\"Redeportiva MX - \u00a1Conectando tu pasi\u00f3n!\" \/>\n\t\t<meta property=\"og:type\" content=\"sport\" \/>\n\t\t<meta property=\"og:title\" content=\"WEC: Ferrari lidera el primer d\u00eda de actividades en Austin\" \/>\n\t\t<meta property=\"og:description\" content=\"Ferrari marc\u00f3 los mejores tiempos en el primer d\u00eda de actividades en el Lone Star Le Mans WEC en COTA El piloto italiano de Ferrari, Antonio Giovinazzi fue el m\u00e1s r\u00e1pido del equipo Ferrari AF Corse en la FP2 del Lone Star Le Mans WEC en COTA, marcando un tiempo de 1:52.268s en el Ferrari\" \/>\n\t\t<meta property=\"og:url\" content=\"https:\/\/redeportivamx.com\/index.php\/2024\/08\/31\/wec-ferrari-lidera-el-primer-dia-de-actividades-en-austin\/\" \/>\n\t\t<meta property=\"og:image\" content=\"https:\/\/redeportivamx.com\/wp-content\/uploads\/2024\/08\/image-148.png\" \/>\n\t\t<meta property=\"og:image:secure_url\" content=\"https:\/\/redeportivamx.com\/wp-content\/uploads\/2024\/08\/image-148.png\" \/>\n\t\t<meta property=\"og:image:width\" content=\"4096\" \/>\n\t\t<meta property=\"og:image:height\" content=\"2731\" \/>\n\t\t<meta name=\"twitter:card\" content=\"summary_large_image\" \/>\n\t\t<meta name=\"twitter:site\" content=\"@Redeportivamx\" \/>\n\t\t<meta name=\"twitter:title\" content=\"WEC: Ferrari lidera el primer d\u00eda de actividades en Austin\" \/>\n\t\t<meta name=\"twitter:description\" content=\"Ferrari marc\u00f3 los mejores tiempos en el primer d\u00eda de actividades en el Lone Star Le Mans WEC en COTA El piloto italiano de Ferrari, Antonio Giovinazzi fue el m\u00e1s r\u00e1pido del equipo Ferrari AF Corse en la FP2 del Lone Star Le Mans WEC en COTA, marcando un tiempo de 1:52.268s en el Ferrari\" \/>\n\t\t<meta name=\"twitter:creator\" content=\"@Redeportivamx\" \/>\n\t\t<meta name=\"twitter:image\" content=\"https:\/\/redeportivamx.com\/wp-content\/uploads\/2024\/08\/image-148.png\" \/>\n\t\t<script type=\"application\/ld+json\" class=\"aioseo-schema\">\n\t\t\t{\"@context\":\"https:\\\/\\\/schema.org\",\"@graph\":[{\"@type\":\"BlogPosting\",\"@id\":\"https:\\\/\\\/redeportivamx.com\\\/index.php\\\/2024\\\/08\\\/31\\\/wec-ferrari-lidera-el-primer-dia-de-actividades-en-austin\\\/#blogposting\",\"name\":\"WEC: Ferrari lidera el primer d\\u00eda de actividades en Austin\",\"headline\":\"WEC: Ferrari lidera el primer d\\u00eda de actividades en Austin\",\"author\":{\"@id\":\"https:\\\/\\\/redeportivamx.com\\\/index.php\\\/author\\\/emilio-velazquez\\\/#author\"},\"publisher\":{\"@id\":\"https:\\\/\\\/redeportivamx.com\\\/#organization\"},\"image\":{\"@type\":\"ImageObject\",\"url\":\"https:\\\/\\\/redeportivamx.com\\\/wp-content\\\/uploads\\\/2024\\\/08\\\/image-148.png\",\"width\":4096,\"height\":2731,\"caption\":\"From: @FerrariHypercar\"},\"datePublished\":\"2024-08-31T05:02:04-06:00\",\"dateModified\":\"2024-08-31T05:02:05-06:00\",\"inLanguage\":\"es-MX\",\"mainEntityOfPage\":{\"@id\":\"https:\\\/\\\/redeportivamx.com\\\/index.php\\\/2024\\\/08\\\/31\\\/wec-ferrari-lidera-el-primer-dia-de-actividades-en-austin\\\/#webpage\"},\"isPartOf\":{\"@id\":\"https:\\\/\\\/redeportivamx.com\\\/index.php\\\/2024\\\/08\\\/31\\\/wec-ferrari-lidera-el-primer-dia-de-actividades-en-austin\\\/#webpage\"},\"articleSection\":\"Motorsport, Ferrari AF Corse, Lone Star Le Mans WEC, WEC\"},{\"@type\":\"BreadcrumbList\",\"@id\":\"https:\\\/\\\/redeportivamx.com\\\/index.php\\\/2024\\\/08\\\/31\\\/wec-ferrari-lidera-el-primer-dia-de-actividades-en-austin\\\/#breadcrumblist\",\"itemListElement\":[{\"@type\":\"ListItem\",\"@id\":\"https:\\\/\\\/redeportivamx.com#listItem\",\"position\":1,\"name\":\"Home\",\"item\":\"https:\\\/\\\/redeportivamx.com\",\"nextItem\":{\"@type\":\"ListItem\",\"@id\":\"https:\\\/\\\/redeportivamx.com\\\/index.php\\\/category\\\/motorsport\\\/#listItem\",\"name\":\"Motorsport\"}},{\"@type\":\"ListItem\",\"@id\":\"https:\\\/\\\/redeportivamx.com\\\/index.php\\\/category\\\/motorsport\\\/#listItem\",\"position\":2,\"name\":\"Motorsport\",\"item\":\"https:\\\/\\\/redeportivamx.com\\\/index.php\\\/category\\\/motorsport\\\/\",\"nextItem\":{\"@type\":\"ListItem\",\"@id\":\"https:\\\/\\\/redeportivamx.com\\\/index.php\\\/2024\\\/08\\\/31\\\/wec-ferrari-lidera-el-primer-dia-de-actividades-en-austin\\\/#listItem\",\"name\":\"WEC: Ferrari lidera el primer d\\u00eda de actividades en Austin\"},\"previousItem\":{\"@type\":\"ListItem\",\"@id\":\"https:\\\/\\\/redeportivamx.com#listItem\",\"name\":\"Home\"}},{\"@type\":\"ListItem\",\"@id\":\"https:\\\/\\\/redeportivamx.com\\\/index.php\\\/2024\\\/08\\\/31\\\/wec-ferrari-lidera-el-primer-dia-de-actividades-en-austin\\\/#listItem\",\"position\":3,\"name\":\"WEC: Ferrari lidera el primer d\\u00eda de actividades en Austin\",\"previousItem\":{\"@type\":\"ListItem\",\"@id\":\"https:\\\/\\\/redeportivamx.com\\\/index.php\\\/category\\\/motorsport\\\/#listItem\",\"name\":\"Motorsport\"}}]},{\"@type\":\"Organization\",\"@id\":\"https:\\\/\\\/redeportivamx.com\\\/#organization\",\"name\":\"redeportivamx.com\",\"description\":\"\\u00a1Conectando tu pasi\\u00f3n!\",\"url\":\"https:\\\/\\\/redeportivamx.com\\\/\",\"sameAs\":[\"https:\\\/\\\/www.facebook.com\\\/profile.php?id=61565592572733\",\"https:\\\/\\\/x.com\\\/Redeportivamx?s=20\",\"https:\\\/\\\/www.instagram.com\\\/redeportivamx\\\/\",\"https:\\\/\\\/www.tiktok.com\\\/@redeportiva.mx\",\"https:\\\/\\\/www.youtube.com\\\/@Redeportiva-MX\"]},{\"@type\":\"Person\",\"@id\":\"https:\\\/\\\/redeportivamx.com\\\/index.php\\\/author\\\/emilio-velazquez\\\/#author\",\"url\":\"https:\\\/\\\/redeportivamx.com\\\/index.php\\\/author\\\/emilio-velazquez\\\/\",\"name\":\"Emilio Vel\\u00e1zquez\",\"image\":{\"@type\":\"ImageObject\",\"@id\":\"https:\\\/\\\/redeportivamx.com\\\/index.php\\\/2024\\\/08\\\/31\\\/wec-ferrari-lidera-el-primer-dia-de-actividades-en-austin\\\/#authorImage\",\"url\":\"https:\\\/\\\/secure.gravatar.com\\\/avatar\\\/45b27d1f278cf0ccab389d50c4eac92ca0117f506a2ef5a3ff7a8b376bca6f8a?s=96&d=mm&r=g\",\"width\":96,\"height\":96,\"caption\":\"Emilio Vel\\u00e1zquez\"}},{\"@type\":\"WebPage\",\"@id\":\"https:\\\/\\\/redeportivamx.com\\\/index.php\\\/2024\\\/08\\\/31\\\/wec-ferrari-lidera-el-primer-dia-de-actividades-en-austin\\\/#webpage\",\"url\":\"https:\\\/\\\/redeportivamx.com\\\/index.php\\\/2024\\\/08\\\/31\\\/wec-ferrari-lidera-el-primer-dia-de-actividades-en-austin\\\/\",\"name\":\"WEC: Ferrari lidera el primer d\\u00eda de actividades en Austin\",\"description\":\"Ferrari marc\\u00f3 los mejores tiempos en el primer d\\u00eda de actividades en el Lone Star Le Mans WEC en COTA El piloto italiano de Ferrari, Antonio Giovinazzi fue el m\\u00e1s r\\u00e1pido del equipo Ferrari AF Corse en la FP2 del Lone Star Le Mans WEC en COTA, marcando un tiempo de 1:52.268s en el Ferrari\",\"inLanguage\":\"es-MX\",\"isPartOf\":{\"@id\":\"https:\\\/\\\/redeportivamx.com\\\/#website\"},\"breadcrumb\":{\"@id\":\"https:\\\/\\\/redeportivamx.com\\\/index.php\\\/2024\\\/08\\\/31\\\/wec-ferrari-lidera-el-primer-dia-de-actividades-en-austin\\\/#breadcrumblist\"},\"author\":{\"@id\":\"https:\\\/\\\/redeportivamx.com\\\/index.php\\\/author\\\/emilio-velazquez\\\/#author\"},\"creator\":{\"@id\":\"https:\\\/\\\/redeportivamx.com\\\/index.php\\\/author\\\/emilio-velazquez\\\/#author\"},\"image\":{\"@type\":\"ImageObject\",\"url\":\"https:\\\/\\\/redeportivamx.com\\\/wp-content\\\/uploads\\\/2024\\\/08\\\/image-148.png\",\"@id\":\"https:\\\/\\\/redeportivamx.com\\\/index.php\\\/2024\\\/08\\\/31\\\/wec-ferrari-lidera-el-primer-dia-de-actividades-en-austin\\\/#mainImage\",\"width\":4096,\"height\":2731,\"caption\":\"From: @FerrariHypercar\"},\"primaryImageOfPage\":{\"@id\":\"https:\\\/\\\/redeportivamx.com\\\/index.php\\\/2024\\\/08\\\/31\\\/wec-ferrari-lidera-el-primer-dia-de-actividades-en-austin\\\/#mainImage\"},\"datePublished\":\"2024-08-31T05:02:04-06:00\",\"dateModified\":\"2024-08-31T05:02:05-06:00\"},{\"@type\":\"WebSite\",\"@id\":\"https:\\\/\\\/redeportivamx.com\\\/#website\",\"url\":\"https:\\\/\\\/redeportivamx.com\\\/\",\"name\":\"redeportivamx.com\",\"description\":\"\\u00a1Conectando tu pasi\\u00f3n!\",\"inLanguage\":\"es-MX\",\"publisher\":{\"@id\":\"https:\\\/\\\/redeportivamx.com\\\/#organization\"}}]}\n\t\t<\/script>\n\t\t<!-- All in One SEO -->\n\n","aioseo_head_json":{"title":"WEC: Ferrari lidera el primer d\u00eda de actividades en Austin","description":"Ferrari marc\u00f3 los mejores tiempos en el primer d\u00eda de actividades en el Lone Star Le Mans WEC en COTA El piloto italiano de Ferrari, Antonio Giovinazzi fue el m\u00e1s r\u00e1pido del equipo Ferrari AF Corse en la FP2 del Lone Star Le Mans WEC en COTA, marcando un tiempo de 1:52.268s en el Ferrari","canonical_url":"https:\/\/redeportivamx.com\/index.php\/2024\/08\/31\/wec-ferrari-lidera-el-primer-dia-de-actividades-en-austin\/","robots":"max-image-preview:large","keywords":"","webmasterTools":{"miscellaneous":""},"schema":{"@context":"https:\/\/schema.org","@graph":[{"@type":"BlogPosting","@id":"https:\/\/redeportivamx.com\/index.php\/2024\/08\/31\/wec-ferrari-lidera-el-primer-dia-de-actividades-en-austin\/#blogposting","name":"WEC: Ferrari lidera el primer d\u00eda de actividades en Austin","headline":"WEC: Ferrari lidera el primer d\u00eda de actividades en Austin","author":{"@id":"https:\/\/redeportivamx.com\/index.php\/author\/emilio-velazquez\/#author"},"publisher":{"@id":"https:\/\/redeportivamx.com\/#organization"},"image":{"@type":"ImageObject","url":"https:\/\/redeportivamx.com\/wp-content\/uploads\/2024\/08\/image-148.png","width":4096,"height":2731,"caption":"From: @FerrariHypercar"},"datePublished":"2024-08-31T05:02:04-06:00","dateModified":"2024-08-31T05:02:05-06:00","inLanguage":"es-MX","mainEntityOfPage":{"@id":"https:\/\/redeportivamx.com\/index.php\/2024\/08\/31\/wec-ferrari-lidera-el-primer-dia-de-actividades-en-austin\/#webpage"},"isPartOf":{"@id":"https:\/\/redeportivamx.com\/index.php\/2024\/08\/31\/wec-ferrari-lidera-el-primer-dia-de-actividades-en-austin\/#webpage"},"articleSection":"Motorsport, Ferrari AF Corse, Lone Star Le Mans WEC, WEC"},{"@type":"BreadcrumbList","@id":"https:\/\/redeportivamx.com\/index.php\/2024\/08\/31\/wec-ferrari-lidera-el-primer-dia-de-actividades-en-austin\/#breadcrumblist","itemListElement":[{"@type":"ListItem","@id":"https:\/\/redeportivamx.com#listItem","position":1,"name":"Home","item":"https:\/\/redeportivamx.com","nextItem":{"@type":"ListItem","@id":"https:\/\/redeportivamx.com\/index.php\/category\/motorsport\/#listItem","name":"Motorsport"}},{"@type":"ListItem","@id":"https:\/\/redeportivamx.com\/index.php\/category\/motorsport\/#listItem","position":2,"name":"Motorsport","item":"https:\/\/redeportivamx.com\/index.php\/category\/motorsport\/","nextItem":{"@type":"ListItem","@id":"https:\/\/redeportivamx.com\/index.php\/2024\/08\/31\/wec-ferrari-lidera-el-primer-dia-de-actividades-en-austin\/#listItem","name":"WEC: Ferrari lidera el primer d\u00eda de actividades en Austin"},"previousItem":{"@type":"ListItem","@id":"https:\/\/redeportivamx.com#listItem","name":"Home"}},{"@type":"ListItem","@id":"https:\/\/redeportivamx.com\/index.php\/2024\/08\/31\/wec-ferrari-lidera-el-primer-dia-de-actividades-en-austin\/#listItem","position":3,"name":"WEC: Ferrari lidera el primer d\u00eda de actividades en Austin","previousItem":{"@type":"ListItem","@id":"https:\/\/redeportivamx.com\/index.php\/category\/motorsport\/#listItem","name":"Motorsport"}}]},{"@type":"Organization","@id":"https:\/\/redeportivamx.com\/#organization","name":"redeportivamx.com","description":"\u00a1Conectando tu pasi\u00f3n!","url":"https:\/\/redeportivamx.com\/","sameAs":["https:\/\/www.facebook.com\/profile.php?id=61565592572733","https:\/\/x.com\/Redeportivamx?s=20","https:\/\/www.instagram.com\/redeportivamx\/","https:\/\/www.tiktok.com\/@redeportiva.mx","https:\/\/www.youtube.com\/@Redeportiva-MX"]},{"@type":"Person","@id":"https:\/\/redeportivamx.com\/index.php\/author\/emilio-velazquez\/#author","url":"https:\/\/redeportivamx.com\/index.php\/author\/emilio-velazquez\/","name":"Emilio Vel\u00e1zquez","image":{"@type":"ImageObject","@id":"https:\/\/redeportivamx.com\/index.php\/2024\/08\/31\/wec-ferrari-lidera-el-primer-dia-de-actividades-en-austin\/#authorImage","url":"https:\/\/secure.gravatar.com\/avatar\/45b27d1f278cf0ccab389d50c4eac92ca0117f506a2ef5a3ff7a8b376bca6f8a?s=96&d=mm&r=g","width":96,"height":96,"caption":"Emilio Vel\u00e1zquez"}},{"@type":"WebPage","@id":"https:\/\/redeportivamx.com\/index.php\/2024\/08\/31\/wec-ferrari-lidera-el-primer-dia-de-actividades-en-austin\/#webpage","url":"https:\/\/redeportivamx.com\/index.php\/2024\/08\/31\/wec-ferrari-lidera-el-primer-dia-de-actividades-en-austin\/","name":"WEC: Ferrari lidera el primer d\u00eda de actividades en Austin","description":"Ferrari marc\u00f3 los mejores tiempos en el primer d\u00eda de actividades en el Lone Star Le Mans WEC en COTA El piloto italiano de Ferrari, Antonio Giovinazzi fue el m\u00e1s r\u00e1pido del equipo Ferrari AF Corse en la FP2 del Lone Star Le Mans WEC en COTA, marcando un tiempo de 1:52.268s en el Ferrari","inLanguage":"es-MX","isPartOf":{"@id":"https:\/\/redeportivamx.com\/#website"},"breadcrumb":{"@id":"https:\/\/redeportivamx.com\/index.php\/2024\/08\/31\/wec-ferrari-lidera-el-primer-dia-de-actividades-en-austin\/#breadcrumblist"},"author":{"@id":"https:\/\/redeportivamx.com\/index.php\/author\/emilio-velazquez\/#author"},"creator":{"@id":"https:\/\/redeportivamx.com\/index.php\/author\/emilio-velazquez\/#author"},"image":{"@type":"ImageObject","url":"https:\/\/redeportivamx.com\/wp-content\/uploads\/2024\/08\/image-148.png","@id":"https:\/\/redeportivamx.com\/index.php\/2024\/08\/31\/wec-ferrari-lidera-el-primer-dia-de-actividades-en-austin\/#mainImage","width":4096,"height":2731,"caption":"From: @FerrariHypercar"},"primaryImageOfPage":{"@id":"https:\/\/redeportivamx.com\/index.php\/2024\/08\/31\/wec-ferrari-lidera-el-primer-dia-de-actividades-en-austin\/#mainImage"},"datePublished":"2024-08-31T05:02:04-06:00","dateModified":"2024-08-31T05:02:05-06:00"},{"@type":"WebSite","@id":"https:\/\/redeportivamx.com\/#website","url":"https:\/\/redeportivamx.com\/","name":"redeportivamx.com","description":"\u00a1Conectando tu pasi\u00f3n!","inLanguage":"es-MX","publisher":{"@id":"https:\/\/redeportivamx.com\/#organization"}}]},"og:locale":"es_MX","og:site_name":"Redeportiva MX - \u00a1Conectando tu pasi\u00f3n!","og:type":"sport","og:title":"WEC: Ferrari lidera el primer d\u00eda de actividades en Austin","og:description":"Ferrari marc\u00f3 los mejores tiempos en el primer d\u00eda de actividades en el Lone Star Le Mans WEC en COTA El piloto italiano de Ferrari, Antonio Giovinazzi fue el m\u00e1s r\u00e1pido del equipo Ferrari AF Corse en la FP2 del Lone Star Le Mans WEC en COTA, marcando un tiempo de 1:52.268s en el Ferrari","og:url":"https:\/\/redeportivamx.com\/index.php\/2024\/08\/31\/wec-ferrari-lidera-el-primer-dia-de-actividades-en-austin\/","og:image":"https:\/\/redeportivamx.com\/wp-content\/uploads\/2024\/08\/image-148.png","og:image:secure_url":"https:\/\/redeportivamx.com\/wp-content\/uploads\/2024\/08\/image-148.png","og:image:width":4096,"og:image:height":2731,"twitter:card":"summary_large_image","twitter:site":"@Redeportivamx","twitter:title":"WEC: Ferrari lidera el primer d\u00eda de actividades en Austin","twitter:description":"Ferrari marc\u00f3 los mejores tiempos en el primer d\u00eda de actividades en el Lone Star Le Mans WEC en COTA El piloto italiano de Ferrari, Antonio Giovinazzi fue el m\u00e1s r\u00e1pido del equipo Ferrari AF Corse en la FP2 del Lone Star Le Mans WEC en COTA, marcando un tiempo de 1:52.268s en el Ferrari","twitter:creator":"@Redeportivamx","twitter:image":"https:\/\/redeportivamx.com\/wp-content\/uploads\/2024\/08\/image-148.png"},"aioseo_meta_data":{"post_id":"42008","title":"#post_title","description":null,"keywords":null,"keyphrases":{"focus":{"keyphrase":"WEC","score":93,"analysis":{"keyphraseInTitle":{"score":9,"maxScore":9,"error":0},"keyphraseInDescription":{"score":9,"maxScore":9,"error":0},"keyphraseLength":{"score":9,"maxScore":9,"error":0,"length":1},"keyphraseInURL":{"score":1,"maxScore":5,"error":1},"keyphraseInIntroduction":{"score":9,"maxScore":9,"error":0},"keyphraseInSubHeadings":{"score":9,"maxScore":9,"error":0},"keyphraseInImageAlt":[],"keywordDensity":{"type":"best","score":9,"maxScore":9,"error":0}}},"additional":[]},"primary_term":null,"canonical_url":null,"og_title":null,"og_description":null,"og_object_type":"default","og_image_type":"default","og_image_url":null,"og_image_width":null,"og_image_height":null,"og_image_custom_url":null,"og_image_custom_fields":null,"og_video":"","og_custom_url":null,"og_article_section":null,"og_article_tags":null,"twitter_use_og":false,"twitter_card":"default","twitter_image_type":"default","twitter_image_url":null,"twitter_image_custom_url":null,"twitter_image_custom_fields":null,"twitter_title":null,"twitter_description":null,"schema":{"blockGraphs":[],"customGraphs":[],"default":{"data":{"Article":[],"Course":[],"Dataset":[],"FAQPage":[],"Movie":[],"Person":[],"Product":[],"ProductReview":[],"Car":[],"Recipe":[],"Service":[],"SoftwareApplication":[],"WebPage":[]},"graphName":"BlogPosting","isEnabled":true},"graphs":[]},"schema_type":"default","schema_type_options":null,"pillar_content":false,"robots_default":true,"robots_noindex":false,"robots_noarchive":false,"robots_nosnippet":false,"robots_nofollow":false,"robots_noimageindex":false,"robots_noodp":false,"robots_notranslate":false,"robots_max_snippet":"-1","robots_max_videopreview":"-1","robots_max_imagepreview":"large","priority":null,"frequency":"default","local_seo":null,"breadcrumb_settings":null,"limit_modified_date":false,"ai":null,"created":"2024-08-31 05:02:05","updated":"2025-06-04 19:08:09","seo_analyzer_scan_date":null,"focus_keyword":"WEC","additional_keywords":null,"truseo_locale":null},"aioseo_breadcrumb":"<div class=\"aioseo-breadcrumbs\"><span class=\"aioseo-breadcrumb\">\n\t\t\t<a href=\"https:\/\/redeportivamx.com\" title=\"Home\">Home<\/a>\n\t\t<\/span><span class=\"aioseo-breadcrumb-separator\">&raquo;<\/span><span class=\"aioseo-breadcrumb\">\n\t\t\t<a href=\"https:\/\/redeportivamx.com\/index.php\/category\/motorsport\/\" title=\"Motorsport\">Motorsport<\/a>\n\t\t<\/span><span class=\"aioseo-breadcrumb-separator\">&raquo;<\/span><span class=\"aioseo-breadcrumb\">\n\t\t\tWEC: Ferrari lidera el primer d\u00eda de actividades en Austin\n\t\t<\/span><\/div>","aioseo_breadcrumb_json":[{"label":"Home","link":"https:\/\/redeportivamx.com"},{"label":"Motorsport","link":"https:\/\/redeportivamx.com\/index.php\/category\/motorsport\/"},{"label":"WEC: Ferrari lidera el primer d\u00eda de actividades en Austin","link":"https:\/\/redeportivamx.com\/index.php\/2024\/08\/31\/wec-ferrari-lidera-el-primer-dia-de-actividades-en-austin\/"}],"jetpack_sharing_enabled":true,"jetpack_featured_media_url":"https:\/\/redeportivamx.com\/wp-content\/uploads\/2024\/08\/image-148.png","_links":{"self":[{"href":"https:\/\/redeportivamx.com\/index.php\/wp-json\/wp\/v2\/posts\/42008","targetHints":{"allow":["GET"]}}],"collection":[{"href":"https:\/\/redeportivamx.com\/index.php\/wp-json\/wp\/v2\/posts"}],"about":[{"href":"https:\/\/redeportivamx.com\/index.php\/wp-json\/wp\/v2\/types\/post"}],"author":[{"embeddable":true,"href":"https:\/\/redeportivamx.com\/index.php\/wp-json\/wp\/v2\/users\/9"}],"replies":[{"embeddable":true,"href":"https:\/\/redeportivamx.com\/index.php\/wp-json\/wp\/v2\/comments?post=42008"}],"version-history":[{"count":1,"href":"https:\/\/redeportivamx.com\/index.php\/wp-json\/wp\/v2\/posts\/42008\/revisions"}],"predecessor-version":[{"id":42010,"href":"https:\/\/redeportivamx.com\/index.php\/wp-json\/wp\/v2\/posts\/42008\/revisions\/42010"}],"wp:featuredmedia":[{"embeddable":true,"href":"https:\/\/redeportivamx.com\/index.php\/wp-json\/wp\/v2\/media\/42009"}],"wp:attachment":[{"href":"https:\/\/redeportivamx.com\/index.php\/wp-json\/wp\/v2\/media?parent=42008"}],"wp:term":[{"taxonomy":"category","embeddable":true,"href":"https:\/\/redeportivamx.com\/index.php\/wp-json\/wp\/v2\/categories?post=42008"},{"taxonomy":"post_tag","embeddable":true,"href":"https:\/\/redeportivamx.com\/index.php\/wp-json\/wp\/v2\/tags?post=42008"}],"curies":[{"name":"wp","href":"https:\/\/api.w.org\/{rel}","templated":true}]}}