{"id":41959,"date":"2024-08-30T02:19:14","date_gmt":"2024-08-30T02:19:14","guid":{"rendered":"https:\/\/redeportivamx.com\/?p=41959"},"modified":"2024-08-30T02:19:30","modified_gmt":"2024-08-30T02:19:30","slug":"formula-1-fechas-y-horarios-para-el-gran-premio-de-italia","status":"publish","type":"post","link":"https:\/\/redeportivamx.com\/index.php\/2024\/08\/30\/formula-1-fechas-y-horarios-para-el-gran-premio-de-italia\/","title":{"rendered":"Formula 1:\u00a0Fechas y horarios para el Gran Premio de Italia"},"content":{"rendered":"\n<h2 class=\"wp-block-heading\">La temporada 2024 de la Formula 1 est\u00e1 de regreso con el GP de Italia <\/h2>\n\n\n\n<p>Tras un emocionante fin de semana en el\u00a0<strong>Gran Premio de los Pa\u00edses Bajos<\/strong>, donde <strong>Lando Norris se llev\u00f3 su 2da victoria del a\u00f1o<\/strong>, la <strong><a href=\"https:\/\/redeportivamx.com\/index.php\/category\/formula-1\/\" target=\"_blank\" rel=\"noopener\" title=\"\">Formula 1<\/a><\/strong> viaja a <strong>la casa de la <a href=\"https:\/\/www.ferrari.com\/en-EN\/formula1\" target=\"_blank\" rel=\"noopener\" title=\"\">Scuderia Ferrari<\/a><\/strong>, el\u00a0<strong>Gran Premio de Italia<\/strong>. \u00bf<strong>Max Verstappen<\/strong>\u00a0regresar\u00e1 a la victoria? \u00bf<strong>Ferrari<\/strong>\u00a0podr\u00e1 celebrar una victoria en casa? \u00bfConoceremos a un nuevo ganador? Aqu\u00ed les dejamos las fechas y horarios para para conocer las respuestas a esas preguntas y perderse ni un minuto de la acci\u00f3n de tus pilotos y equipos favoritos:<\/p>\n\n\n\n<h3 class=\"wp-block-heading\">Viernes 30 de agosto:<\/h3>\n\n\n\n<p>05:30 Entrenamientos libres 1<\/p>\n\n\n\n<p>09:00 Entrenamientos libres 2<\/p>\n\n\n\n<h3 class=\"wp-block-heading\">S\u00e1bado 31 de agosto:<\/h3>\n\n\n\n<p>04:30 Entrenamientos libres 3<\/p>\n\n\n\n<p>08:00 Clasificaci\u00f3n<\/p>\n\n\n\n<h3 class=\"wp-block-heading\">Domingo 1 de septiembre:<\/h3>\n\n\n\n<p>07:00 Carrera<\/p>\n\n\n\n<figure class=\"wp-block-embed is-type-rich is-provider-twitter wp-block-embed-twitter\"><div class=\"wp-block-embed__wrapper\">\n<blockquote class=\"twitter-tweet\" data-width=\"550\" data-dnt=\"true\"><p lang=\"en\" dir=\"ltr\">There\u2019s no place like home \ud83c\uddee\ud83c\uddf9<a href=\"https:\/\/twitter.com\/hashtag\/ItalianGP?src=hash&amp;ref_src=twsrc%5Etfw\">#ItalianGP<\/a> <a href=\"https:\/\/twitter.com\/hashtag\/F1?src=hash&amp;ref_src=twsrc%5Etfw\">#F1<\/a> <a href=\"https:\/\/t.co\/rYuSYykmYM\">pic.twitter.com\/rYuSYykmYM<\/a><\/p>&mdash; Scuderia Ferrari HP (@ScuderiaFerrari) <a href=\"https:\/\/twitter.com\/ScuderiaFerrari\/status\/1829221885038735501?ref_src=twsrc%5Etfw\">August 29, 2024<\/a><\/blockquote><script async src=\"https:\/\/platform.twitter.com\/widgets.js\" charset=\"utf-8\"><\/script>\n<\/div><\/figure>\n\n\n\n<p>En M\u00e9xico podr\u00e1n seguir a la Formula 1 por\u00a0<strong>Fox Sports<\/strong>,\u00a0<strong>Star+<\/strong>\u00a0y en <a href=\"https:\/\/www.indycarlive.com\/\" target=\"_blank\" rel=\"noreferrer noopener\"><strong>F1TV<\/strong><\/a>. En el resto de Latinoam\u00e9rica podr\u00e1n hacerlo a trav\u00e9s de\u00a0<strong>ESPN<\/strong>,\u00a0<strong>Star+<\/strong>\u00a0y\u00a0<strong>F1TV<\/strong>. Recordar que este fin de semana tambi\u00e9n contaremos con la presencia de la\u00a0<strong>Formula 2 y la Formula 3<\/strong>.<\/p>\n\n\n\n<figure class=\"wp-block-image size-large\"><img fetchpriority=\"high\" decoding=\"async\" width=\"1024\" height=\"683\" src=\"https:\/\/redeportivamx.com\/wp-content\/uploads\/2024\/08\/image-141-1024x683.png\" alt=\"\" class=\"wp-image-41960\" srcset=\"https:\/\/redeportivamx.com\/wp-content\/uploads\/2024\/08\/image-141-1024x683.png 1024w, https:\/\/redeportivamx.com\/wp-content\/uploads\/2024\/08\/image-141-300x200.png 300w, https:\/\/redeportivamx.com\/wp-content\/uploads\/2024\/08\/image-141-768x512.png 768w, https:\/\/redeportivamx.com\/wp-content\/uploads\/2024\/08\/image-141-1536x1024.png 1536w, https:\/\/redeportivamx.com\/wp-content\/uploads\/2024\/08\/image-141-2048x1366.png 2048w\" sizes=\"(max-width: 1024px) 100vw, 1024px\" \/><\/figure>\n","protected":false},"excerpt":{"rendered":"<p>La temporada 2024 de la Formula 1 est\u00e1 de regreso con el GP de Italia Tras un emocionante fin de semana en el\u00a0Gran Premio de los Pa\u00edses Bajos, donde Lando Norris se llev\u00f3 su 2da victoria del a\u00f1o, la Formula 1 viaja a la casa de la Scuderia Ferrari, el\u00a0Gran Premio de Italia. \u00bfMax Verstappen\u00a0regresar\u00e1 [&hellip;]<\/p>\n","protected":false},"author":9,"featured_media":41960,"comment_status":"open","ping_status":"open","sticky":false,"template":"","format":"standard","meta":{"_monsterinsights_skip_tracking":false,"_monsterinsights_sitenote_active":false,"_monsterinsights_sitenote_note":"","_monsterinsights_sitenote_category":0,"_jetpack_memberships_contains_paid_content":false,"footnotes":""},"categories":[7],"tags":[45,1859,1860,987],"class_list":["post-41959","post","type-post","status-publish","format-standard","has-post-thumbnail","hentry","category-formula-1","tag-formula-1","tag-gp-de-italia","tag-italiangp","tag-scuderia-ferrari"],"aioseo_notices":[],"jetpack_featured_media_url":"https:\/\/redeportivamx.com\/wp-content\/uploads\/2024\/08\/image-141.png","jetpack_sharing_enabled":true,"_links":{"self":[{"href":"https:\/\/redeportivamx.com\/index.php\/wp-json\/wp\/v2\/posts\/41959","targetHints":{"allow":["GET"]}}],"collection":[{"href":"https:\/\/redeportivamx.com\/index.php\/wp-json\/wp\/v2\/posts"}],"about":[{"href":"https:\/\/redeportivamx.com\/index.php\/wp-json\/wp\/v2\/types\/post"}],"author":[{"embeddable":true,"href":"https:\/\/redeportivamx.com\/index.php\/wp-json\/wp\/v2\/users\/9"}],"replies":[{"embeddable":true,"href":"https:\/\/redeportivamx.com\/index.php\/wp-json\/wp\/v2\/comments?post=41959"}],"version-history":[{"count":2,"href":"https:\/\/redeportivamx.com\/index.php\/wp-json\/wp\/v2\/posts\/41959\/revisions"}],"predecessor-version":[{"id":41962,"href":"https:\/\/redeportivamx.com\/index.php\/wp-json\/wp\/v2\/posts\/41959\/revisions\/41962"}],"wp:featuredmedia":[{"embeddable":true,"href":"https:\/\/redeportivamx.com\/index.php\/wp-json\/wp\/v2\/media\/41960"}],"wp:attachment":[{"href":"https:\/\/redeportivamx.com\/index.php\/wp-json\/wp\/v2\/media?parent=41959"}],"wp:term":[{"taxonomy":"category","embeddable":true,"href":"https:\/\/redeportivamx.com\/index.php\/wp-json\/wp\/v2\/categories?post=41959"},{"taxonomy":"post_tag","embeddable":true,"href":"https:\/\/redeportivamx.com\/index.php\/wp-json\/wp\/v2\/tags?post=41959"}],"curies":[{"name":"wp","href":"https:\/\/api.w.org\/{rel}","templated":true}]}}