{"id":41715,"date":"2024-08-22T17:48:29","date_gmt":"2024-08-22T17:48:29","guid":{"rendered":"https:\/\/redeportivamx.com\/?p=41715"},"modified":"2024-08-22T17:48:31","modified_gmt":"2024-08-22T17:48:31","slug":"feyenoord-se-lleva-a-gilberto-mora","status":"publish","type":"post","link":"https:\/\/redeportivamx.com\/index.php\/2024\/08\/22\/feyenoord-se-lleva-a-gilberto-mora\/","title":{"rendered":"Feyenoord se lleva a Gilberto Mora"},"content":{"rendered":"\n<p class=\"has-text-align-justify\">La semana de Gilberto Mora no hace m\u00e1s que mejorar, esto debido a que el mexicano se convirti\u00f3 en el jugador m\u00e1s joven en debutar en la Liga MX en el duelo ante Santos, pero ahora una nueva puerta se abre ante \u00e9l, ya que ahora se reporta que viajar\u00e1 a Pa\u00edses Bajos para entrenar con el Feyenoord de Santiago Gimenez.<\/p>\n\n\n\n<p class=\"has-text-align-justify\">El pasado domingo 18 de agosto la Liga Mx vivi\u00f3 un momento hist\u00f3rico, ya que a los 73 minutos del duelo entre Tijuana y Santos correspondiente a la jornada 8, Gilberto Mora de tan solo 15 a\u00f1os salt\u00f3 al terreno de juego, convirti\u00e9ndose en el jugador m\u00e1s joven en presentarse en la primera divisi\u00f3n, para mejorar la situaci\u00f3n, el futbolista podr\u00eda volver un ascenso en su corta carrera.<\/p>\n\n\n\n<p class=\"has-text-align-justify\">De acuerdo con informaci\u00f3n de Mart\u00edn del Palacio, el canterano de los <em>Xolos <\/em>de Tijuana permanecer\u00e1 20 d\u00edas en los\u00a0 Pa\u00edses Bajos para entrenar con las fuerzas inferiores del club de Rotterdam, esta decisi\u00f3n fue consultada con Juan Carlos Osorio, director t\u00e9cnico del equipo de la frontera, el cual dio su aprobaci\u00f3n.<\/p>\n\n\n\n<p class=\"has-text-align-justify\">Cabe mencionar que el club campe\u00f3n de la Supercopa de los Pa\u00edses Bajos no podr\u00eda hacer una oferta formal por el jugador mexicano, esto debido a que a\u00fan no cumple con la mayor\u00eda de edad, por lo que esto solo podr\u00eda funcionar como una manera de seguirlo a\u00fan m\u00e1s de cerca y preparar un posible traspaso en el futuro.<\/p>\n\n\n\n<figure class=\"wp-block-image size-full\"><img fetchpriority=\"high\" decoding=\"async\" width=\"591\" height=\"354\" src=\"http:\/\/redeportivamx.com\/wp-content\/uploads\/2024\/08\/image-102.png\" alt=\"\" class=\"wp-image-41713\" srcset=\"https:\/\/redeportivamx.com\/wp-content\/uploads\/2024\/08\/image-102.png 591w, https:\/\/redeportivamx.com\/wp-content\/uploads\/2024\/08\/image-102-300x180.png 300w\" sizes=\"(max-width: 591px) 100vw, 591px\" \/><\/figure>\n","protected":false},"excerpt":{"rendered":"<p>La semana de Gilberto Mora no hace m\u00e1s que mejorar, esto debido a que el mexicano se convirti\u00f3 en el jugador m\u00e1s joven en debutar en la Liga MX en el duelo ante Santos, pero ahora una nueva puerta se abre ante \u00e9l, ya que ahora se reporta que viajar\u00e1 a Pa\u00edses Bajos para entrenar [&hellip;]<\/p>\n","protected":false},"author":16,"featured_media":41712,"comment_status":"open","ping_status":"open","sticky":false,"template":"","format":"standard","meta":{"_monsterinsights_skip_tracking":false,"_monsterinsights_sitenote_active":false,"_monsterinsights_sitenote_note":"","_monsterinsights_sitenote_category":0,"_jetpack_memberships_contains_paid_content":false,"footnotes":""},"categories":[10],"tags":[296,1842,556],"class_list":["post-41715","post","type-post","status-publish","format-standard","has-post-thumbnail","hentry","category-liga-bbva-mx","tag-feyenoord","tag-gilberto-mora","tag-tijuana"],"aioseo_notices":[],"jetpack_featured_media_url":"https:\/\/redeportivamx.com\/wp-content\/uploads\/2024\/08\/image-101.png","jetpack_sharing_enabled":true,"_links":{"self":[{"href":"https:\/\/redeportivamx.com\/index.php\/wp-json\/wp\/v2\/posts\/41715","targetHints":{"allow":["GET"]}}],"collection":[{"href":"https:\/\/redeportivamx.com\/index.php\/wp-json\/wp\/v2\/posts"}],"about":[{"href":"https:\/\/redeportivamx.com\/index.php\/wp-json\/wp\/v2\/types\/post"}],"author":[{"embeddable":true,"href":"https:\/\/redeportivamx.com\/index.php\/wp-json\/wp\/v2\/users\/16"}],"replies":[{"embeddable":true,"href":"https:\/\/redeportivamx.com\/index.php\/wp-json\/wp\/v2\/comments?post=41715"}],"version-history":[{"count":1,"href":"https:\/\/redeportivamx.com\/index.php\/wp-json\/wp\/v2\/posts\/41715\/revisions"}],"predecessor-version":[{"id":41716,"href":"https:\/\/redeportivamx.com\/index.php\/wp-json\/wp\/v2\/posts\/41715\/revisions\/41716"}],"wp:featuredmedia":[{"embeddable":true,"href":"https:\/\/redeportivamx.com\/index.php\/wp-json\/wp\/v2\/media\/41712"}],"wp:attachment":[{"href":"https:\/\/redeportivamx.com\/index.php\/wp-json\/wp\/v2\/media?parent=41715"}],"wp:term":[{"taxonomy":"category","embeddable":true,"href":"https:\/\/redeportivamx.com\/index.php\/wp-json\/wp\/v2\/categories?post=41715"},{"taxonomy":"post_tag","embeddable":true,"href":"https:\/\/redeportivamx.com\/index.php\/wp-json\/wp\/v2\/tags?post=41715"}],"curies":[{"name":"wp","href":"https:\/\/api.w.org\/{rel}","templated":true}]}}