{"id":40353,"date":"2024-07-06T08:36:44","date_gmt":"2024-07-06T08:36:44","guid":{"rendered":"https:\/\/redeportivamx.com\/?p=40353"},"modified":"2024-07-06T08:36:52","modified_gmt":"2024-07-06T08:36:52","slug":"indycar-mclaren-sustituira-a-rossi-con-lundgaard-en-2025","status":"publish","type":"post","link":"https:\/\/redeportivamx.com\/index.php\/2024\/07\/06\/indycar-mclaren-sustituira-a-rossi-con-lundgaard-en-2025\/","title":{"rendered":"IndyCar: McLaren sustituir\u00e1 a Rossi con Lundgaard en 2025"},"content":{"rendered":"\n<h2 class=\"wp-block-heading\">Arrow McLaren confirm\u00f3 su alineaci\u00f3n de pilotos para 2025, con la incorporaci\u00f3n de Christian Lundgaard<\/h2>\n\n\n\n<p>El pasado 2 de julio <strong><a href=\"https:\/\/www.mclaren.com\/racing\/\" target=\"_blank\" rel=\"noopener\" title=\"\">Arrow McLaren<\/a> anunci\u00f3 que su alineaci\u00f3n de pilotos para la temporada 2025 de la <a href=\"https:\/\/redeportivamx.com\/index.php\/category\/automovilismo\/\" target=\"_blank\" rel=\"noopener\" title=\"\">IndyCar<\/a> est\u00e1 confirmada, con la incorporaci\u00f3n de Christian Lundgaard<\/strong>. Este piloto se unir\u00e1 a <strong>Pato O&#8217;Ward y Nolan Siegel<\/strong> en la alineaci\u00f3n de tres autos del equipo despu\u00e9s del cierre de esta temporada. Lundgaard, que ocupa el puesto 11 en la clasificaci\u00f3n del campeonato conducir\u00e1 el <strong>Chevrolet No. 7 VELO Arrow McLaren<\/strong>. Asimismo, <strong>el equipo se separa de Alexander Rossi<\/strong>, quien est\u00e1 en su segunda temporada con el equipo.<\/p>\n\n\n\n<figure class=\"wp-block-embed is-type-rich is-provider-twitter wp-block-embed-twitter\"><div class=\"wp-block-embed__wrapper\">\n<blockquote class=\"twitter-tweet\" data-width=\"550\" data-dnt=\"true\"><p lang=\"en\" dir=\"ltr\">Grateful for the time.<a href=\"https:\/\/twitter.com\/hashtag\/INDYCAR?src=hash&amp;ref_src=twsrc%5Etfw\">#INDYCAR<\/a> \/\/ <a href=\"https:\/\/twitter.com\/AlexanderRossi?ref_src=twsrc%5Etfw\">@AlexanderRossi<\/a> <a href=\"https:\/\/t.co\/GWG49ZWEDk\">pic.twitter.com\/GWG49ZWEDk<\/a><\/p>&mdash; NTT INDYCAR SERIES (@IndyCar) <a href=\"https:\/\/twitter.com\/IndyCar\/status\/1808226680718217421?ref_src=twsrc%5Etfw\">July 2, 2024<\/a><\/blockquote><script async src=\"https:\/\/platform.twitter.com\/widgets.js\" charset=\"utf-8\"><\/script>\n<\/div><\/figure>\n\n\n\n<p>Lundgaard ha tenido <strong>un buen comienzo en su carrera en la IndyCar desde que se uni\u00f3 a la serie a tiempo completo en 2022<\/strong>, obteniendo una victoria en julio de 2023 en Toronto, dos poles y tres podios. Caus\u00f3 sensaci\u00f3n como <strong>Novato del A\u00f1o 2022 con Rahal Letterman Lanigan Racing<\/strong>, donde ha corrido durante sus tres primeras temporadas. Antes de iniciar una carrera profesional en Norteam\u00e9rica, Lundgaard <strong>compiti\u00f3 en el Campeonato de Formula 2<\/strong>, donde obtuvo dos victorias y nueve podios en las temporadas 2020 y 2021. Tambi\u00e9n corri\u00f3 con Alpine en el <strong>Campeonato de Formula 3<\/strong> en 2019 y obtuvo una victoria, dos podios y dos poles.<\/p>\n\n\n\n<figure class=\"wp-block-embed is-type-rich is-provider-twitter wp-block-embed-twitter\"><div class=\"wp-block-embed__wrapper\">\n<blockquote class=\"twitter-tweet\" data-width=\"550\" data-dnt=\"true\"><p lang=\"en\" dir=\"ltr\">Right way to start the month of May. Proud of this team. Let\u2019s keep digging\ud83e\udd18\ud83c\udffb <a href=\"https:\/\/t.co\/nAJURViqgV\">pic.twitter.com\/nAJURViqgV<\/a><\/p>&mdash; Christian Lundgaard (@lundgaardoff) <a href=\"https:\/\/twitter.com\/lundgaardoff\/status\/1789439501913186439?ref_src=twsrc%5Etfw\">May 11, 2024<\/a><\/blockquote><script async src=\"https:\/\/platform.twitter.com\/widgets.js\" charset=\"utf-8\"><\/script>\n<\/div><\/figure>\n\n\n\n<p>&#8220;Christian ha tenido un \u00e9xito comprobado en sus pocas temporadas compitiendo en la serie, y marca las casillas de lo que estamos buscando en velocidad y potencial junto a Pato y Nolan&#8221;, dijo el director del equipo Arrow McLaren, <strong>Gavin Ward<\/strong>. &#8220;Los tres forman el tr\u00edo m\u00e1s joven de la parrilla de la NTT INDYCAR SERIES, y sabemos que esa direcci\u00f3n ha dado sus frutos para nuestros hom\u00f3logos de F1 con Lando (Norris) y Oscar (Piastri). Estamos mirando hacia nuestro objetivo a largo plazo de un alto rendimiento sostenido, y creo que con estos tres pilotos y el apoyo continuo de Arrow y todos nuestros incre\u00edbles socios, estamos dando un buen paso en esa direcci\u00f3n para 2025&#8221;.<\/p>\n\n\n\n<figure class=\"wp-block-embed is-type-rich is-provider-twitter wp-block-embed-twitter\"><div class=\"wp-block-embed__wrapper\">\n<blockquote class=\"twitter-tweet\" data-width=\"550\" data-dnt=\"true\"><p lang=\"en\" dir=\"ltr\">Arrow McLaren announces Christian Lundgaard is set to drive the No. 7 VELO Arrow McLaren Chevy beginning in 2025.<br><br>Looking forward to welcoming you to the team, <a href=\"https:\/\/twitter.com\/lundgaardoff?ref_src=twsrc%5Etfw\">@lundgaardoff<\/a>! \ud83d\udc4a<\/p>&mdash; Arrow McLaren IndyCar Team (@ArrowMcLaren) <a href=\"https:\/\/twitter.com\/ArrowMcLaren\/status\/1808180267200270401?ref_src=twsrc%5Etfw\">July 2, 2024<\/a><\/blockquote><script async src=\"https:\/\/platform.twitter.com\/widgets.js\" charset=\"utf-8\"><\/script>\n<\/div><\/figure>\n\n\n\n<p>La contrataci\u00f3n de Lundgaard pondr\u00e1 fin a los dos a\u00f1os de <strong>Alexander Rossi<\/strong> con el equipo. &#8220;Mi tiempo en Arrow McLaren, aunque solo han sido dos temporadas, ha sido gratificante en muchos sentidos&#8221;, dijo Rossi. &#8220;Estoy agradecido de haber sido parte del crecimiento interno del equipo. Zak, Gavin, Tony y yo tuvimos muchas conversaciones en los \u00faltimos meses sobre mi futuro con el equipo. No pudimos llegar a un nuevo acuerdo, por lo que la decisi\u00f3n mutua de separarnos es amistosa. Pronto tendr\u00e9 buenas noticias y, mientras tanto, estoy centrado en terminar entre los cinco primeros en el campeonato de 2024.&#8221;<\/p>\n\n\n\n<figure class=\"wp-block-embed is-type-rich is-provider-twitter wp-block-embed-twitter\"><div class=\"wp-block-embed__wrapper\">\n<blockquote class=\"twitter-tweet\" data-width=\"550\" data-dnt=\"true\"><p lang=\"en\" dir=\"ltr\">We\u2019ve got more to fight for on this journey with <a href=\"https:\/\/twitter.com\/AlexanderRossi?ref_src=twsrc%5Etfw\">@AlexanderRossi<\/a>. \ud83d\udc4a<br><br>Let\u2019s finish the season strong, team! \ud83e\udde1 <a href=\"https:\/\/t.co\/dkynWAvTq5\">pic.twitter.com\/dkynWAvTq5<\/a><\/p>&mdash; Arrow McLaren IndyCar Team (@ArrowMcLaren) <a href=\"https:\/\/twitter.com\/ArrowMcLaren\/status\/1809256238040924355?ref_src=twsrc%5Etfw\">July 5, 2024<\/a><\/blockquote><script async src=\"https:\/\/platform.twitter.com\/widgets.js\" charset=\"utf-8\"><\/script>\n<\/div><\/figure>\n","protected":false},"excerpt":{"rendered":"<p>Arrow McLaren confirm\u00f3 su alineaci\u00f3n de pilotos para 2025, con la incorporaci\u00f3n de Christian Lundgaard El pasado 2 de julio Arrow McLaren anunci\u00f3 que su alineaci\u00f3n de pilotos para la temporada 2025 de la IndyCar est\u00e1 confirmada, con la incorporaci\u00f3n de Christian Lundgaard. Este piloto se unir\u00e1 a Pato O&#8217;Ward y Nolan Siegel en la [&hellip;]<\/p>\n","protected":false},"author":9,"featured_media":40391,"comment_status":"open","ping_status":"open","sticky":false,"template":"","format":"standard","meta":{"_monsterinsights_skip_tracking":false,"_monsterinsights_sitenote_active":false,"_monsterinsights_sitenote_note":"","_monsterinsights_sitenote_category":0,"_jetpack_memberships_contains_paid_content":false,"footnotes":""},"categories":[58],"tags":[1695,903,1225],"class_list":["post-40353","post","type-post","status-publish","format-standard","has-post-thumbnail","hentry","category-motorsport","tag-christian-lundgaard","tag-indycar","tag-mclaren"],"aioseo_notices":[],"jetpack_featured_media_url":"https:\/\/redeportivamx.com\/wp-content\/uploads\/2024\/07\/image-30.png","jetpack_sharing_enabled":true,"_links":{"self":[{"href":"https:\/\/redeportivamx.com\/index.php\/wp-json\/wp\/v2\/posts\/40353","targetHints":{"allow":["GET"]}}],"collection":[{"href":"https:\/\/redeportivamx.com\/index.php\/wp-json\/wp\/v2\/posts"}],"about":[{"href":"https:\/\/redeportivamx.com\/index.php\/wp-json\/wp\/v2\/types\/post"}],"author":[{"embeddable":true,"href":"https:\/\/redeportivamx.com\/index.php\/wp-json\/wp\/v2\/users\/9"}],"replies":[{"embeddable":true,"href":"https:\/\/redeportivamx.com\/index.php\/wp-json\/wp\/v2\/comments?post=40353"}],"version-history":[{"count":2,"href":"https:\/\/redeportivamx.com\/index.php\/wp-json\/wp\/v2\/posts\/40353\/revisions"}],"predecessor-version":[{"id":40393,"href":"https:\/\/redeportivamx.com\/index.php\/wp-json\/wp\/v2\/posts\/40353\/revisions\/40393"}],"wp:featuredmedia":[{"embeddable":true,"href":"https:\/\/redeportivamx.com\/index.php\/wp-json\/wp\/v2\/media\/40391"}],"wp:attachment":[{"href":"https:\/\/redeportivamx.com\/index.php\/wp-json\/wp\/v2\/media?parent=40353"}],"wp:term":[{"taxonomy":"category","embeddable":true,"href":"https:\/\/redeportivamx.com\/index.php\/wp-json\/wp\/v2\/categories?post=40353"},{"taxonomy":"post_tag","embeddable":true,"href":"https:\/\/redeportivamx.com\/index.php\/wp-json\/wp\/v2\/tags?post=40353"}],"curies":[{"name":"wp","href":"https:\/\/api.w.org\/{rel}","templated":true}]}}