{"id":38765,"date":"2024-05-08T03:29:47","date_gmt":"2024-05-08T03:29:47","guid":{"rendered":"https:\/\/redeportivamx.com\/?p=38765"},"modified":"2024-05-08T03:29:48","modified_gmt":"2024-05-08T03:29:48","slug":"america-lanza-nueva-oferta-a-henry-martin","status":"publish","type":"post","link":"https:\/\/redeportivamx.com\/index.php\/2024\/05\/08\/america-lanza-nueva-oferta-a-henry-martin\/","title":{"rendered":"Am\u00e9rica lanza nueva oferta a Henry Mart\u00edn"},"content":{"rendered":"\n<h2 class=\"wp-block-heading\"><em>Am\u00e9rica busca s\u00ed o s\u00ed la renovaci\u00f3n de Henry Mart\u00edn<\/em><\/h2>\n\n\n\n<p>La directiva azulcrema y el delantero a\u00fan no han llegado a un acuerdo para extender su permanencia en Coapa despu\u00e9s del 30 de junio, fecha en que termina su contrato. Ante esta situaci\u00f3n, las \u00c1guilas han lanzado una \u00faltima oferta para asegurar la firma la &#8220;Bomba&#8221; Mart\u00edn.<\/p>\n\n\n\n<p>Aparentemente, Am\u00e9rica ha presentado su \u00faltima propuesta para renovar el contrato de Henry Mart\u00edn. En esta oferta, la directiva le ofrece un contrato de tres a\u00f1os con opci\u00f3n a uno m\u00e1s, adem\u00e1s de un aumento en su salario. Sin embargo, a pesar de esto, la cifra ofrecida por el club no es del agrado total del jugador de 31 a\u00f1os.<\/p>\n\n\n\n<p>La directiva del Am\u00e9rica busca concretar la renovaci\u00f3n antes del inicio de los cuartos de final contra Pachuca, por lo que esperan una respuesta definitiva de Henry en las pr\u00f3ximas horas. Sin embargo, el delantero tambi\u00e9n cuenta con una oferta significativa del f\u00fatbol de Arabia Saudita, que las \u00c1guilas no pueden igualar. Por esta raz\u00f3n, Mart\u00edn desea tomarse tiempo para reflexionar sobre su decisi\u00f3n junto a su familia y representantes.<\/p>\n","protected":false},"excerpt":{"rendered":"<p>Am\u00e9rica busca s\u00ed o s\u00ed la renovaci\u00f3n de Henry Mart\u00edn La directiva azulcrema y el delantero a\u00fan no han llegado a un acuerdo para extender su permanencia en Coapa despu\u00e9s del 30 de junio, fecha en que termina su contrato. Ante esta situaci\u00f3n, las \u00c1guilas han lanzado una \u00faltima oferta para asegurar la firma la [&hellip;]<\/p>\n","protected":false},"author":12,"featured_media":38766,"comment_status":"open","ping_status":"open","sticky":false,"template":"","format":"standard","meta":{"_monsterinsights_skip_tracking":false,"_monsterinsights_sitenote_active":false,"_monsterinsights_sitenote_note":"","_monsterinsights_sitenote_category":0,"_jetpack_memberships_contains_paid_content":false,"footnotes":""},"categories":[10],"tags":[],"class_list":["post-38765","post","type-post","status-publish","format-standard","has-post-thumbnail","hentry","category-liga-bbva-mx"],"aioseo_notices":[],"jetpack_featured_media_url":"https:\/\/redeportivamx.com\/wp-content\/uploads\/2024\/05\/Imagenes-63.png","jetpack_sharing_enabled":true,"_links":{"self":[{"href":"https:\/\/redeportivamx.com\/index.php\/wp-json\/wp\/v2\/posts\/38765","targetHints":{"allow":["GET"]}}],"collection":[{"href":"https:\/\/redeportivamx.com\/index.php\/wp-json\/wp\/v2\/posts"}],"about":[{"href":"https:\/\/redeportivamx.com\/index.php\/wp-json\/wp\/v2\/types\/post"}],"author":[{"embeddable":true,"href":"https:\/\/redeportivamx.com\/index.php\/wp-json\/wp\/v2\/users\/12"}],"replies":[{"embeddable":true,"href":"https:\/\/redeportivamx.com\/index.php\/wp-json\/wp\/v2\/comments?post=38765"}],"version-history":[{"count":1,"href":"https:\/\/redeportivamx.com\/index.php\/wp-json\/wp\/v2\/posts\/38765\/revisions"}],"predecessor-version":[{"id":38767,"href":"https:\/\/redeportivamx.com\/index.php\/wp-json\/wp\/v2\/posts\/38765\/revisions\/38767"}],"wp:featuredmedia":[{"embeddable":true,"href":"https:\/\/redeportivamx.com\/index.php\/wp-json\/wp\/v2\/media\/38766"}],"wp:attachment":[{"href":"https:\/\/redeportivamx.com\/index.php\/wp-json\/wp\/v2\/media?parent=38765"}],"wp:term":[{"taxonomy":"category","embeddable":true,"href":"https:\/\/redeportivamx.com\/index.php\/wp-json\/wp\/v2\/categories?post=38765"},{"taxonomy":"post_tag","embeddable":true,"href":"https:\/\/redeportivamx.com\/index.php\/wp-json\/wp\/v2\/tags?post=38765"}],"curies":[{"name":"wp","href":"https:\/\/api.w.org\/{rel}","templated":true}]}}