{"id":38704,"date":"2024-05-04T23:34:57","date_gmt":"2024-05-04T23:34:57","guid":{"rendered":"https:\/\/redeportivamx.com\/?p=38704"},"modified":"2024-05-04T23:34:59","modified_gmt":"2024-05-04T23:34:59","slug":"lozano-ve-a-mexico-en-un-bache-previo-a-la-copa-america","status":"publish","type":"post","link":"https:\/\/redeportivamx.com\/index.php\/2024\/05\/04\/lozano-ve-a-mexico-en-un-bache-previo-a-la-copa-america\/","title":{"rendered":"Lozano ve a M\u00e9xico en un bache previo a la Copa Am\u00e9rica"},"content":{"rendered":"\n<p class=\"has-text-align-justify wp-block-paragraph\">La Copa Am\u00e9rica est\u00e1 cada vez m\u00e1s cerca, mucho se ha hablado de la actualidad de la Selecci\u00f3n Mexicana y si est\u00e1 preparada para el gran reto y, de acuerdo a Hirving Lozano, la realidad es que el tricolor no pasa por un buen momento, pero mantiene la esperanza de hacer un gran certamen.<\/p>\n\n\n\n<p class=\"has-text-align-justify wp-block-paragraph\">El <em>Chucky<\/em> Lozano afirm\u00f3 que el combinado nacional pasa por un bache, reconociendo que el paso que actualmente tiene el equipo no es el mejor, pero conf\u00eda que en el paso a paso las cosas vayan mejorando.<\/p>\n\n\n\n<p class=\"has-text-align-justify wp-block-paragraph\">\u201cEn lo personal siempre disfruto y me gusta mucho ir a la Selecci\u00f3n, entonces la verdad que siempre voy con la misma ilusi\u00f3n, siempre voy con las ganas de hacer cosas importantes, de tratar de ayudar a mis compa\u00f1eros de equipo\u201d coment\u00f3 el jugador del PSV Eindhoven.<\/p>\n\n\n\n<p class=\"has-text-align-justify wp-block-paragraph\">En ese sentido, reconoci\u00f3 que no se negar\u00eda a vestir la playera nacional siempre que lo convoquen. \u201cA m\u00ed me encanta estar ah\u00ed, lo disfruto mucho y la verdad que darse esa poca o mucha alegr\u00eda a los mexicanos para m\u00ed es algo maravilloso\u201d.<\/p>\n\n\n\n<p class=\"has-text-align-justify wp-block-paragraph\">La Selecci\u00f3n Mexicana disputar\u00e1 su primer partido amistoso antes de la Copa Am\u00e9rica a finales de este mes, midi\u00e9ndose ante su similar de Bolivia, para posteriormente verse las caras con Uruguay y finalizar con Brasil el 8 de junio.<\/p>\n\n\n\n<figure class=\"wp-block-embed is-type-rich is-provider-twitter wp-block-embed-twitter\"><div class=\"wp-block-embed__wrapper\">\n<blockquote class=\"twitter-tweet\" data-width=\"550\" data-dnt=\"true\"><p lang=\"es\" dir=\"ltr\">\ud83d\udde3\ufe0f \u2018Chucky\u2019 Lozano habl\u00f3 en exclusiva para sobre su futuro y sobre la pr\u00f3xima Copa Am\u00e9rica <br><br>\u00bfLlegar\u00e1 a Chivas? \ud83d\udd0d <a href=\"https:\/\/twitter.com\/DavidFaitelson_?ref_src=twsrc%5Etfw\">@DavidFaitelson_<\/a> habla sobre el inter\u00e9s del Reba\u00f1o en el jugador del PSV<br><br>\ud83d\udd34 En vivo TUDN <a href=\"https:\/\/t.co\/FAQnTUqQYA\">pic.twitter.com\/FAQnTUqQYA<\/a><\/p>&mdash; L\u00ednea de 4 (@Lineade4TUDN) <a href=\"https:\/\/twitter.com\/Lineade4TUDN\/status\/1785546325271990354?ref_src=twsrc%5Etfw\">May 1, 2024<\/a><\/blockquote><script async src=\"https:\/\/platform.twitter.com\/widgets.js\" charset=\"utf-8\"><\/script>\n<\/div><\/figure>\n","protected":false},"excerpt":{"rendered":"<p>La Copa Am\u00e9rica est\u00e1 cada vez m\u00e1s cerca, mucho se ha hablado de la actualidad de la Selecci\u00f3n Mexicana y si est\u00e1 preparada para el gran reto y, de acuerdo a Hirving Lozano, la realidad es que el tricolor no pasa por un buen momento, pero mantiene la esperanza de hacer un gran certamen. El [&hellip;]<\/p>\n","protected":false},"author":16,"featured_media":38705,"comment_status":"open","ping_status":"open","sticky":false,"template":"","format":"standard","meta":{"_monsterinsights_skip_tracking":false,"_jetpack_newsletter_access":"","_jetpack_dont_email_post_to_subs":false,"_jetpack_newsletter_tier_id":0,"_jetpack_memberships_contains_paywalled_content":false,"_jetpack_feature_clip_id":0,"_jetpack_memberships_contains_paid_content":false,"footnotes":"","jetpack_post_was_ever_published":false},"categories":[12],"tags":[660,1460,117],"class_list":["post-38704","post","type-post","status-publish","format-standard","has-post-thumbnail","hentry","category-futbol-internacional","tag-copa-america","tag-hirving-lozano","tag-seleccion-mexicana"],"aioseo_notices":[],"aioseo_head":"\n\t\t<!-- All in One SEO 5.0.1.1 - aioseo.com -->\n\t<meta name=\"description\" content=\"La Copa Am\u00e9rica est\u00e1 cada vez m\u00e1s cerca, mucho se ha hablado de la actualidad de la Selecci\u00f3n Mexicana y si est\u00e1 preparada para el gran reto y, de acuerdo a Hirving Lozano, la realidad es que el tricolor no pasa por un buen momento, pero mantiene la esperanza de hacer un gran certamen. El\" \/>\n\t<meta name=\"robots\" content=\"max-image-preview:large\" \/>\n\t<meta name=\"author\" content=\"Miguel \u00c1ngel Bustamante Rosas\"\/>\n\t<link rel=\"canonical\" href=\"https:\/\/redeportivamx.com\/index.php\/2024\/05\/04\/lozano-ve-a-mexico-en-un-bache-previo-a-la-copa-america\/\" \/>\n\t<meta name=\"generator\" content=\"All in One SEO (AIOSEO) 5.0.1.1\" \/>\n\t\t<meta property=\"og:locale\" content=\"es_MX\" \/>\n\t\t<meta property=\"og:site_name\" content=\"Redeportiva MX - \u00a1Conectando tu pasi\u00f3n!\" \/>\n\t\t<meta property=\"og:type\" content=\"sport\" \/>\n\t\t<meta property=\"og:title\" content=\"Lozano ve a M\u00e9xico en un bache previo a la Copa Am\u00e9rica - Redeportiva MX\" \/>\n\t\t<meta property=\"og:description\" content=\"La Copa Am\u00e9rica est\u00e1 cada vez m\u00e1s cerca, mucho se ha hablado de la actualidad de la Selecci\u00f3n Mexicana y si est\u00e1 preparada para el gran reto y, de acuerdo a Hirving Lozano, la realidad es que el tricolor no pasa por un buen momento, pero mantiene la esperanza de hacer un gran certamen. El\" \/>\n\t\t<meta property=\"og:url\" content=\"https:\/\/redeportivamx.com\/index.php\/2024\/05\/04\/lozano-ve-a-mexico-en-un-bache-previo-a-la-copa-america\/\" \/>\n\t\t<meta property=\"og:image\" content=\"https:\/\/redeportivamx.com\/wp-content\/uploads\/2024\/05\/images-76.jpeg\" \/>\n\t\t<meta property=\"og:image:secure_url\" content=\"https:\/\/redeportivamx.com\/wp-content\/uploads\/2024\/05\/images-76.jpeg\" \/>\n\t\t<meta property=\"og:image:width\" content=\"702\" \/>\n\t\t<meta property=\"og:image:height\" content=\"437\" \/>\n\t\t<meta name=\"twitter:card\" content=\"summary_large_image\" \/>\n\t\t<meta name=\"twitter:site\" content=\"@Redeportivamx\" \/>\n\t\t<meta name=\"twitter:title\" content=\"Lozano ve a M\u00e9xico en un bache previo a la Copa Am\u00e9rica - Redeportiva MX\" \/>\n\t\t<meta name=\"twitter:description\" content=\"La Copa Am\u00e9rica est\u00e1 cada vez m\u00e1s cerca, mucho se ha hablado de la actualidad de la Selecci\u00f3n Mexicana y si est\u00e1 preparada para el gran reto y, de acuerdo a Hirving Lozano, la realidad es que el tricolor no pasa por un buen momento, pero mantiene la esperanza de hacer un gran certamen. El\" \/>\n\t\t<meta name=\"twitter:creator\" content=\"@Redeportivamx\" \/>\n\t\t<meta name=\"twitter:image\" content=\"https:\/\/redeportivamx.com\/wp-content\/uploads\/2024\/05\/images-76.jpeg\" \/>\n\t\t<script type=\"application\/ld+json\" class=\"aioseo-schema\">\n\t\t\t{\"@context\":\"https:\\\/\\\/schema.org\",\"@graph\":[{\"@type\":\"BlogPosting\",\"@id\":\"https:\\\/\\\/redeportivamx.com\\\/index.php\\\/2024\\\/05\\\/04\\\/lozano-ve-a-mexico-en-un-bache-previo-a-la-copa-america\\\/#blogposting\",\"name\":\"Lozano ve a M\\u00e9xico en un bache previo a la Copa Am\\u00e9rica - Redeportiva MX\",\"headline\":\"Lozano ve a M\\u00e9xico en un bache previo a la Copa Am\\u00e9rica\",\"author\":{\"@id\":\"https:\\\/\\\/redeportivamx.com\\\/index.php\\\/author\\\/miguel-angel-bustamante-rosas\\\/#author\"},\"publisher\":{\"@id\":\"https:\\\/\\\/redeportivamx.com\\\/#organization\"},\"image\":{\"@type\":\"ImageObject\",\"url\":\"https:\\\/\\\/redeportivamx.com\\\/wp-content\\\/uploads\\\/2024\\\/05\\\/images-76.jpeg\",\"width\":702,\"height\":437},\"datePublished\":\"2024-05-04T23:34:57-06:00\",\"dateModified\":\"2024-05-04T23:34:59-06:00\",\"inLanguage\":\"es-MX\",\"mainEntityOfPage\":{\"@id\":\"https:\\\/\\\/redeportivamx.com\\\/index.php\\\/2024\\\/05\\\/04\\\/lozano-ve-a-mexico-en-un-bache-previo-a-la-copa-america\\\/#webpage\"},\"isPartOf\":{\"@id\":\"https:\\\/\\\/redeportivamx.com\\\/index.php\\\/2024\\\/05\\\/04\\\/lozano-ve-a-mexico-en-un-bache-previo-a-la-copa-america\\\/#webpage\"},\"articleSection\":\"Futbol Internacional, Copa Am\\u00e9rica, Hirving Lozano, Selecci\\u00f3n Mexicana\"},{\"@type\":\"BreadcrumbList\",\"@id\":\"https:\\\/\\\/redeportivamx.com\\\/index.php\\\/2024\\\/05\\\/04\\\/lozano-ve-a-mexico-en-un-bache-previo-a-la-copa-america\\\/#breadcrumblist\",\"itemListElement\":[{\"@type\":\"ListItem\",\"@id\":\"https:\\\/\\\/redeportivamx.com#listItem\",\"position\":1,\"name\":\"Home\",\"item\":\"https:\\\/\\\/redeportivamx.com\",\"nextItem\":{\"@type\":\"ListItem\",\"@id\":\"https:\\\/\\\/redeportivamx.com\\\/index.php\\\/category\\\/futbol-internacional\\\/#listItem\",\"name\":\"Futbol Internacional\"}},{\"@type\":\"ListItem\",\"@id\":\"https:\\\/\\\/redeportivamx.com\\\/index.php\\\/category\\\/futbol-internacional\\\/#listItem\",\"position\":2,\"name\":\"Futbol Internacional\",\"item\":\"https:\\\/\\\/redeportivamx.com\\\/index.php\\\/category\\\/futbol-internacional\\\/\",\"nextItem\":{\"@type\":\"ListItem\",\"@id\":\"https:\\\/\\\/redeportivamx.com\\\/index.php\\\/2024\\\/05\\\/04\\\/lozano-ve-a-mexico-en-un-bache-previo-a-la-copa-america\\\/#listItem\",\"name\":\"Lozano ve a M\\u00e9xico en un bache previo a la Copa Am\\u00e9rica\"},\"previousItem\":{\"@type\":\"ListItem\",\"@id\":\"https:\\\/\\\/redeportivamx.com#listItem\",\"name\":\"Home\"}},{\"@type\":\"ListItem\",\"@id\":\"https:\\\/\\\/redeportivamx.com\\\/index.php\\\/2024\\\/05\\\/04\\\/lozano-ve-a-mexico-en-un-bache-previo-a-la-copa-america\\\/#listItem\",\"position\":3,\"name\":\"Lozano ve a M\\u00e9xico en un bache previo a la Copa Am\\u00e9rica\",\"previousItem\":{\"@type\":\"ListItem\",\"@id\":\"https:\\\/\\\/redeportivamx.com\\\/index.php\\\/category\\\/futbol-internacional\\\/#listItem\",\"name\":\"Futbol Internacional\"}}]},{\"@type\":\"Organization\",\"@id\":\"https:\\\/\\\/redeportivamx.com\\\/#organization\",\"name\":\"redeportivamx.com\",\"description\":\"\\u00a1Conectando tu pasi\\u00f3n!\",\"url\":\"https:\\\/\\\/redeportivamx.com\\\/\",\"sameAs\":[\"https:\\\/\\\/www.facebook.com\\\/profile.php?id=61565592572733\",\"https:\\\/\\\/x.com\\\/Redeportivamx?s=20\",\"https:\\\/\\\/www.instagram.com\\\/redeportivamx\\\/\",\"https:\\\/\\\/www.tiktok.com\\\/@redeportiva.mx\",\"https:\\\/\\\/www.youtube.com\\\/@Redeportiva-MX\"]},{\"@type\":\"Person\",\"@id\":\"https:\\\/\\\/redeportivamx.com\\\/index.php\\\/author\\\/miguel-angel-bustamante-rosas\\\/#author\",\"url\":\"https:\\\/\\\/redeportivamx.com\\\/index.php\\\/author\\\/miguel-angel-bustamante-rosas\\\/\",\"name\":\"Miguel \\u00c1ngel Bustamante Rosas\",\"image\":{\"@type\":\"ImageObject\",\"@id\":\"https:\\\/\\\/redeportivamx.com\\\/index.php\\\/2024\\\/05\\\/04\\\/lozano-ve-a-mexico-en-un-bache-previo-a-la-copa-america\\\/#authorImage\",\"url\":\"https:\\\/\\\/secure.gravatar.com\\\/avatar\\\/33d4d1eb2fbf049470fcc1828f04678c4d08c13b2be7e4f36356396ddc750484?s=96&d=mm&r=g\",\"width\":96,\"height\":96,\"caption\":\"Miguel \\u00c1ngel Bustamante Rosas\"}},{\"@type\":\"WebPage\",\"@id\":\"https:\\\/\\\/redeportivamx.com\\\/index.php\\\/2024\\\/05\\\/04\\\/lozano-ve-a-mexico-en-un-bache-previo-a-la-copa-america\\\/#webpage\",\"url\":\"https:\\\/\\\/redeportivamx.com\\\/index.php\\\/2024\\\/05\\\/04\\\/lozano-ve-a-mexico-en-un-bache-previo-a-la-copa-america\\\/\",\"name\":\"Lozano ve a M\\u00e9xico en un bache previo a la Copa Am\\u00e9rica - Redeportiva MX\",\"description\":\"La Copa Am\\u00e9rica est\\u00e1 cada vez m\\u00e1s cerca, mucho se ha hablado de la actualidad de la Selecci\\u00f3n Mexicana y si est\\u00e1 preparada para el gran reto y, de acuerdo a Hirving Lozano, la realidad es que el tricolor no pasa por un buen momento, pero mantiene la esperanza de hacer un gran certamen. El\",\"inLanguage\":\"es-MX\",\"isPartOf\":{\"@id\":\"https:\\\/\\\/redeportivamx.com\\\/#website\"},\"breadcrumb\":{\"@id\":\"https:\\\/\\\/redeportivamx.com\\\/index.php\\\/2024\\\/05\\\/04\\\/lozano-ve-a-mexico-en-un-bache-previo-a-la-copa-america\\\/#breadcrumblist\"},\"author\":{\"@id\":\"https:\\\/\\\/redeportivamx.com\\\/index.php\\\/author\\\/miguel-angel-bustamante-rosas\\\/#author\"},\"creator\":{\"@id\":\"https:\\\/\\\/redeportivamx.com\\\/index.php\\\/author\\\/miguel-angel-bustamante-rosas\\\/#author\"},\"image\":{\"@type\":\"ImageObject\",\"url\":\"https:\\\/\\\/redeportivamx.com\\\/wp-content\\\/uploads\\\/2024\\\/05\\\/images-76.jpeg\",\"@id\":\"https:\\\/\\\/redeportivamx.com\\\/index.php\\\/2024\\\/05\\\/04\\\/lozano-ve-a-mexico-en-un-bache-previo-a-la-copa-america\\\/#mainImage\",\"width\":702,\"height\":437},\"primaryImageOfPage\":{\"@id\":\"https:\\\/\\\/redeportivamx.com\\\/index.php\\\/2024\\\/05\\\/04\\\/lozano-ve-a-mexico-en-un-bache-previo-a-la-copa-america\\\/#mainImage\"},\"datePublished\":\"2024-05-04T23:34:57-06:00\",\"dateModified\":\"2024-05-04T23:34:59-06:00\"},{\"@type\":\"WebSite\",\"@id\":\"https:\\\/\\\/redeportivamx.com\\\/#website\",\"url\":\"https:\\\/\\\/redeportivamx.com\\\/\",\"name\":\"redeportivamx.com\",\"description\":\"\\u00a1Conectando tu pasi\\u00f3n!\",\"inLanguage\":\"es-MX\",\"publisher\":{\"@id\":\"https:\\\/\\\/redeportivamx.com\\\/#organization\"}}]}\n\t\t<\/script>\n\t\t<!-- All in One SEO -->\n\n","aioseo_head_json":{"title":"Lozano ve a M\u00e9xico en un bache previo a la Copa Am\u00e9rica - Redeportiva MX","description":"La Copa Am\u00e9rica est\u00e1 cada vez m\u00e1s cerca, mucho se ha hablado de la actualidad de la Selecci\u00f3n Mexicana y si est\u00e1 preparada para el gran reto y, de acuerdo a Hirving Lozano, la realidad es que el tricolor no pasa por un buen momento, pero mantiene la esperanza de hacer un gran certamen. El","canonical_url":"https:\/\/redeportivamx.com\/index.php\/2024\/05\/04\/lozano-ve-a-mexico-en-un-bache-previo-a-la-copa-america\/","robots":"max-image-preview:large","keywords":"","webmasterTools":{"miscellaneous":""},"schema":{"@context":"https:\/\/schema.org","@graph":[{"@type":"BlogPosting","@id":"https:\/\/redeportivamx.com\/index.php\/2024\/05\/04\/lozano-ve-a-mexico-en-un-bache-previo-a-la-copa-america\/#blogposting","name":"Lozano ve a M\u00e9xico en un bache previo a la Copa Am\u00e9rica - Redeportiva MX","headline":"Lozano ve a M\u00e9xico en un bache previo a la Copa Am\u00e9rica","author":{"@id":"https:\/\/redeportivamx.com\/index.php\/author\/miguel-angel-bustamante-rosas\/#author"},"publisher":{"@id":"https:\/\/redeportivamx.com\/#organization"},"image":{"@type":"ImageObject","url":"https:\/\/redeportivamx.com\/wp-content\/uploads\/2024\/05\/images-76.jpeg","width":702,"height":437},"datePublished":"2024-05-04T23:34:57-06:00","dateModified":"2024-05-04T23:34:59-06:00","inLanguage":"es-MX","mainEntityOfPage":{"@id":"https:\/\/redeportivamx.com\/index.php\/2024\/05\/04\/lozano-ve-a-mexico-en-un-bache-previo-a-la-copa-america\/#webpage"},"isPartOf":{"@id":"https:\/\/redeportivamx.com\/index.php\/2024\/05\/04\/lozano-ve-a-mexico-en-un-bache-previo-a-la-copa-america\/#webpage"},"articleSection":"Futbol Internacional, Copa Am\u00e9rica, Hirving Lozano, Selecci\u00f3n Mexicana"},{"@type":"BreadcrumbList","@id":"https:\/\/redeportivamx.com\/index.php\/2024\/05\/04\/lozano-ve-a-mexico-en-un-bache-previo-a-la-copa-america\/#breadcrumblist","itemListElement":[{"@type":"ListItem","@id":"https:\/\/redeportivamx.com#listItem","position":1,"name":"Home","item":"https:\/\/redeportivamx.com","nextItem":{"@type":"ListItem","@id":"https:\/\/redeportivamx.com\/index.php\/category\/futbol-internacional\/#listItem","name":"Futbol Internacional"}},{"@type":"ListItem","@id":"https:\/\/redeportivamx.com\/index.php\/category\/futbol-internacional\/#listItem","position":2,"name":"Futbol Internacional","item":"https:\/\/redeportivamx.com\/index.php\/category\/futbol-internacional\/","nextItem":{"@type":"ListItem","@id":"https:\/\/redeportivamx.com\/index.php\/2024\/05\/04\/lozano-ve-a-mexico-en-un-bache-previo-a-la-copa-america\/#listItem","name":"Lozano ve a M\u00e9xico en un bache previo a la Copa Am\u00e9rica"},"previousItem":{"@type":"ListItem","@id":"https:\/\/redeportivamx.com#listItem","name":"Home"}},{"@type":"ListItem","@id":"https:\/\/redeportivamx.com\/index.php\/2024\/05\/04\/lozano-ve-a-mexico-en-un-bache-previo-a-la-copa-america\/#listItem","position":3,"name":"Lozano ve a M\u00e9xico en un bache previo a la Copa Am\u00e9rica","previousItem":{"@type":"ListItem","@id":"https:\/\/redeportivamx.com\/index.php\/category\/futbol-internacional\/#listItem","name":"Futbol Internacional"}}]},{"@type":"Organization","@id":"https:\/\/redeportivamx.com\/#organization","name":"redeportivamx.com","description":"\u00a1Conectando tu pasi\u00f3n!","url":"https:\/\/redeportivamx.com\/","sameAs":["https:\/\/www.facebook.com\/profile.php?id=61565592572733","https:\/\/x.com\/Redeportivamx?s=20","https:\/\/www.instagram.com\/redeportivamx\/","https:\/\/www.tiktok.com\/@redeportiva.mx","https:\/\/www.youtube.com\/@Redeportiva-MX"]},{"@type":"Person","@id":"https:\/\/redeportivamx.com\/index.php\/author\/miguel-angel-bustamante-rosas\/#author","url":"https:\/\/redeportivamx.com\/index.php\/author\/miguel-angel-bustamante-rosas\/","name":"Miguel \u00c1ngel Bustamante Rosas","image":{"@type":"ImageObject","@id":"https:\/\/redeportivamx.com\/index.php\/2024\/05\/04\/lozano-ve-a-mexico-en-un-bache-previo-a-la-copa-america\/#authorImage","url":"https:\/\/secure.gravatar.com\/avatar\/33d4d1eb2fbf049470fcc1828f04678c4d08c13b2be7e4f36356396ddc750484?s=96&d=mm&r=g","width":96,"height":96,"caption":"Miguel \u00c1ngel Bustamante Rosas"}},{"@type":"WebPage","@id":"https:\/\/redeportivamx.com\/index.php\/2024\/05\/04\/lozano-ve-a-mexico-en-un-bache-previo-a-la-copa-america\/#webpage","url":"https:\/\/redeportivamx.com\/index.php\/2024\/05\/04\/lozano-ve-a-mexico-en-un-bache-previo-a-la-copa-america\/","name":"Lozano ve a M\u00e9xico en un bache previo a la Copa Am\u00e9rica - Redeportiva MX","description":"La Copa Am\u00e9rica est\u00e1 cada vez m\u00e1s cerca, mucho se ha hablado de la actualidad de la Selecci\u00f3n Mexicana y si est\u00e1 preparada para el gran reto y, de acuerdo a Hirving Lozano, la realidad es que el tricolor no pasa por un buen momento, pero mantiene la esperanza de hacer un gran certamen. El","inLanguage":"es-MX","isPartOf":{"@id":"https:\/\/redeportivamx.com\/#website"},"breadcrumb":{"@id":"https:\/\/redeportivamx.com\/index.php\/2024\/05\/04\/lozano-ve-a-mexico-en-un-bache-previo-a-la-copa-america\/#breadcrumblist"},"author":{"@id":"https:\/\/redeportivamx.com\/index.php\/author\/miguel-angel-bustamante-rosas\/#author"},"creator":{"@id":"https:\/\/redeportivamx.com\/index.php\/author\/miguel-angel-bustamante-rosas\/#author"},"image":{"@type":"ImageObject","url":"https:\/\/redeportivamx.com\/wp-content\/uploads\/2024\/05\/images-76.jpeg","@id":"https:\/\/redeportivamx.com\/index.php\/2024\/05\/04\/lozano-ve-a-mexico-en-un-bache-previo-a-la-copa-america\/#mainImage","width":702,"height":437},"primaryImageOfPage":{"@id":"https:\/\/redeportivamx.com\/index.php\/2024\/05\/04\/lozano-ve-a-mexico-en-un-bache-previo-a-la-copa-america\/#mainImage"},"datePublished":"2024-05-04T23:34:57-06:00","dateModified":"2024-05-04T23:34:59-06:00"},{"@type":"WebSite","@id":"https:\/\/redeportivamx.com\/#website","url":"https:\/\/redeportivamx.com\/","name":"redeportivamx.com","description":"\u00a1Conectando tu pasi\u00f3n!","inLanguage":"es-MX","publisher":{"@id":"https:\/\/redeportivamx.com\/#organization"}}]},"og:locale":"es_MX","og:site_name":"Redeportiva MX - \u00a1Conectando tu pasi\u00f3n!","og:type":"sport","og:title":"Lozano ve a M\u00e9xico en un bache previo a la Copa Am\u00e9rica - Redeportiva MX","og:description":"La Copa Am\u00e9rica est\u00e1 cada vez m\u00e1s cerca, mucho se ha hablado de la actualidad de la Selecci\u00f3n Mexicana y si est\u00e1 preparada para el gran reto y, de acuerdo a Hirving Lozano, la realidad es que el tricolor no pasa por un buen momento, pero mantiene la esperanza de hacer un gran certamen. El","og:url":"https:\/\/redeportivamx.com\/index.php\/2024\/05\/04\/lozano-ve-a-mexico-en-un-bache-previo-a-la-copa-america\/","og:image":"https:\/\/redeportivamx.com\/wp-content\/uploads\/2024\/05\/images-76.jpeg","og:image:secure_url":"https:\/\/redeportivamx.com\/wp-content\/uploads\/2024\/05\/images-76.jpeg","og:image:width":702,"og:image:height":437,"twitter:card":"summary_large_image","twitter:site":"@Redeportivamx","twitter:title":"Lozano ve a M\u00e9xico en un bache previo a la Copa Am\u00e9rica - Redeportiva MX","twitter:description":"La Copa Am\u00e9rica est\u00e1 cada vez m\u00e1s cerca, mucho se ha hablado de la actualidad de la Selecci\u00f3n Mexicana y si est\u00e1 preparada para el gran reto y, de acuerdo a Hirving Lozano, la realidad es que el tricolor no pasa por un buen momento, pero mantiene la esperanza de hacer un gran certamen. El","twitter:creator":"@Redeportivamx","twitter:image":"https:\/\/redeportivamx.com\/wp-content\/uploads\/2024\/05\/images-76.jpeg"},"aioseo_meta_data":{"post_id":"38704","title":null,"description":null,"keywords":null,"keyphrases":{"focus":{"keyphrase":"","score":0,"analysis":{"keyphraseInTitle":{"score":0,"maxScore":9,"error":1}}},"additional":[]},"primary_term":null,"canonical_url":null,"og_title":null,"og_description":null,"og_object_type":"default","og_image_type":"default","og_image_url":null,"og_image_width":null,"og_image_height":null,"og_image_custom_url":null,"og_image_custom_fields":null,"og_video":"","og_custom_url":null,"og_article_section":null,"og_article_tags":null,"twitter_use_og":false,"twitter_card":"default","twitter_image_type":"default","twitter_image_url":null,"twitter_image_custom_url":null,"twitter_image_custom_fields":null,"twitter_title":null,"twitter_description":null,"schema":{"blockGraphs":[],"customGraphs":[],"default":{"data":{"Article":[],"Course":[],"Dataset":[],"FAQPage":[],"Movie":[],"Person":[],"Product":[],"ProductReview":[],"Car":[],"Recipe":[],"Service":[],"SoftwareApplication":[],"WebPage":[]},"graphName":"BlogPosting","isEnabled":true},"graphs":[]},"schema_type":"default","schema_type_options":null,"pillar_content":false,"robots_default":true,"robots_noindex":false,"robots_noarchive":false,"robots_nosnippet":false,"robots_nofollow":false,"robots_noimageindex":false,"robots_noodp":false,"robots_notranslate":false,"robots_max_snippet":"-1","robots_max_videopreview":"-1","robots_max_imagepreview":"large","priority":null,"frequency":"default","local_seo":null,"breadcrumb_settings":null,"limit_modified_date":false,"ai":null,"created":"2024-05-04 23:34:59","updated":"2025-06-04 17:42:02","seo_analyzer_scan_date":null,"focus_keyword":null,"additional_keywords":null,"truseo_locale":null},"aioseo_breadcrumb":"<div class=\"aioseo-breadcrumbs\"><span class=\"aioseo-breadcrumb\">\n\t\t\t<a href=\"https:\/\/redeportivamx.com\" title=\"Home\">Home<\/a>\n\t\t<\/span><span class=\"aioseo-breadcrumb-separator\">&raquo;<\/span><span class=\"aioseo-breadcrumb\">\n\t\t\t<a href=\"https:\/\/redeportivamx.com\/index.php\/category\/futbol-internacional\/\" title=\"Futbol Internacional\">Futbol Internacional<\/a>\n\t\t<\/span><span class=\"aioseo-breadcrumb-separator\">&raquo;<\/span><span class=\"aioseo-breadcrumb\">\n\t\t\tLozano ve a M\u00e9xico en un bache previo a la Copa Am\u00e9rica\n\t\t<\/span><\/div>","aioseo_breadcrumb_json":[{"label":"Home","link":"https:\/\/redeportivamx.com"},{"label":"Futbol Internacional","link":"https:\/\/redeportivamx.com\/index.php\/category\/futbol-internacional\/"},{"label":"Lozano ve a M\u00e9xico en un bache previo a la Copa Am\u00e9rica","link":"https:\/\/redeportivamx.com\/index.php\/2024\/05\/04\/lozano-ve-a-mexico-en-un-bache-previo-a-la-copa-america\/"}],"jetpack_sharing_enabled":true,"jetpack_featured_media_url":"https:\/\/redeportivamx.com\/wp-content\/uploads\/2024\/05\/images-76.jpeg","_links":{"self":[{"href":"https:\/\/redeportivamx.com\/index.php\/wp-json\/wp\/v2\/posts\/38704","targetHints":{"allow":["GET"]}}],"collection":[{"href":"https:\/\/redeportivamx.com\/index.php\/wp-json\/wp\/v2\/posts"}],"about":[{"href":"https:\/\/redeportivamx.com\/index.php\/wp-json\/wp\/v2\/types\/post"}],"author":[{"embeddable":true,"href":"https:\/\/redeportivamx.com\/index.php\/wp-json\/wp\/v2\/users\/16"}],"replies":[{"embeddable":true,"href":"https:\/\/redeportivamx.com\/index.php\/wp-json\/wp\/v2\/comments?post=38704"}],"version-history":[{"count":1,"href":"https:\/\/redeportivamx.com\/index.php\/wp-json\/wp\/v2\/posts\/38704\/revisions"}],"predecessor-version":[{"id":38706,"href":"https:\/\/redeportivamx.com\/index.php\/wp-json\/wp\/v2\/posts\/38704\/revisions\/38706"}],"wp:featuredmedia":[{"embeddable":true,"href":"https:\/\/redeportivamx.com\/index.php\/wp-json\/wp\/v2\/media\/38705"}],"wp:attachment":[{"href":"https:\/\/redeportivamx.com\/index.php\/wp-json\/wp\/v2\/media?parent=38704"}],"wp:term":[{"taxonomy":"category","embeddable":true,"href":"https:\/\/redeportivamx.com\/index.php\/wp-json\/wp\/v2\/categories?post=38704"},{"taxonomy":"post_tag","embeddable":true,"href":"https:\/\/redeportivamx.com\/index.php\/wp-json\/wp\/v2\/tags?post=38704"}],"curies":[{"name":"wp","href":"https:\/\/api.w.org\/{rel}","templated":true}]}}