{"id":37985,"date":"2024-04-14T05:41:48","date_gmt":"2024-04-14T05:41:48","guid":{"rendered":"https:\/\/redeportivamx.com\/?p=37985"},"modified":"2024-04-14T05:41:49","modified_gmt":"2024-04-14T05:41:49","slug":"reynoso-ansioso-de-regresar-a-cruz-azul","status":"publish","type":"post","link":"https:\/\/redeportivamx.com\/index.php\/2024\/04\/14\/reynoso-ansioso-de-regresar-a-cruz-azul\/","title":{"rendered":"Reynoso: ansioso de regresar a Cruz Azul"},"content":{"rendered":"\n<p class=\"has-text-align-justify\">Juan Reynoso, director t\u00e9cnico de Cruz Azul al obtener la ansiada novena, declar\u00f3 que quiere volver a dirigir a la m\u00e1quina cementera, pero que respeta el proceso de Mart\u00edn Anselmi, ya que considera que actualmente el equipo est\u00e1 en buenas manos.<\/p>\n\n\n\n<p class=\"has-text-align-justify\">Reynoso fue parte del equipo que consigui\u00f3 la octava estrella en el invierno de 1997, posteriormente regres\u00f3 a Cruz Azul como director t\u00e9cnico para el inicio del Guardianes 2021. A pesar de perder sus dos primeros partidos, logr\u00f3 levantar al plantel y llevarse el campeonato como l\u00edder del torneo regular&nbsp;<\/p>\n\n\n\n<p class=\"has-text-align-justify\">\u201dTe mentir\u00eda si te dir\u00eda que no\u201d mencion\u00f3 al ser interrogado si volver\u00eda al banquillo <em>cementero<\/em>, pero aclar\u00f3 que el ser leyenda de la instituci\u00f3n no implica que pueda decidir cu\u00e1ndo volver\u00e1, al contrario, aclar\u00f3 que respeta los tiempos y que sabe que el equipo est\u00e1 en buenas manos.<\/p>\n\n\n\n<p class=\"has-text-align-justify\">Al preguntarle sobre su percepci\u00f3n de la actualidad de los de La Noria, Reynoso respondi\u00f3 que \u201cHoy veo a Cruz Azul como un equipo fresco. El equipo se ve bien, el club est\u00e1 encontrando de nuevo una estabilidad\u201d.<\/p>\n\n\n\n<p class=\"has-text-align-justify\">\u201cContento de ver que hoy los aficionados empiezan a creer de nuevo en un equipo que, hasta hace unos meses, no hab\u00eda esa ilusi\u00f3n de poder pelear arriba\u201d. Hay que recordar que Cruz Azul finaliz\u00f3 el Apertura 2023 fuera de los puestos de Play Inn, mientras que hoy se encuentra en los primeros cuatro lugares.<\/p>\n\n\n\n<figure class=\"wp-block-embed is-type-rich is-provider-twitter wp-block-embed-twitter\"><div class=\"wp-block-embed__wrapper\">\n<blockquote class=\"twitter-tweet\" data-width=\"550\" data-dnt=\"true\"><p lang=\"es\" dir=\"ltr\">&quot;Veo a un equipo fresco, que se ve bien&#8230; Te mentir\u00eda si te dijera que no quiero volver, pero yo respeto los tiempos&quot; \ud83d\ude82\ud83d\udd25<br><br>Juan Reynoso, \u00faltimo DT campe\u00f3n con la M\u00e1quina, charl\u00f3 EN EXCLUSIVA con <a href=\"https:\/\/twitter.com\/A_EsparzaOteo?ref_src=twsrc%5Etfw\">@A_EsparzaOteo<\/a> sobre el presente cementero<br><br>\ud83d\udd34 <a href=\"https:\/\/twitter.com\/hashtag\/ContactoDeportivo?src=hash&amp;ref_src=twsrc%5Etfw\">#ContactoDeportivo<\/a> EN VIVO por TUDN <a href=\"https:\/\/t.co\/b2TG08IqLc\">pic.twitter.com\/b2TG08IqLc<\/a><\/p>&mdash; Contacto Deportivo (@ContactoTUDN) <a href=\"https:\/\/twitter.com\/ContactoTUDN\/status\/1778611896066658328?ref_src=twsrc%5Etfw\">April 12, 2024<\/a><\/blockquote><script async src=\"https:\/\/platform.twitter.com\/widgets.js\" charset=\"utf-8\"><\/script>\n<\/div><\/figure>\n","protected":false},"excerpt":{"rendered":"<p>Juan Reynoso, director t\u00e9cnico de Cruz Azul al obtener la ansiada novena, declar\u00f3 que quiere volver a dirigir a la m\u00e1quina cementera, pero que respeta el proceso de Mart\u00edn Anselmi, ya que considera que actualmente el equipo est\u00e1 en buenas manos. Reynoso fue parte del equipo que consigui\u00f3 la octava estrella en el invierno de [&hellip;]<\/p>\n","protected":false},"author":16,"featured_media":37987,"comment_status":"open","ping_status":"open","sticky":false,"template":"","format":"standard","meta":{"_monsterinsights_skip_tracking":false,"_monsterinsights_sitenote_active":false,"_monsterinsights_sitenote_note":"","_monsterinsights_sitenote_category":0,"_jetpack_memberships_contains_paid_content":false,"footnotes":""},"categories":[10],"tags":[132,620,20,885],"class_list":["post-37985","post","type-post","status-publish","format-standard","has-post-thumbnail","hentry","category-liga-bbva-mx","tag-cruz-azul","tag-juan-reynoso","tag-ligamx","tag-martin-anselmi"],"aioseo_notices":[],"jetpack_featured_media_url":"https:\/\/redeportivamx.com\/wp-content\/uploads\/2024\/04\/WhatsApp-Image-2024-04-13-at-11.35.47-PM.jpeg","jetpack_sharing_enabled":true,"_links":{"self":[{"href":"https:\/\/redeportivamx.com\/index.php\/wp-json\/wp\/v2\/posts\/37985","targetHints":{"allow":["GET"]}}],"collection":[{"href":"https:\/\/redeportivamx.com\/index.php\/wp-json\/wp\/v2\/posts"}],"about":[{"href":"https:\/\/redeportivamx.com\/index.php\/wp-json\/wp\/v2\/types\/post"}],"author":[{"embeddable":true,"href":"https:\/\/redeportivamx.com\/index.php\/wp-json\/wp\/v2\/users\/16"}],"replies":[{"embeddable":true,"href":"https:\/\/redeportivamx.com\/index.php\/wp-json\/wp\/v2\/comments?post=37985"}],"version-history":[{"count":1,"href":"https:\/\/redeportivamx.com\/index.php\/wp-json\/wp\/v2\/posts\/37985\/revisions"}],"predecessor-version":[{"id":37988,"href":"https:\/\/redeportivamx.com\/index.php\/wp-json\/wp\/v2\/posts\/37985\/revisions\/37988"}],"wp:featuredmedia":[{"embeddable":true,"href":"https:\/\/redeportivamx.com\/index.php\/wp-json\/wp\/v2\/media\/37987"}],"wp:attachment":[{"href":"https:\/\/redeportivamx.com\/index.php\/wp-json\/wp\/v2\/media?parent=37985"}],"wp:term":[{"taxonomy":"category","embeddable":true,"href":"https:\/\/redeportivamx.com\/index.php\/wp-json\/wp\/v2\/categories?post=37985"},{"taxonomy":"post_tag","embeddable":true,"href":"https:\/\/redeportivamx.com\/index.php\/wp-json\/wp\/v2\/tags?post=37985"}],"curies":[{"name":"wp","href":"https:\/\/api.w.org\/{rel}","templated":true}]}}