{"id":36008,"date":"2024-02-17T06:09:08","date_gmt":"2024-02-17T06:09:08","guid":{"rendered":"https:\/\/redeportivamx.com\/?p=36008"},"modified":"2024-02-17T06:09:09","modified_gmt":"2024-02-17T06:09:09","slug":"alejandro-mauro-listo-para-el-rally-de-suecia","status":"publish","type":"post","link":"https:\/\/redeportivamx.com\/index.php\/2024\/02\/17\/alejandro-mauro-listo-para-el-rally-de-suecia\/","title":{"rendered":"Alejandro Mauro, listo para el Rally de Suecia"},"content":{"rendered":"\n<h2 class=\"wp-block-heading\">Alejandro Mauro avanz\u00f3 a la segunda fecha del WRC tras una gran actuaci\u00f3n en Monte Carlo<\/h2>\n\n\n\n<figure class=\"wp-block-image size-large\"><img fetchpriority=\"high\" decoding=\"async\" width=\"1024\" height=\"683\" src=\"https:\/\/redeportivamx.com\/wp-content\/uploads\/2024\/02\/image-62-1024x683.png\" alt=\"\" class=\"wp-image-36010\" srcset=\"https:\/\/redeportivamx.com\/wp-content\/uploads\/2024\/02\/image-62-1024x683.png 1024w, https:\/\/redeportivamx.com\/wp-content\/uploads\/2024\/02\/image-62-300x200.png 300w, https:\/\/redeportivamx.com\/wp-content\/uploads\/2024\/02\/image-62-768x512.png 768w, https:\/\/redeportivamx.com\/wp-content\/uploads\/2024\/02\/image-62-1536x1024.png 1536w, https:\/\/redeportivamx.com\/wp-content\/uploads\/2024\/02\/image-62-2048x1366.png 2048w\" sizes=\"(max-width: 1024px) 100vw, 1024px\" \/><\/figure>\n\n\n\n<p>El piloto mexicano <strong>Alejandro Mauro<\/strong> se encuentra listo para participar en el <strong><a href=\"https:\/\/redeportivamx.com\/index.php\/category\/automovilismo\/\" target=\"_blank\" rel=\"noopener\" title=\"\">Rally de Suecia<\/a><\/strong>, la segunda fecha del <strong><a href=\"https:\/\/www.wrc.com\/\" target=\"_blank\" rel=\"noopener\" title=\"\">Campeonato Mundial de Rallies<\/a><\/strong> (WRC) en la categor\u00eda WRC2 Challenge. Mauro, quien debut\u00f3 en el <strong>WRC<\/strong> con una destacada actuaci\u00f3n en el <strong>Rally de Monte Carlo<\/strong>, donde obtuvo sus primeros dos puntos, buscar\u00e1 sumar m\u00e1s unidades en la prueba n\u00f3rdica que se disputar\u00e1 del 16 al 18 de febrero.<\/p>\n\n\n\n<figure class=\"wp-block-embed is-type-rich is-provider-twitter wp-block-embed-twitter\"><div class=\"wp-block-embed__wrapper\">\n<blockquote class=\"twitter-tweet\" data-width=\"550\" data-dnt=\"true\"><p lang=\"en\" dir=\"ltr\">IT&#39;S <a href=\"https:\/\/twitter.com\/RallySweden?ref_src=twsrc%5Etfw\">@RallySweden<\/a> WEEK! \ud83e\udd29 <a href=\"https:\/\/t.co\/jVmFGdZUMx\">pic.twitter.com\/jVmFGdZUMx<\/a><\/p>&mdash; FIA World Rally Championship (@OfficialWRC) <a href=\"https:\/\/twitter.com\/OfficialWRC\/status\/1756958295821095184?ref_src=twsrc%5Etfw\">February 12, 2024<\/a><\/blockquote><script async src=\"https:\/\/platform.twitter.com\/widgets.js\" charset=\"utf-8\"><\/script>\n<\/div><\/figure>\n\n\n\n<p>Mauro conducir\u00e1 un Skoda Fabia Evo Rally 2, perteneciente a la escuder\u00eda TV4 Guanajuato, y contar\u00e1 con el apoyo de su copiloto espa\u00f1ol Adri\u00e1n P\u00e9rez. El binomio se ha preparado meticulosamente para enfrentar las condiciones de nieve y hielo que caracterizan al Rally de Suecia, uno de los m\u00e1s exigentes y espectaculares del calendario.<\/p>\n\n\n\n<figure class=\"wp-block-embed is-type-rich is-provider-twitter wp-block-embed-twitter\"><div class=\"wp-block-embed__wrapper\">\n<blockquote class=\"twitter-tweet\" data-width=\"550\" data-dnt=\"true\"><p lang=\"es\" dir=\"ltr\">Despu\u00e9s de su participaci\u00f3n en el Rally de Montecarlo, primera fecha del <a href=\"https:\/\/twitter.com\/OfficialWRC?ref_src=twsrc%5Etfw\">@OfficialWRC<\/a> el piloto mexicano Alejandro Mauro arranc\u00f3 hoy en el Rally de Suecia terminando el primer d\u00eda en 34\u00b0 con su Skoda Fabia Evo en la categor\u00eda WRC2 Challenge. Alejandro buscar\u00e1 sumar m\u00e1s puntos. <a href=\"https:\/\/t.co\/uxr8LaT9r3\">pic.twitter.com\/uxr8LaT9r3<\/a><\/p>&mdash; Marco Tolama (@MarcoTolama) <a href=\"https:\/\/twitter.com\/MarcoTolama\/status\/1758306356275384706?ref_src=twsrc%5Etfw\">February 16, 2024<\/a><\/blockquote><script async src=\"https:\/\/platform.twitter.com\/widgets.js\" charset=\"utf-8\"><\/script>\n<\/div><\/figure>\n\n\n\n<p>El joven piloto mexicano tendr\u00e1 que competir contra una veintena de tripulaciones de alto nivel, entre las que se encuentran el espa\u00f1ol Jan Solans, el finland\u00e9s Teemu Suninen y el sueco Pontus Tidemand. Mauro conf\u00eda en su estrategia progresiva y en su trabajo inteligente para completar el rally y sumar puntos. &#8220;La \u00fanica presi\u00f3n que sentimos es la de acumular kil\u00f3metros y experiencia&#8221;, afirm\u00f3.<\/p>\n","protected":false},"excerpt":{"rendered":"<p>Alejandro Mauro avanz\u00f3 a la segunda fecha del WRC tras una gran actuaci\u00f3n en Monte Carlo El piloto mexicano Alejandro Mauro se encuentra listo para participar en el Rally de Suecia, la segunda fecha del Campeonato Mundial de Rallies (WRC) en la categor\u00eda WRC2 Challenge. Mauro, quien debut\u00f3 en el WRC con una destacada actuaci\u00f3n [&hellip;]<\/p>\n","protected":false},"author":9,"featured_media":36010,"comment_status":"open","ping_status":"open","sticky":false,"template":"","format":"standard","meta":{"_monsterinsights_skip_tracking":false,"_monsterinsights_sitenote_active":false,"_monsterinsights_sitenote_note":"","_monsterinsights_sitenote_category":0,"_jetpack_memberships_contains_paid_content":false,"footnotes":""},"categories":[58],"tags":[1078,494,1077,773],"class_list":["post-36008","post","type-post","status-publish","format-standard","has-post-thumbnail","hentry","category-motorsport","tag-alejandro-mauro","tag-automovilismo","tag-rally-de-suecia","tag-wrc"],"aioseo_notices":[],"jetpack_featured_media_url":"https:\/\/redeportivamx.com\/wp-content\/uploads\/2024\/02\/image-62.png","jetpack_sharing_enabled":true,"_links":{"self":[{"href":"https:\/\/redeportivamx.com\/index.php\/wp-json\/wp\/v2\/posts\/36008","targetHints":{"allow":["GET"]}}],"collection":[{"href":"https:\/\/redeportivamx.com\/index.php\/wp-json\/wp\/v2\/posts"}],"about":[{"href":"https:\/\/redeportivamx.com\/index.php\/wp-json\/wp\/v2\/types\/post"}],"author":[{"embeddable":true,"href":"https:\/\/redeportivamx.com\/index.php\/wp-json\/wp\/v2\/users\/9"}],"replies":[{"embeddable":true,"href":"https:\/\/redeportivamx.com\/index.php\/wp-json\/wp\/v2\/comments?post=36008"}],"version-history":[{"count":2,"href":"https:\/\/redeportivamx.com\/index.php\/wp-json\/wp\/v2\/posts\/36008\/revisions"}],"predecessor-version":[{"id":36011,"href":"https:\/\/redeportivamx.com\/index.php\/wp-json\/wp\/v2\/posts\/36008\/revisions\/36011"}],"wp:featuredmedia":[{"embeddable":true,"href":"https:\/\/redeportivamx.com\/index.php\/wp-json\/wp\/v2\/media\/36010"}],"wp:attachment":[{"href":"https:\/\/redeportivamx.com\/index.php\/wp-json\/wp\/v2\/media?parent=36008"}],"wp:term":[{"taxonomy":"category","embeddable":true,"href":"https:\/\/redeportivamx.com\/index.php\/wp-json\/wp\/v2\/categories?post=36008"},{"taxonomy":"post_tag","embeddable":true,"href":"https:\/\/redeportivamx.com\/index.php\/wp-json\/wp\/v2\/tags?post=36008"}],"curies":[{"name":"wp","href":"https:\/\/api.w.org\/{rel}","templated":true}]}}