{"id":35687,"date":"2024-02-09T05:49:07","date_gmt":"2024-02-09T05:49:07","guid":{"rendered":"https:\/\/redeportivamx.com\/?p=35687"},"modified":"2024-02-09T05:49:26","modified_gmt":"2024-02-09T05:49:26","slug":"el-rally-de-las-naciones-2024","status":"publish","type":"post","link":"https:\/\/redeportivamx.com\/index.php\/2024\/02\/09\/el-rally-de-las-naciones-2024\/","title":{"rendered":"El Rally de las Naciones 2024"},"content":{"rendered":"\n<h2 class=\"wp-block-heading\">Guanajuato ser\u00e1 el estado sede de la edici\u00f3n 2024 del Rally de las Naciones<\/h2>\n\n\n\n<p>El estado de <strong>Guanajuato<\/strong> se prepara para recibir a los mejores pilotos del mundo en el <strong><a href=\"https:\/\/redeportivamx.com\/index.php\/category\/automovilismo\/\" target=\"_blank\" rel=\"noopener\" title=\"\">Rally de las Naciones 2024<\/a><\/strong>. Esta aclamada competencia de nivel internacional sustituir\u00e1 al <strong>Rally M\u00e9xico<\/strong>, ausente del calendario del <a href=\"https:\/\/www.wrc.com\/\" target=\"_blank\" rel=\"noopener\" title=\"\">Campeonato Mundial de Rally (WRC)<\/a> este a\u00f1o.<\/p>\n\n\n\n<figure class=\"wp-block-embed is-type-rich is-provider-twitter wp-block-embed-twitter\"><div class=\"wp-block-embed__wrapper\">\n<blockquote class=\"twitter-tweet\" data-width=\"550\" data-dnt=\"true\"><p lang=\"es\" dir=\"ltr\"><a href=\"https:\/\/twitter.com\/hashtag\/Deportes?src=hash&amp;ref_src=twsrc%5Etfw\">#Deportes<\/a> \ud83c\udfc1  Rally de las Naciones | La edici\u00f3n 2024 de Le\u00f3n a 180 pa\u00edses<br><br>\ud83c\udfce\ufe0f Se disputar\u00e1 del 23 al 25 de febrero <a href=\"https:\/\/t.co\/ciqqVEl567\">https:\/\/t.co\/ciqqVEl567<\/a><\/p>&mdash; TV4 Deportes (@tv4deportes) <a href=\"https:\/\/twitter.com\/tv4deportes\/status\/1755785849164173649?ref_src=twsrc%5Etfw\">February 9, 2024<\/a><\/blockquote><script async src=\"https:\/\/platform.twitter.com\/widgets.js\" charset=\"utf-8\"><\/script>\n<\/div><\/figure>\n\n\n\n<p><strong>Del 23 al 25 de febrero, 33 pilotos de 13 pa\u00edses se disputar\u00e1n la gloria en 15 tramos<\/strong> cronometrados que recorrer\u00e1n los municipios de <strong>Le\u00f3n<\/strong>, <strong>Guanajuato<\/strong>, <strong>Silao<\/strong> y <strong>Romita<\/strong>. Entre los participantes destacan el legendario franc\u00e9s <strong>Julien Ingrassia<\/strong>, el noruego <strong>Mads Ostberg<\/strong>, ganador de la edici\u00f3n anterior, y el mexicano <strong>Francisco Mena<\/strong>, una de las estrellas nacionales.<\/p>\n\n\n\n<figure class=\"wp-block-embed is-type-rich is-provider-twitter wp-block-embed-twitter\"><div class=\"wp-block-embed__wrapper\">\n<blockquote class=\"twitter-tweet\" data-width=\"550\" data-dnt=\"true\"><p lang=\"en\" dir=\"ltr\">Happy to announce an 8 x \ud83c\udfc6 World Champion \ud83c\uddeb\ud83c\uddf7 coming to Rally Of Nations \ud83c\uddf2\ud83c\uddfd <a href=\"https:\/\/t.co\/qYjEwzNMOd\">pic.twitter.com\/qYjEwzNMOd<\/a><\/p>&mdash; Rally of Nations (@rallyofnations) <a href=\"https:\/\/twitter.com\/rallyofnations\/status\/1755640026132513212?ref_src=twsrc%5Etfw\">February 8, 2024<\/a><\/blockquote><script async src=\"https:\/\/platform.twitter.com\/widgets.js\" charset=\"utf-8\"><\/script>\n<\/div><\/figure>\n\n\n\n<p>El evento arrancar\u00e1 <strong>el viernes 23 con un shakedown<\/strong> (tramo de prueba) en <strong>La Romita<\/strong>, seguido por la arrancada ceremonial y dos tramos callejeros en Guanajuato capital. El <strong>s\u00e1bado<\/strong> se realizar\u00e1n <strong>seis tramos en terracer\u00eda<\/strong>, incluyendo el espectacular Las Minas, que debut\u00f3 en el WRC el a\u00f1o pasado. El <strong>domingo<\/strong> se definir\u00e1 al campe\u00f3n con <strong>siete tramos m\u00e1s<\/strong>, entre ellos el famoso salto de <strong>El Brinco<\/strong> y una s\u00faper especial en <strong>Le\u00f3n<\/strong>. <strong>La premiaci\u00f3n y el podio se llevar\u00e1n a cabo en el Arco de la Calzada<\/strong>.<\/p>\n\n\n\n<figure class=\"wp-block-embed is-type-rich is-provider-twitter wp-block-embed-twitter\"><div class=\"wp-block-embed__wrapper\">\n<blockquote class=\"twitter-tweet\" data-width=\"550\" data-dnt=\"true\"><p lang=\"es\" dir=\"ltr\">Rally of Nations 2024 \ud83c\udfc6\ud83d\udd25\ud83c\uddf2\ud83c\uddfd<br>\u00a1Prep\u00e1rate para la tercera edici\u00f3n llena de aventuras, caminos, retos y emoci\u00f3n! <br>\ud83d\ude80 23 al 25 de febrero 2024<br>\ud83c\udfc1 Pilotos de todo el mundo compitiendo por un mismo objetivo: GANAR \ud83c\udfc6 <a href=\"https:\/\/t.co\/FBcofg8uSB\">pic.twitter.com\/FBcofg8uSB<\/a><\/p>&mdash; Rally of Nations (@rallyofnations) <a href=\"https:\/\/twitter.com\/rallyofnations\/status\/1752332513949683909?ref_src=twsrc%5Etfw\">January 30, 2024<\/a><\/blockquote><script async src=\"https:\/\/platform.twitter.com\/widgets.js\" charset=\"utf-8\"><\/script>\n<\/div><\/figure>\n\n\n\n<p>El <strong>Rally de las Naciones<\/strong> es una oportunidad para m<strong>ostrar al mundo la belleza y la cultura de Guanajuato<\/strong>, as\u00ed como para impulsar el turismo y la econom\u00eda local. Se espera una asistencia de <strong>m\u00e1s de 200 mil aficionados y una derrama econ\u00f3mica de 180 millones de pesos<\/strong>. Adem\u00e1s, el evento servir\u00e1 como preparaci\u00f3n para el posible regreso del Rally M\u00e9xico al WRC en el futuro cercano.<\/p>\n","protected":false},"excerpt":{"rendered":"<p>Guanajuato ser\u00e1 el estado sede de la edici\u00f3n 2024 del Rally de las Naciones El estado de Guanajuato se prepara para recibir a los mejores pilotos del mundo en el Rally de las Naciones 2024. Esta aclamada competencia de nivel internacional sustituir\u00e1 al Rally M\u00e9xico, ausente del calendario del Campeonato Mundial de Rally (WRC) este [&hellip;]<\/p>\n","protected":false},"author":9,"featured_media":35688,"comment_status":"open","ping_status":"open","sticky":false,"template":"","format":"standard","meta":{"_monsterinsights_skip_tracking":false,"_monsterinsights_sitenote_active":false,"_monsterinsights_sitenote_note":"","_monsterinsights_sitenote_category":0,"_jetpack_memberships_contains_paid_content":false,"footnotes":""},"categories":[58],"tags":[1038,1039],"class_list":["post-35687","post","type-post","status-publish","format-standard","has-post-thumbnail","hentry","category-motorsport","tag-rally-de-las-naciones","tag-rally-mexico"],"aioseo_notices":[],"jetpack_featured_media_url":"https:\/\/redeportivamx.com\/wp-content\/uploads\/2024\/02\/image-38.png","jetpack_sharing_enabled":true,"_links":{"self":[{"href":"https:\/\/redeportivamx.com\/index.php\/wp-json\/wp\/v2\/posts\/35687","targetHints":{"allow":["GET"]}}],"collection":[{"href":"https:\/\/redeportivamx.com\/index.php\/wp-json\/wp\/v2\/posts"}],"about":[{"href":"https:\/\/redeportivamx.com\/index.php\/wp-json\/wp\/v2\/types\/post"}],"author":[{"embeddable":true,"href":"https:\/\/redeportivamx.com\/index.php\/wp-json\/wp\/v2\/users\/9"}],"replies":[{"embeddable":true,"href":"https:\/\/redeportivamx.com\/index.php\/wp-json\/wp\/v2\/comments?post=35687"}],"version-history":[{"count":1,"href":"https:\/\/redeportivamx.com\/index.php\/wp-json\/wp\/v2\/posts\/35687\/revisions"}],"predecessor-version":[{"id":35689,"href":"https:\/\/redeportivamx.com\/index.php\/wp-json\/wp\/v2\/posts\/35687\/revisions\/35689"}],"wp:featuredmedia":[{"embeddable":true,"href":"https:\/\/redeportivamx.com\/index.php\/wp-json\/wp\/v2\/media\/35688"}],"wp:attachment":[{"href":"https:\/\/redeportivamx.com\/index.php\/wp-json\/wp\/v2\/media?parent=35687"}],"wp:term":[{"taxonomy":"category","embeddable":true,"href":"https:\/\/redeportivamx.com\/index.php\/wp-json\/wp\/v2\/categories?post=35687"},{"taxonomy":"post_tag","embeddable":true,"href":"https:\/\/redeportivamx.com\/index.php\/wp-json\/wp\/v2\/tags?post=35687"}],"curies":[{"name":"wp","href":"https:\/\/api.w.org\/{rel}","templated":true}]}}