{"id":35450,"date":"2024-02-05T03:10:26","date_gmt":"2024-02-05T03:10:26","guid":{"rendered":"https:\/\/redeportivamx.com\/?p=35450"},"modified":"2024-02-05T03:10:27","modified_gmt":"2024-02-05T03:10:27","slug":"daniel-suarez-se-corona-en-el-coliseo-de-los-angeles-en-la-nascar-mexico-series","status":"publish","type":"post","link":"https:\/\/redeportivamx.com\/index.php\/2024\/02\/05\/daniel-suarez-se-corona-en-el-coliseo-de-los-angeles-en-la-nascar-mexico-series\/","title":{"rendered":"Daniel Su\u00e1rez se corona en el Coliseo de Los \u00c1ngeles en la NASCAR M\u00e9xico Series"},"content":{"rendered":"\n<p><strong><em>Daniel Su\u00e1rez gan\u00f3 la carrera en La Batalla en el Coliseo de la NASCAR M\u00e9xico Series<\/em><\/strong><\/p>\n\n\n\n<p>El piloto mexicano <strong>Daniel Su\u00e1rez<\/strong> logr\u00f3 una victoria hist\u00f3rica en la <strong><a href=\"https:\/\/redeportivamx.com\/index.php\/category\/automovilismo\/\" target=\"_blank\" rel=\"noopener\" title=\"\">NASCAR M\u00e9xico Series<\/a> <\/strong>al ganar la carrera <strong><em><a href=\"https:\/\/www.nascar.mx\/2024\/02\/03\/daniel-suarez-gana-la-king-taco-la-batalla-en-el-coliseo\/\" target=\"_blank\" rel=\"noopener\" title=\"\">La Batalla en el Coliseo<\/a><\/em><\/strong>, que se disput\u00f3 en el emblem\u00e1tico <strong>Memorial Coliseum<\/strong> de Los \u00c1ngeles, California.<\/p>\n\n\n\n<p><strong>Su\u00e1rez<\/strong>, quien no pudo participar en la <strong>NASCAR Cup<\/strong> al no calificar, tom\u00f3 revancha en la serie mexicana y se impuso con autoridad en una competencia intensa y despu\u00e9s de rebasar a un experimentado como <strong>Rub\u00e9n Garc\u00eda Jr<\/strong>. por el liderato de la carrera.<\/p>\n\n\n\n<figure class=\"wp-block-embed is-type-rich is-provider-twitter wp-block-embed-twitter\"><div class=\"wp-block-embed__wrapper\">\n<blockquote class=\"twitter-tweet\" data-width=\"550\" data-dnt=\"true\"><p lang=\"es\" dir=\"ltr\">\u00a1UNO M\u00c1S A SU PALMAR\u00c9S! \ud83c\udfc6\ud83c\uddf2\ud83c\uddfd<br><br>Daniel Su\u00e1rez cumple y se queda con el triunfo. El mexicano tuvo un gran reencuentro con <a href=\"https:\/\/twitter.com\/hashtag\/NascarxFSMX?src=hash&amp;ref_src=twsrc%5Etfw\">#NascarxFSMX<\/a> <a href=\"https:\/\/t.co\/3x7uVdjx67\">pic.twitter.com\/3x7uVdjx67<\/a><\/p>&mdash; FOX Sports MX (@FOXSportsMX) <a href=\"https:\/\/twitter.com\/FOXSportsMX\/status\/1754270821021860126?ref_src=twsrc%5Etfw\">February 4, 2024<\/a><\/blockquote><script async src=\"https:\/\/platform.twitter.com\/widgets.js\" charset=\"utf-8\"><\/script>\n<\/div><\/figure>\n\n\n\n<p>El piloto de la <strong>Escuder\u00eda Telmex<\/strong> arranc\u00f3 desde la tercera posici\u00f3n y fue escalando posiciones hasta tomar el liderato faltando 20 vueltas despu\u00e9s de resistir los embates de sus rivales y cruzar la meta en primer lugar, desatando la emoci\u00f3n de los aficionados que se dieron cita en el <strong>Coliseo<\/strong>.<\/p>\n\n\n\n<p><strong>Su\u00e1rez<\/strong> dedic\u00f3 su triunfo a los <strong>aficionados<\/strong> que se dieron cita en el <strong>Memorial Coliseum<\/strong>. Adem\u00e1s, agradeci\u00f3 su victoria a <strong>NASCAR M\u00e9xico.<\/strong><\/p>\n\n\n\n<p>&#8220;<strong>Gracias a los aficionados por venir a \u00faltima hora<\/strong>. Significa mucho para m\u00ed. La gente que me conoce sabe que esta carrera significa mucho para m\u00ed. Todos estos pilotos, todos estos equipos&#8230; Crec\u00ed con esto. Si no fuera por esta serie (NASCAR M\u00e9xico) no estar\u00eda en la Cup Series hoy\u201d. dijo <strong>Su\u00e1rez.<\/strong><\/p>\n\n\n\n<figure class=\"wp-block-embed is-type-rich is-provider-twitter wp-block-embed-twitter\"><div class=\"wp-block-embed__wrapper\">\n<blockquote class=\"twitter-tweet\" data-width=\"550\" data-dnt=\"true\"><p lang=\"es\" dir=\"ltr\">VAMOS!!! \ud83d\udd25\ud83c\udfc6\ud83c\uddf2\ud83c\uddfd <a href=\"https:\/\/twitter.com\/NASCARMex?ref_src=twsrc%5Etfw\">@NASCARMex<\/a> <a href=\"https:\/\/t.co\/5klcJLCb5L\">pic.twitter.com\/5klcJLCb5L<\/a><\/p>&mdash; Daniel Su\u00e1rez (@Daniel_SuarezG) <a href=\"https:\/\/twitter.com\/Daniel_SuarezG\/status\/1754009227776135441?ref_src=twsrc%5Etfw\">February 4, 2024<\/a><\/blockquote><script async src=\"https:\/\/platform.twitter.com\/widgets.js\" charset=\"utf-8\"><\/script>\n<\/div><\/figure>\n\n\n\n<p>Asimismo, habl\u00f3 sobre la carrera, en donde reconoci\u00f3 que no fue f\u00e1cil ganar la carrera, ya que tuvo que administrar sus neum\u00e1ticos y frenos.<\/p>\n\n\n\n<p>&#8220;D\u00e9jenme decirles que <strong>no fue f\u00e1cil<\/strong>. No me pareci\u00f3 que fu\u00e9ramos el coche m\u00e1s r\u00e1pido. Creo que Rub\u00e9n (Garc\u00eda) con el N\u00ba88, Abraham (Calder\u00f3n) con el N\u00ba 2&#8230; eran m\u00e1s r\u00e1pidos que yo. Pero yo sab\u00eda que no ten\u00eda la velocidad bruta para vencerlos, as\u00ed que <strong>ten\u00eda que ser inteligente y guardar mis neum\u00e1ticos, guardar mis frenos para el run largo<\/strong>, y por suerte vali\u00f3 la pena&#8221;, finaliz\u00f3 el piloto mexicano.<\/p>\n","protected":false},"excerpt":{"rendered":"<p>Daniel Su\u00e1rez gan\u00f3 la carrera en La Batalla en el Coliseo de la NASCAR M\u00e9xico Series El piloto mexicano Daniel Su\u00e1rez logr\u00f3 una victoria hist\u00f3rica en la NASCAR M\u00e9xico Series al ganar la carrera La Batalla en el Coliseo, que se disput\u00f3 en el emblem\u00e1tico Memorial Coliseum de Los \u00c1ngeles, California. Su\u00e1rez, quien no pudo [&hellip;]<\/p>\n","protected":false},"author":1,"featured_media":35453,"comment_status":"open","ping_status":"open","sticky":false,"template":"","format":"standard","meta":{"_monsterinsights_skip_tracking":false,"_monsterinsights_sitenote_active":false,"_monsterinsights_sitenote_note":"","_monsterinsights_sitenote_category":0,"_jetpack_memberships_contains_paid_content":false,"footnotes":""},"categories":[58],"tags":[],"class_list":["post-35450","post","type-post","status-publish","format-standard","has-post-thumbnail","hentry","category-motorsport"],"aioseo_notices":[],"jetpack_featured_media_url":"https:\/\/redeportivamx.com\/wp-content\/uploads\/2024\/02\/Daniel-Suarez-se-corono-en-el-Coliseo-de-Los-Angeles-en-la-NASCAR-Mexico-Series.jpg","jetpack_sharing_enabled":true,"_links":{"self":[{"href":"https:\/\/redeportivamx.com\/index.php\/wp-json\/wp\/v2\/posts\/35450","targetHints":{"allow":["GET"]}}],"collection":[{"href":"https:\/\/redeportivamx.com\/index.php\/wp-json\/wp\/v2\/posts"}],"about":[{"href":"https:\/\/redeportivamx.com\/index.php\/wp-json\/wp\/v2\/types\/post"}],"author":[{"embeddable":true,"href":"https:\/\/redeportivamx.com\/index.php\/wp-json\/wp\/v2\/users\/1"}],"replies":[{"embeddable":true,"href":"https:\/\/redeportivamx.com\/index.php\/wp-json\/wp\/v2\/comments?post=35450"}],"version-history":[{"count":1,"href":"https:\/\/redeportivamx.com\/index.php\/wp-json\/wp\/v2\/posts\/35450\/revisions"}],"predecessor-version":[{"id":35454,"href":"https:\/\/redeportivamx.com\/index.php\/wp-json\/wp\/v2\/posts\/35450\/revisions\/35454"}],"wp:featuredmedia":[{"embeddable":true,"href":"https:\/\/redeportivamx.com\/index.php\/wp-json\/wp\/v2\/media\/35453"}],"wp:attachment":[{"href":"https:\/\/redeportivamx.com\/index.php\/wp-json\/wp\/v2\/media?parent=35450"}],"wp:term":[{"taxonomy":"category","embeddable":true,"href":"https:\/\/redeportivamx.com\/index.php\/wp-json\/wp\/v2\/categories?post=35450"},{"taxonomy":"post_tag","embeddable":true,"href":"https:\/\/redeportivamx.com\/index.php\/wp-json\/wp\/v2\/tags?post=35450"}],"curies":[{"name":"wp","href":"https:\/\/api.w.org\/{rel}","templated":true}]}}