{"id":34575,"date":"2024-01-18T17:02:07","date_gmt":"2024-01-18T17:02:07","guid":{"rendered":"https:\/\/redeportivamx.com\/?p=34575"},"modified":"2024-01-18T17:02:08","modified_gmt":"2024-01-18T17:02:08","slug":"vucetich-senala-la-falta-de-preparacion-en-la-fmf","status":"publish","type":"post","link":"https:\/\/redeportivamx.com\/index.php\/2024\/01\/18\/vucetich-senala-la-falta-de-preparacion-en-la-fmf\/","title":{"rendered":"Vucetich se\u00f1ala la falta de preparaci\u00f3n en la FMF"},"content":{"rendered":"\n<p class=\"has-text-align-justify wp-block-paragraph\">V\u00edctor Manuel Vucetich critic\u00f3 la falta de capacitaci\u00f3n de los integrantes en los clubes del futbol mexicano, adem\u00e1s de la falta de oportunidades para el mexicano, ya sea desde el banquillo como en la cancha.<\/p>\n\n\n\n<blockquote class=\"wp-block-quote is-layout-flow wp-block-quote-is-layout-flow\">\n<p class=\"has-text-align-justify wp-block-paragraph\">Los clubes deben darle capacitaciones a su gente, desarrollar a sus elementos que tienen formando a los j\u00f3venes dentro de sus instalaciones para tener jugadores m\u00e1s preparados. Las grandes empresas de alto nivel mandan a sus ejecutivos a desarrollarse en universidades internacionales y lo mismo se deber\u00eda hacer en el futbol.<\/p>\n<cite>V\u00edctor Manuel Vucetich.<\/cite><\/blockquote>\n\n\n\n<p class=\"has-text-align-justify wp-block-paragraph\">Uno de los puntos que analiz\u00f3 el <em>Rey Midas<\/em> fue la falta de oportunidades para los mexicanos, un tema que puede radicar en lo econ\u00f3mico, ya que \u201cA veces traer t\u00e9cnicos que no tienen tanto nombre sale m\u00e1s econ\u00f3mico\u201d.<\/p>\n\n\n\n<p class=\"has-text-align-justify wp-block-paragraph\">A\u00fan as\u00ed, resalt\u00f3 que el an\u00e1lisis es un tema importante al momento de elegir, ya que desde ah\u00ed se ve que tan capacitados est\u00e1n, \u201ctenemos ver qu\u00e9 han estudiado, donde se capacitaron, porque es parte de la problem\u00e1tica que existe en el futbol mexicano\u201d mencion\u00f3.<\/p>\n\n\n\n<p class=\"has-text-align-justify wp-block-paragraph\">Cabe mencionar que desde d\u00edas anteriores, Vucetich critic\u00f3 que la Federaci\u00f3n Mexicana de Futbol (FMF) \u201cno hace nada para seguir promoviendo al t\u00e9cnico mexicano\u201d.<\/p>\n\n\n\n<blockquote class=\"wp-block-quote is-layout-flow wp-block-quote-is-layout-flow\">\n<p class=\"has-text-align-justify wp-block-paragraph\">Los clubes tambi\u00e9n deber\u00edan respaldar a la gente que tiene en sus fuerzas b\u00e1sicas, esa que lleva un proceso de crecimiento y que le ven posibilidades para que el d\u00eda de ma\u00f1ana lleguen a ser los entrenadores de su respectivo equipo.<\/p>\n<cite>V\u00edctor Manuel Vucetich.<\/cite><\/blockquote>\n\n\n\n<p class=\"has-text-align-justify wp-block-paragraph\">El <em>Rey Midas<\/em> se\u00f1al\u00f3 que la paciencia es uno de los problemas, ya que cuando los resultados no comienzan a darse en un equipo que est\u00e1 en reestructuraci\u00f3n, solo se habla de fracaso.<\/p>\n\n\n\n<figure class=\"wp-block-embed is-type-rich is-provider-twitter wp-block-embed-twitter\"><div class=\"wp-block-embed__wrapper\">\n<blockquote class=\"twitter-tweet\" data-width=\"550\" data-dnt=\"true\"><p lang=\"es\" dir=\"ltr\">&quot;Falta de capacitaci\u00f3n&quot;<br><br>V\u00edctor Manuel Vucetich habla sobre la preparaci\u00f3n que tienen los t\u00e9cnicos para llegar a dirigir un equipo y lo que necesitan para tener un crecimiento.<a href=\"https:\/\/twitter.com\/Ventimilla?ref_src=twsrc%5Etfw\">@Ventimilla<\/a> <a href=\"https:\/\/twitter.com\/hashtag\/Vucetich?src=hash&amp;ref_src=twsrc%5Etfw\">#Vucetich<\/a> <a href=\"https:\/\/t.co\/Tb7ke9513D\">pic.twitter.com\/Tb7ke9513D<\/a><\/p>&mdash; TV Azteca Deportes (@AztecaDeportes) <a href=\"https:\/\/twitter.com\/AztecaDeportes\/status\/1747761774818947524?ref_src=twsrc%5Etfw\">January 17, 2024<\/a><\/blockquote><script async src=\"https:\/\/platform.twitter.com\/widgets.js\" charset=\"utf-8\"><\/script>\n<\/div><\/figure>\n","protected":false},"excerpt":{"rendered":"<p>V\u00edctor Manuel Vucetich critic\u00f3 la falta de capacitaci\u00f3n de los integrantes en los clubes del futbol mexicano, adem\u00e1s de la falta de oportunidades para el mexicano, ya sea desde el banquillo como en la cancha. Los clubes deben darle capacitaciones a su gente, desarrollar a sus elementos que tienen formando a los j\u00f3venes dentro de [&hellip;]<\/p>\n","protected":false},"author":16,"featured_media":34576,"comment_status":"open","ping_status":"open","sticky":false,"template":"","format":"standard","meta":{"_monsterinsights_skip_tracking":false,"_jetpack_newsletter_access":"","_jetpack_dont_email_post_to_subs":false,"_jetpack_newsletter_tier_id":0,"_jetpack_memberships_contains_paywalled_content":false,"_jetpack_feature_clip_id":0,"_jetpack_memberships_contains_paid_content":false,"footnotes":"","jetpack_post_was_ever_published":false},"categories":[10],"tags":[20,900],"class_list":["post-34575","post","type-post","status-publish","format-standard","has-post-thumbnail","hentry","category-liga-bbva-mx","tag-ligamx","tag-victor-manuel-vucetich"],"aioseo_notices":[],"aioseo_head":"\n\t\t<!-- All in One SEO 5.0.1.1 - aioseo.com -->\n\t<meta name=\"description\" content=\"V\u00edctor Manuel Vucetich critic\u00f3 la falta de capacitaci\u00f3n de los integrantes en los clubes del futbol mexicano, adem\u00e1s de la falta de oportunidades para el mexicano, ya sea desde el banquillo como en la cancha. Los clubes deben darle capacitaciones a su gente, desarrollar a sus elementos que tienen formando a los j\u00f3venes dentro de\" \/>\n\t<meta name=\"robots\" content=\"max-image-preview:large\" \/>\n\t<meta name=\"author\" content=\"Miguel \u00c1ngel Bustamante Rosas\"\/>\n\t<link rel=\"canonical\" href=\"https:\/\/redeportivamx.com\/index.php\/2024\/01\/18\/vucetich-senala-la-falta-de-preparacion-en-la-fmf\/\" \/>\n\t<meta name=\"generator\" content=\"All in One SEO (AIOSEO) 5.0.1.1\" \/>\n\t\t<meta property=\"og:locale\" content=\"es_MX\" \/>\n\t\t<meta property=\"og:site_name\" content=\"Redeportiva MX - \u00a1Conectando tu pasi\u00f3n!\" \/>\n\t\t<meta property=\"og:type\" content=\"sport\" \/>\n\t\t<meta property=\"og:title\" content=\"Vucetich se\u00f1ala la falta de preparaci\u00f3n en la FMF - Redeportiva MX\" \/>\n\t\t<meta property=\"og:description\" content=\"V\u00edctor Manuel Vucetich critic\u00f3 la falta de capacitaci\u00f3n de los integrantes en los clubes del futbol mexicano, adem\u00e1s de la falta de oportunidades para el mexicano, ya sea desde el banquillo como en la cancha. Los clubes deben darle capacitaciones a su gente, desarrollar a sus elementos que tienen formando a los j\u00f3venes dentro de\" \/>\n\t\t<meta property=\"og:url\" content=\"https:\/\/redeportivamx.com\/index.php\/2024\/01\/18\/vucetich-senala-la-falta-de-preparacion-en-la-fmf\/\" \/>\n\t\t<meta property=\"og:image\" content=\"https:\/\/redeportivamx.com\/wp-content\/uploads\/2024\/01\/GDxvGxUaAAARMDQ.jpeg\" \/>\n\t\t<meta property=\"og:image:secure_url\" content=\"https:\/\/redeportivamx.com\/wp-content\/uploads\/2024\/01\/GDxvGxUaAAARMDQ.jpeg\" \/>\n\t\t<meta property=\"og:image:width\" content=\"702\" \/>\n\t\t<meta property=\"og:image:height\" content=\"437\" \/>\n\t\t<meta name=\"twitter:card\" content=\"summary_large_image\" \/>\n\t\t<meta name=\"twitter:site\" content=\"@Redeportivamx\" \/>\n\t\t<meta name=\"twitter:title\" content=\"Vucetich se\u00f1ala la falta de preparaci\u00f3n en la FMF - Redeportiva MX\" \/>\n\t\t<meta name=\"twitter:description\" content=\"V\u00edctor Manuel Vucetich critic\u00f3 la falta de capacitaci\u00f3n de los integrantes en los clubes del futbol mexicano, adem\u00e1s de la falta de oportunidades para el mexicano, ya sea desde el banquillo como en la cancha. Los clubes deben darle capacitaciones a su gente, desarrollar a sus elementos que tienen formando a los j\u00f3venes dentro de\" \/>\n\t\t<meta name=\"twitter:creator\" content=\"@Redeportivamx\" \/>\n\t\t<meta name=\"twitter:image\" content=\"https:\/\/redeportivamx.com\/wp-content\/uploads\/2024\/01\/GDxvGxUaAAARMDQ.jpeg\" \/>\n\t\t<script type=\"application\/ld+json\" class=\"aioseo-schema\">\n\t\t\t{\"@context\":\"https:\\\/\\\/schema.org\",\"@graph\":[{\"@type\":\"BlogPosting\",\"@id\":\"https:\\\/\\\/redeportivamx.com\\\/index.php\\\/2024\\\/01\\\/18\\\/vucetich-senala-la-falta-de-preparacion-en-la-fmf\\\/#blogposting\",\"name\":\"Vucetich se\\u00f1ala la falta de preparaci\\u00f3n en la FMF - Redeportiva MX\",\"headline\":\"Vucetich se\\u00f1ala la falta de preparaci\\u00f3n en la FMF\",\"author\":{\"@id\":\"https:\\\/\\\/redeportivamx.com\\\/index.php\\\/author\\\/miguel-angel-bustamante-rosas\\\/#author\"},\"publisher\":{\"@id\":\"https:\\\/\\\/redeportivamx.com\\\/#organization\"},\"image\":{\"@type\":\"ImageObject\",\"url\":\"https:\\\/\\\/redeportivamx.com\\\/wp-content\\\/uploads\\\/2024\\\/01\\\/GDxvGxUaAAARMDQ.jpeg\",\"width\":702,\"height\":437},\"datePublished\":\"2024-01-18T17:02:07-06:00\",\"dateModified\":\"2024-01-18T17:02:08-06:00\",\"inLanguage\":\"es-MX\",\"mainEntityOfPage\":{\"@id\":\"https:\\\/\\\/redeportivamx.com\\\/index.php\\\/2024\\\/01\\\/18\\\/vucetich-senala-la-falta-de-preparacion-en-la-fmf\\\/#webpage\"},\"isPartOf\":{\"@id\":\"https:\\\/\\\/redeportivamx.com\\\/index.php\\\/2024\\\/01\\\/18\\\/vucetich-senala-la-falta-de-preparacion-en-la-fmf\\\/#webpage\"},\"articleSection\":\"Liga BBVA MX, LigaMX, V\\u00edctor Manuel Vucetich\"},{\"@type\":\"BreadcrumbList\",\"@id\":\"https:\\\/\\\/redeportivamx.com\\\/index.php\\\/2024\\\/01\\\/18\\\/vucetich-senala-la-falta-de-preparacion-en-la-fmf\\\/#breadcrumblist\",\"itemListElement\":[{\"@type\":\"ListItem\",\"@id\":\"https:\\\/\\\/redeportivamx.com#listItem\",\"position\":1,\"name\":\"Home\",\"item\":\"https:\\\/\\\/redeportivamx.com\",\"nextItem\":{\"@type\":\"ListItem\",\"@id\":\"https:\\\/\\\/redeportivamx.com\\\/index.php\\\/category\\\/liga-bbva-mx\\\/#listItem\",\"name\":\"Liga BBVA MX\"}},{\"@type\":\"ListItem\",\"@id\":\"https:\\\/\\\/redeportivamx.com\\\/index.php\\\/category\\\/liga-bbva-mx\\\/#listItem\",\"position\":2,\"name\":\"Liga BBVA MX\",\"item\":\"https:\\\/\\\/redeportivamx.com\\\/index.php\\\/category\\\/liga-bbva-mx\\\/\",\"nextItem\":{\"@type\":\"ListItem\",\"@id\":\"https:\\\/\\\/redeportivamx.com\\\/index.php\\\/2024\\\/01\\\/18\\\/vucetich-senala-la-falta-de-preparacion-en-la-fmf\\\/#listItem\",\"name\":\"Vucetich se\\u00f1ala la falta de preparaci\\u00f3n en la FMF\"},\"previousItem\":{\"@type\":\"ListItem\",\"@id\":\"https:\\\/\\\/redeportivamx.com#listItem\",\"name\":\"Home\"}},{\"@type\":\"ListItem\",\"@id\":\"https:\\\/\\\/redeportivamx.com\\\/index.php\\\/2024\\\/01\\\/18\\\/vucetich-senala-la-falta-de-preparacion-en-la-fmf\\\/#listItem\",\"position\":3,\"name\":\"Vucetich se\\u00f1ala la falta de preparaci\\u00f3n en la FMF\",\"previousItem\":{\"@type\":\"ListItem\",\"@id\":\"https:\\\/\\\/redeportivamx.com\\\/index.php\\\/category\\\/liga-bbva-mx\\\/#listItem\",\"name\":\"Liga BBVA MX\"}}]},{\"@type\":\"Organization\",\"@id\":\"https:\\\/\\\/redeportivamx.com\\\/#organization\",\"name\":\"redeportivamx.com\",\"description\":\"\\u00a1Conectando tu pasi\\u00f3n!\",\"url\":\"https:\\\/\\\/redeportivamx.com\\\/\",\"sameAs\":[\"https:\\\/\\\/www.facebook.com\\\/profile.php?id=61565592572733\",\"https:\\\/\\\/x.com\\\/Redeportivamx?s=20\",\"https:\\\/\\\/www.instagram.com\\\/redeportivamx\\\/\",\"https:\\\/\\\/www.tiktok.com\\\/@redeportiva.mx\",\"https:\\\/\\\/www.youtube.com\\\/@Redeportiva-MX\"]},{\"@type\":\"Person\",\"@id\":\"https:\\\/\\\/redeportivamx.com\\\/index.php\\\/author\\\/miguel-angel-bustamante-rosas\\\/#author\",\"url\":\"https:\\\/\\\/redeportivamx.com\\\/index.php\\\/author\\\/miguel-angel-bustamante-rosas\\\/\",\"name\":\"Miguel \\u00c1ngel Bustamante Rosas\",\"image\":{\"@type\":\"ImageObject\",\"@id\":\"https:\\\/\\\/redeportivamx.com\\\/index.php\\\/2024\\\/01\\\/18\\\/vucetich-senala-la-falta-de-preparacion-en-la-fmf\\\/#authorImage\",\"url\":\"https:\\\/\\\/secure.gravatar.com\\\/avatar\\\/33d4d1eb2fbf049470fcc1828f04678c4d08c13b2be7e4f36356396ddc750484?s=96&d=mm&r=g\",\"width\":96,\"height\":96,\"caption\":\"Miguel \\u00c1ngel Bustamante Rosas\"}},{\"@type\":\"WebPage\",\"@id\":\"https:\\\/\\\/redeportivamx.com\\\/index.php\\\/2024\\\/01\\\/18\\\/vucetich-senala-la-falta-de-preparacion-en-la-fmf\\\/#webpage\",\"url\":\"https:\\\/\\\/redeportivamx.com\\\/index.php\\\/2024\\\/01\\\/18\\\/vucetich-senala-la-falta-de-preparacion-en-la-fmf\\\/\",\"name\":\"Vucetich se\\u00f1ala la falta de preparaci\\u00f3n en la FMF - Redeportiva MX\",\"description\":\"V\\u00edctor Manuel Vucetich critic\\u00f3 la falta de capacitaci\\u00f3n de los integrantes en los clubes del futbol mexicano, adem\\u00e1s de la falta de oportunidades para el mexicano, ya sea desde el banquillo como en la cancha. Los clubes deben darle capacitaciones a su gente, desarrollar a sus elementos que tienen formando a los j\\u00f3venes dentro de\",\"inLanguage\":\"es-MX\",\"isPartOf\":{\"@id\":\"https:\\\/\\\/redeportivamx.com\\\/#website\"},\"breadcrumb\":{\"@id\":\"https:\\\/\\\/redeportivamx.com\\\/index.php\\\/2024\\\/01\\\/18\\\/vucetich-senala-la-falta-de-preparacion-en-la-fmf\\\/#breadcrumblist\"},\"author\":{\"@id\":\"https:\\\/\\\/redeportivamx.com\\\/index.php\\\/author\\\/miguel-angel-bustamante-rosas\\\/#author\"},\"creator\":{\"@id\":\"https:\\\/\\\/redeportivamx.com\\\/index.php\\\/author\\\/miguel-angel-bustamante-rosas\\\/#author\"},\"image\":{\"@type\":\"ImageObject\",\"url\":\"https:\\\/\\\/redeportivamx.com\\\/wp-content\\\/uploads\\\/2024\\\/01\\\/GDxvGxUaAAARMDQ.jpeg\",\"@id\":\"https:\\\/\\\/redeportivamx.com\\\/index.php\\\/2024\\\/01\\\/18\\\/vucetich-senala-la-falta-de-preparacion-en-la-fmf\\\/#mainImage\",\"width\":702,\"height\":437},\"primaryImageOfPage\":{\"@id\":\"https:\\\/\\\/redeportivamx.com\\\/index.php\\\/2024\\\/01\\\/18\\\/vucetich-senala-la-falta-de-preparacion-en-la-fmf\\\/#mainImage\"},\"datePublished\":\"2024-01-18T17:02:07-06:00\",\"dateModified\":\"2024-01-18T17:02:08-06:00\"},{\"@type\":\"WebSite\",\"@id\":\"https:\\\/\\\/redeportivamx.com\\\/#website\",\"url\":\"https:\\\/\\\/redeportivamx.com\\\/\",\"name\":\"redeportivamx.com\",\"description\":\"\\u00a1Conectando tu pasi\\u00f3n!\",\"inLanguage\":\"es-MX\",\"publisher\":{\"@id\":\"https:\\\/\\\/redeportivamx.com\\\/#organization\"}}]}\n\t\t<\/script>\n\t\t<!-- All in One SEO -->\n\n","aioseo_head_json":{"title":"Vucetich se\u00f1ala la falta de preparaci\u00f3n en la FMF - Redeportiva MX","description":"V\u00edctor Manuel Vucetich critic\u00f3 la falta de capacitaci\u00f3n de los integrantes en los clubes del futbol mexicano, adem\u00e1s de la falta de oportunidades para el mexicano, ya sea desde el banquillo como en la cancha. Los clubes deben darle capacitaciones a su gente, desarrollar a sus elementos que tienen formando a los j\u00f3venes dentro de","canonical_url":"https:\/\/redeportivamx.com\/index.php\/2024\/01\/18\/vucetich-senala-la-falta-de-preparacion-en-la-fmf\/","robots":"max-image-preview:large","keywords":"","webmasterTools":{"miscellaneous":""},"schema":{"@context":"https:\/\/schema.org","@graph":[{"@type":"BlogPosting","@id":"https:\/\/redeportivamx.com\/index.php\/2024\/01\/18\/vucetich-senala-la-falta-de-preparacion-en-la-fmf\/#blogposting","name":"Vucetich se\u00f1ala la falta de preparaci\u00f3n en la FMF - Redeportiva MX","headline":"Vucetich se\u00f1ala la falta de preparaci\u00f3n en la FMF","author":{"@id":"https:\/\/redeportivamx.com\/index.php\/author\/miguel-angel-bustamante-rosas\/#author"},"publisher":{"@id":"https:\/\/redeportivamx.com\/#organization"},"image":{"@type":"ImageObject","url":"https:\/\/redeportivamx.com\/wp-content\/uploads\/2024\/01\/GDxvGxUaAAARMDQ.jpeg","width":702,"height":437},"datePublished":"2024-01-18T17:02:07-06:00","dateModified":"2024-01-18T17:02:08-06:00","inLanguage":"es-MX","mainEntityOfPage":{"@id":"https:\/\/redeportivamx.com\/index.php\/2024\/01\/18\/vucetich-senala-la-falta-de-preparacion-en-la-fmf\/#webpage"},"isPartOf":{"@id":"https:\/\/redeportivamx.com\/index.php\/2024\/01\/18\/vucetich-senala-la-falta-de-preparacion-en-la-fmf\/#webpage"},"articleSection":"Liga BBVA MX, LigaMX, V\u00edctor Manuel Vucetich"},{"@type":"BreadcrumbList","@id":"https:\/\/redeportivamx.com\/index.php\/2024\/01\/18\/vucetich-senala-la-falta-de-preparacion-en-la-fmf\/#breadcrumblist","itemListElement":[{"@type":"ListItem","@id":"https:\/\/redeportivamx.com#listItem","position":1,"name":"Home","item":"https:\/\/redeportivamx.com","nextItem":{"@type":"ListItem","@id":"https:\/\/redeportivamx.com\/index.php\/category\/liga-bbva-mx\/#listItem","name":"Liga BBVA MX"}},{"@type":"ListItem","@id":"https:\/\/redeportivamx.com\/index.php\/category\/liga-bbva-mx\/#listItem","position":2,"name":"Liga BBVA MX","item":"https:\/\/redeportivamx.com\/index.php\/category\/liga-bbva-mx\/","nextItem":{"@type":"ListItem","@id":"https:\/\/redeportivamx.com\/index.php\/2024\/01\/18\/vucetich-senala-la-falta-de-preparacion-en-la-fmf\/#listItem","name":"Vucetich se\u00f1ala la falta de preparaci\u00f3n en la FMF"},"previousItem":{"@type":"ListItem","@id":"https:\/\/redeportivamx.com#listItem","name":"Home"}},{"@type":"ListItem","@id":"https:\/\/redeportivamx.com\/index.php\/2024\/01\/18\/vucetich-senala-la-falta-de-preparacion-en-la-fmf\/#listItem","position":3,"name":"Vucetich se\u00f1ala la falta de preparaci\u00f3n en la FMF","previousItem":{"@type":"ListItem","@id":"https:\/\/redeportivamx.com\/index.php\/category\/liga-bbva-mx\/#listItem","name":"Liga BBVA MX"}}]},{"@type":"Organization","@id":"https:\/\/redeportivamx.com\/#organization","name":"redeportivamx.com","description":"\u00a1Conectando tu pasi\u00f3n!","url":"https:\/\/redeportivamx.com\/","sameAs":["https:\/\/www.facebook.com\/profile.php?id=61565592572733","https:\/\/x.com\/Redeportivamx?s=20","https:\/\/www.instagram.com\/redeportivamx\/","https:\/\/www.tiktok.com\/@redeportiva.mx","https:\/\/www.youtube.com\/@Redeportiva-MX"]},{"@type":"Person","@id":"https:\/\/redeportivamx.com\/index.php\/author\/miguel-angel-bustamante-rosas\/#author","url":"https:\/\/redeportivamx.com\/index.php\/author\/miguel-angel-bustamante-rosas\/","name":"Miguel \u00c1ngel Bustamante Rosas","image":{"@type":"ImageObject","@id":"https:\/\/redeportivamx.com\/index.php\/2024\/01\/18\/vucetich-senala-la-falta-de-preparacion-en-la-fmf\/#authorImage","url":"https:\/\/secure.gravatar.com\/avatar\/33d4d1eb2fbf049470fcc1828f04678c4d08c13b2be7e4f36356396ddc750484?s=96&d=mm&r=g","width":96,"height":96,"caption":"Miguel \u00c1ngel Bustamante Rosas"}},{"@type":"WebPage","@id":"https:\/\/redeportivamx.com\/index.php\/2024\/01\/18\/vucetich-senala-la-falta-de-preparacion-en-la-fmf\/#webpage","url":"https:\/\/redeportivamx.com\/index.php\/2024\/01\/18\/vucetich-senala-la-falta-de-preparacion-en-la-fmf\/","name":"Vucetich se\u00f1ala la falta de preparaci\u00f3n en la FMF - Redeportiva MX","description":"V\u00edctor Manuel Vucetich critic\u00f3 la falta de capacitaci\u00f3n de los integrantes en los clubes del futbol mexicano, adem\u00e1s de la falta de oportunidades para el mexicano, ya sea desde el banquillo como en la cancha. Los clubes deben darle capacitaciones a su gente, desarrollar a sus elementos que tienen formando a los j\u00f3venes dentro de","inLanguage":"es-MX","isPartOf":{"@id":"https:\/\/redeportivamx.com\/#website"},"breadcrumb":{"@id":"https:\/\/redeportivamx.com\/index.php\/2024\/01\/18\/vucetich-senala-la-falta-de-preparacion-en-la-fmf\/#breadcrumblist"},"author":{"@id":"https:\/\/redeportivamx.com\/index.php\/author\/miguel-angel-bustamante-rosas\/#author"},"creator":{"@id":"https:\/\/redeportivamx.com\/index.php\/author\/miguel-angel-bustamante-rosas\/#author"},"image":{"@type":"ImageObject","url":"https:\/\/redeportivamx.com\/wp-content\/uploads\/2024\/01\/GDxvGxUaAAARMDQ.jpeg","@id":"https:\/\/redeportivamx.com\/index.php\/2024\/01\/18\/vucetich-senala-la-falta-de-preparacion-en-la-fmf\/#mainImage","width":702,"height":437},"primaryImageOfPage":{"@id":"https:\/\/redeportivamx.com\/index.php\/2024\/01\/18\/vucetich-senala-la-falta-de-preparacion-en-la-fmf\/#mainImage"},"datePublished":"2024-01-18T17:02:07-06:00","dateModified":"2024-01-18T17:02:08-06:00"},{"@type":"WebSite","@id":"https:\/\/redeportivamx.com\/#website","url":"https:\/\/redeportivamx.com\/","name":"redeportivamx.com","description":"\u00a1Conectando tu pasi\u00f3n!","inLanguage":"es-MX","publisher":{"@id":"https:\/\/redeportivamx.com\/#organization"}}]},"og:locale":"es_MX","og:site_name":"Redeportiva MX - \u00a1Conectando tu pasi\u00f3n!","og:type":"sport","og:title":"Vucetich se\u00f1ala la falta de preparaci\u00f3n en la FMF - Redeportiva MX","og:description":"V\u00edctor Manuel Vucetich critic\u00f3 la falta de capacitaci\u00f3n de los integrantes en los clubes del futbol mexicano, adem\u00e1s de la falta de oportunidades para el mexicano, ya sea desde el banquillo como en la cancha. Los clubes deben darle capacitaciones a su gente, desarrollar a sus elementos que tienen formando a los j\u00f3venes dentro de","og:url":"https:\/\/redeportivamx.com\/index.php\/2024\/01\/18\/vucetich-senala-la-falta-de-preparacion-en-la-fmf\/","og:image":"https:\/\/redeportivamx.com\/wp-content\/uploads\/2024\/01\/GDxvGxUaAAARMDQ.jpeg","og:image:secure_url":"https:\/\/redeportivamx.com\/wp-content\/uploads\/2024\/01\/GDxvGxUaAAARMDQ.jpeg","og:image:width":702,"og:image:height":437,"twitter:card":"summary_large_image","twitter:site":"@Redeportivamx","twitter:title":"Vucetich se\u00f1ala la falta de preparaci\u00f3n en la FMF - Redeportiva MX","twitter:description":"V\u00edctor Manuel Vucetich critic\u00f3 la falta de capacitaci\u00f3n de los integrantes en los clubes del futbol mexicano, adem\u00e1s de la falta de oportunidades para el mexicano, ya sea desde el banquillo como en la cancha. Los clubes deben darle capacitaciones a su gente, desarrollar a sus elementos que tienen formando a los j\u00f3venes dentro de","twitter:creator":"@Redeportivamx","twitter:image":"https:\/\/redeportivamx.com\/wp-content\/uploads\/2024\/01\/GDxvGxUaAAARMDQ.jpeg"},"aioseo_meta_data":{"post_id":"34575","title":null,"description":null,"keywords":[],"keyphrases":{"focus":{"keyphrase":"","score":0,"analysis":{"keyphraseInTitle":{"score":0,"maxScore":9,"error":1}}},"additional":[]},"primary_term":null,"canonical_url":null,"og_title":null,"og_description":null,"og_object_type":"default","og_image_type":"default","og_image_url":null,"og_image_width":null,"og_image_height":null,"og_image_custom_url":null,"og_image_custom_fields":null,"og_video":"","og_custom_url":null,"og_article_section":null,"og_article_tags":[],"twitter_use_og":false,"twitter_card":"default","twitter_image_type":"default","twitter_image_url":null,"twitter_image_custom_url":null,"twitter_image_custom_fields":null,"twitter_title":null,"twitter_description":null,"schema":{"blockGraphs":[],"customGraphs":[],"default":{"data":{"Article":[],"Course":[],"Dataset":[],"FAQPage":[],"Movie":[],"Person":[],"Product":[],"ProductReview":[],"Car":[],"Recipe":[],"Service":[],"SoftwareApplication":[],"WebPage":[]},"graphName":"BlogPosting","isEnabled":true},"graphs":[]},"schema_type":"default","schema_type_options":null,"pillar_content":false,"robots_default":true,"robots_noindex":false,"robots_noarchive":false,"robots_nosnippet":false,"robots_nofollow":false,"robots_noimageindex":false,"robots_noodp":false,"robots_notranslate":false,"robots_max_snippet":"-1","robots_max_videopreview":"-1","robots_max_imagepreview":"large","priority":null,"frequency":"default","local_seo":null,"breadcrumb_settings":null,"limit_modified_date":false,"ai":null,"created":"2024-01-18 17:01:39","updated":"2025-06-04 16:04:41","seo_analyzer_scan_date":null,"focus_keyword":null,"additional_keywords":null,"truseo_locale":null},"aioseo_breadcrumb":"<div class=\"aioseo-breadcrumbs\"><span class=\"aioseo-breadcrumb\">\n\t\t\t<a href=\"https:\/\/redeportivamx.com\" title=\"Home\">Home<\/a>\n\t\t<\/span><span class=\"aioseo-breadcrumb-separator\">&raquo;<\/span><span class=\"aioseo-breadcrumb\">\n\t\t\t<a href=\"https:\/\/redeportivamx.com\/index.php\/category\/liga-bbva-mx\/\" title=\"Liga BBVA MX\">Liga BBVA MX<\/a>\n\t\t<\/span><span class=\"aioseo-breadcrumb-separator\">&raquo;<\/span><span class=\"aioseo-breadcrumb\">\n\t\t\tVucetich se\u00f1ala la falta de preparaci\u00f3n en la FMF\n\t\t<\/span><\/div>","aioseo_breadcrumb_json":[{"label":"Home","link":"https:\/\/redeportivamx.com"},{"label":"Liga BBVA MX","link":"https:\/\/redeportivamx.com\/index.php\/category\/liga-bbva-mx\/"},{"label":"Vucetich se\u00f1ala la falta de preparaci\u00f3n en la FMF","link":"https:\/\/redeportivamx.com\/index.php\/2024\/01\/18\/vucetich-senala-la-falta-de-preparacion-en-la-fmf\/"}],"jetpack_sharing_enabled":true,"jetpack_featured_media_url":"https:\/\/redeportivamx.com\/wp-content\/uploads\/2024\/01\/GDxvGxUaAAARMDQ.jpeg","_links":{"self":[{"href":"https:\/\/redeportivamx.com\/index.php\/wp-json\/wp\/v2\/posts\/34575","targetHints":{"allow":["GET"]}}],"collection":[{"href":"https:\/\/redeportivamx.com\/index.php\/wp-json\/wp\/v2\/posts"}],"about":[{"href":"https:\/\/redeportivamx.com\/index.php\/wp-json\/wp\/v2\/types\/post"}],"author":[{"embeddable":true,"href":"https:\/\/redeportivamx.com\/index.php\/wp-json\/wp\/v2\/users\/16"}],"replies":[{"embeddable":true,"href":"https:\/\/redeportivamx.com\/index.php\/wp-json\/wp\/v2\/comments?post=34575"}],"version-history":[{"count":1,"href":"https:\/\/redeportivamx.com\/index.php\/wp-json\/wp\/v2\/posts\/34575\/revisions"}],"predecessor-version":[{"id":34577,"href":"https:\/\/redeportivamx.com\/index.php\/wp-json\/wp\/v2\/posts\/34575\/revisions\/34577"}],"wp:featuredmedia":[{"embeddable":true,"href":"https:\/\/redeportivamx.com\/index.php\/wp-json\/wp\/v2\/media\/34576"}],"wp:attachment":[{"href":"https:\/\/redeportivamx.com\/index.php\/wp-json\/wp\/v2\/media?parent=34575"}],"wp:term":[{"taxonomy":"category","embeddable":true,"href":"https:\/\/redeportivamx.com\/index.php\/wp-json\/wp\/v2\/categories?post=34575"},{"taxonomy":"post_tag","embeddable":true,"href":"https:\/\/redeportivamx.com\/index.php\/wp-json\/wp\/v2\/tags?post=34575"}],"curies":[{"name":"wp","href":"https:\/\/api.w.org\/{rel}","templated":true}]}}