{"id":33993,"date":"2024-01-07T19:26:31","date_gmt":"2024-01-07T19:26:31","guid":{"rendered":"https:\/\/redeportivamx.com\/?p=33993"},"modified":"2024-01-07T20:02:04","modified_gmt":"2024-01-07T20:02:04","slug":"chicote-calderon-afirma-que-america-es-el-club-mas-grande-de-mexico","status":"publish","type":"post","link":"https:\/\/redeportivamx.com\/index.php\/2024\/01\/07\/chicote-calderon-afirma-que-america-es-el-club-mas-grande-de-mexico\/","title":{"rendered":"&#8220;Chicote&#8221; Calder\u00f3n afirma que Am\u00e9rica es el club m\u00e1s grande de M\u00e9xico"},"content":{"rendered":"\n<p>Con un pol\u00e9mico <a href=\"https:\/\/redeportivamx.com\/index.php\/2024\/01\/03\/chicote-calderon-ya-se-encuentra-en-coapa\/\" target=\"_blank\" rel=\"noopener\" title=\"traspaso desde Chivas\">traspaso desde Chivas<\/a>, Cristian Calder\u00f3n es <strong>oficialmente jugador de las \u00e1guilas del Am\u00e9rica<\/strong> y afirma que es el equipo <strong>m\u00e1s grande de M\u00e9xico<\/strong>.<\/p>\n\n\n\n<figure class=\"wp-block-image size-large\"><img fetchpriority=\"high\" decoding=\"async\" width=\"1024\" height=\"819\" src=\"https:\/\/redeportivamx.com\/wp-content\/uploads\/2024\/01\/Chicote-1024x819.png\" alt=\"\" class=\"wp-image-33990\" srcset=\"https:\/\/redeportivamx.com\/wp-content\/uploads\/2024\/01\/Chicote-1024x819.png 1024w, https:\/\/redeportivamx.com\/wp-content\/uploads\/2024\/01\/Chicote-300x240.png 300w, https:\/\/redeportivamx.com\/wp-content\/uploads\/2024\/01\/Chicote-768x614.png 768w, https:\/\/redeportivamx.com\/wp-content\/uploads\/2024\/01\/Chicote-1536x1229.png 1536w, https:\/\/redeportivamx.com\/wp-content\/uploads\/2024\/01\/Chicote.png 2000w\" sizes=\"(max-width: 1024px) 100vw, 1024px\" \/><\/figure>\n\n\n\n<p>El &#8220;Chicote&#8221; asegura que a pesar de <strong>su pasado como jugador rojiblanco<\/strong>, ha tenido un buen recibimiento en el &#8220;nido \u00e1guila&#8221;, adem\u00e1s que, pese a su a\u00fan corta estancia en el club, <strong>afirma que Am\u00e9rica &#8220;es lo m\u00e1s grande que hay&#8221;.<\/strong><\/p>\n\n\n\n<blockquote class=\"wp-block-quote is-layout-flow wp-block-quote-is-layout-flow\">\n<p><em>&#8220;Quiz\u00e1s es muy temprano, pero poco a poco ir\u00e9 hablando todav\u00eda m\u00e1s, pero s\u00ed, este club, esta instituci\u00f3n es lo m\u00e1s grande que hay\u201d<\/em><\/p>\n<cite>-Cristian Calder\u00f3n<\/cite><\/blockquote>\n\n\n\n<figure class=\"wp-block-embed is-type-rich is-provider-twitter wp-block-embed-twitter\"><div class=\"wp-block-embed__wrapper\">\n<blockquote class=\"twitter-tweet\" data-width=\"550\" data-dnt=\"true\"><p lang=\"es\" dir=\"ltr\">\u201cMucho se habla de m\u00ed, de mi pasado\u2026\u201d<br><br>Entrevista exclusiva con Cristian Calder\u00f3n, ya disponible \ud83d\udc49 <a href=\"https:\/\/t.co\/utfVdcdd6i\">https:\/\/t.co\/utfVdcdd6i<\/a> <a href=\"https:\/\/t.co\/ezfrHac6Ns\">pic.twitter.com\/ezfrHac6Ns<\/a><\/p>&mdash; Club Am\u00e9rica (@ClubAmerica) <a href=\"https:\/\/twitter.com\/ClubAmerica\/status\/1743730786363216017?ref_src=twsrc%5Etfw\">January 6, 2024<\/a><\/blockquote><script async src=\"https:\/\/platform.twitter.com\/widgets.js\" charset=\"utf-8\"><\/script>\n<\/div><\/figure>\n","protected":false},"excerpt":{"rendered":"<p>Con un pol\u00e9mico traspaso desde Chivas, Cristian Calder\u00f3n es oficialmente jugador de las \u00e1guilas del Am\u00e9rica y afirma que es el equipo m\u00e1s grande de M\u00e9xico. El &#8220;Chicote&#8221; asegura que a pesar de su pasado como jugador rojiblanco, ha tenido un buen recibimiento en el &#8220;nido \u00e1guila&#8221;, adem\u00e1s que, pese a su a\u00fan corta estancia [&hellip;]<\/p>\n","protected":false},"author":12,"featured_media":33995,"comment_status":"open","ping_status":"open","sticky":false,"template":"","format":"standard","meta":{"_monsterinsights_skip_tracking":false,"_monsterinsights_sitenote_active":false,"_monsterinsights_sitenote_note":"","_monsterinsights_sitenote_category":0,"_jetpack_memberships_contains_paid_content":false,"footnotes":""},"categories":[10],"tags":[],"class_list":["post-33993","post","type-post","status-publish","format-standard","has-post-thumbnail","hentry","category-liga-bbva-mx"],"aioseo_notices":[],"jetpack_featured_media_url":"https:\/\/redeportivamx.com\/wp-content\/uploads\/2024\/01\/Chicote-1.png","jetpack_sharing_enabled":true,"_links":{"self":[{"href":"https:\/\/redeportivamx.com\/index.php\/wp-json\/wp\/v2\/posts\/33993","targetHints":{"allow":["GET"]}}],"collection":[{"href":"https:\/\/redeportivamx.com\/index.php\/wp-json\/wp\/v2\/posts"}],"about":[{"href":"https:\/\/redeportivamx.com\/index.php\/wp-json\/wp\/v2\/types\/post"}],"author":[{"embeddable":true,"href":"https:\/\/redeportivamx.com\/index.php\/wp-json\/wp\/v2\/users\/12"}],"replies":[{"embeddable":true,"href":"https:\/\/redeportivamx.com\/index.php\/wp-json\/wp\/v2\/comments?post=33993"}],"version-history":[{"count":1,"href":"https:\/\/redeportivamx.com\/index.php\/wp-json\/wp\/v2\/posts\/33993\/revisions"}],"predecessor-version":[{"id":33994,"href":"https:\/\/redeportivamx.com\/index.php\/wp-json\/wp\/v2\/posts\/33993\/revisions\/33994"}],"wp:featuredmedia":[{"embeddable":true,"href":"https:\/\/redeportivamx.com\/index.php\/wp-json\/wp\/v2\/media\/33995"}],"wp:attachment":[{"href":"https:\/\/redeportivamx.com\/index.php\/wp-json\/wp\/v2\/media?parent=33993"}],"wp:term":[{"taxonomy":"category","embeddable":true,"href":"https:\/\/redeportivamx.com\/index.php\/wp-json\/wp\/v2\/categories?post=33993"},{"taxonomy":"post_tag","embeddable":true,"href":"https:\/\/redeportivamx.com\/index.php\/wp-json\/wp\/v2\/tags?post=33993"}],"curies":[{"name":"wp","href":"https:\/\/api.w.org\/{rel}","templated":true}]}}