{"id":33945,"date":"2024-01-06T22:51:13","date_gmt":"2024-01-06T22:51:13","guid":{"rendered":"https:\/\/redeportivamx.com\/?p=33945"},"modified":"2024-01-06T22:51:14","modified_gmt":"2024-01-06T22:51:14","slug":"tato-noriega-y-fernando-ortiz-hablaron-de-la-salida-de-rogelio-funes-mori","status":"publish","type":"post","link":"https:\/\/redeportivamx.com\/index.php\/2024\/01\/06\/tato-noriega-y-fernando-ortiz-hablaron-de-la-salida-de-rogelio-funes-mori\/","title":{"rendered":"\u2018Tato\u2019 Noriega y Fernando Ortiz hablaron de la salida de Rogelio Funes Mori"},"content":{"rendered":"\n<p><strong><em>Tras darse a conocer que Rogelio Funes Mori saldr\u00e1 de Rayados, \u2018Tato\u2019 Noriega y Fernando Ortiz hablaron al respecto<\/em><\/strong><\/p>\n\n\n\n<p>En las \u00faltimas horas, se dio a conocer que <strong>Rogelio Funes Mori <\/strong>ser\u00e1 nuevo jugador de los <a href=\"https:\/\/redeportivamx.com\/index.php\/category\/liga-bbva-mx\/\" target=\"_blank\" rel=\"noopener\" title=\"\"><strong>Pumas de la UNAM<\/strong>. <\/a>As\u00ed lo dieron a conocer diversos medios, e incluso la noticia lo confirm\u00f3 <strong>Fernando Ortiz, t\u00e9cnico de Rayados<\/strong>, quien habl\u00f3 al respecto de la salida de <strong>Funes Mori.<\/strong><\/p>\n\n\n\n<blockquote class=\"wp-block-quote is-layout-flow wp-block-quote-is-layout-flow\">\n<p>\u201cS\u00e9 que fue una decisi\u00f3n de <strong>Rogelio<\/strong> aceptar la propuesta de <strong>Pumas<\/strong>, \u00e9l sab\u00eda exactamente lo que yo pensaba, como a \u00e9l y a todos sus excompa\u00f1eros, yo no le cierro la puerta a nadie. <strong>Me quedo con el profesionalismo de Rogelio<\/strong>\u201d, declar\u00f3 el <strong>\u2018Tano\u2019 Ortiz.<\/strong><\/p>\n<\/blockquote>\n\n\n\n<figure class=\"wp-block-embed is-type-video is-provider-youtube wp-block-embed-youtube wp-embed-aspect-16-9 wp-has-aspect-ratio\"><div class=\"wp-block-embed__wrapper\">\n<iframe title=\"\u00a1FUNES MORI ES: EL SE\u00d1OR DE GOL! Las mejores dianas del MELLIZO con RAYADOS... IMPERDIBLES | TUDN\" width=\"640\" height=\"360\" src=\"https:\/\/www.youtube.com\/embed\/-mZOJ5qLzK8?feature=oembed\" frameborder=\"0\" allow=\"accelerometer; autoplay; clipboard-write; encrypted-media; gyroscope; picture-in-picture; web-share\" referrerpolicy=\"strict-origin-when-cross-origin\" allowfullscreen><\/iframe>\n<\/div><\/figure>\n\n\n\n<p>A pesar de que <strong>Funes Mori<\/strong> se marchar\u00e1 como el m\u00e1ximo goleador en la historia de <strong><a href=\"https:\/\/www.rayados.com\/es\" target=\"_blank\" rel=\"noopener\" title=\"\">Rayados<\/a><\/strong>, el <strong>Tano<\/strong> asegur\u00f3 que la salida del argentino no afectar\u00e1 al plantel y a los futuros resultados del equipo.<\/p>\n\n\n\n<blockquote class=\"wp-block-quote is-layout-flow wp-block-quote-is-layout-flow\">\n<p><strong>\u201cNo (va a afectar el trabajo),<\/strong> <strong>hay compa\u00f1eros que lo pueden hacer tambi\u00e9n de la misma manera,<\/strong> veremos c\u00f3mo afrontamos esta semana. Compa\u00f1eros seguramente ha dejado en la instituci\u00f3n, es el goleador hist\u00f3rico de la instituci\u00f3n, siempre lo reconoc\u00ed, <strong>pero son cosas que tiene el futbol<\/strong> y es respetable su decisi\u00f3n\u201d, puntualiz\u00f3 Ortiz.<\/p>\n<\/blockquote>\n\n\n\n<figure class=\"wp-block-embed is-type-rich is-provider-twitter wp-block-embed-twitter\"><div class=\"wp-block-embed__wrapper\">\n<blockquote class=\"twitter-tweet\" data-width=\"550\" data-dnt=\"true\"><p lang=\"es\" dir=\"ltr\">\u201cS\u00e9 que fue una decisi\u00f3n de Rogelio aceptar la propuesta de Pumas\u201d, dice Fernando Ortiz sobre la partida de Rogelio Funes Mori. <a href=\"https:\/\/t.co\/KX4BmKhONn\">pic.twitter.com\/KX4BmKhONn<\/a><\/p>&mdash; San Cadilla El Norte (@SancadillaNorte) <a href=\"https:\/\/twitter.com\/SancadillaNorte\/status\/1743393579580686706?ref_src=twsrc%5Etfw\">January 5, 2024<\/a><\/blockquote><script async src=\"https:\/\/platform.twitter.com\/widgets.js\" charset=\"utf-8\"><\/script>\n<\/div><\/figure>\n\n\n\n<h2 class=\"wp-block-heading\">&#8216;Tato&#8217; Noriega se sincera sobre la salida de Funes Mori<\/h2>\n\n\n\n<p>Por su parte, <strong>Jos\u00e9 Antonio Noriega, presidente deportivo de Rayados<\/strong>, tambi\u00e9n dio declaraciones acerca de la salida de <strong>Funes Mori.<\/strong> Mencion\u00f3 que respetar\u00e1n la decisi\u00f3n de <strong>Rogelio<\/strong>, con quien cerraron la relaci\u00f3n laboral en buenos t\u00e9rminos.<\/p>\n\n\n\n<blockquote class=\"wp-block-quote is-layout-flow wp-block-quote-is-layout-flow\">\n<p>\u201cAparecieron diversas oportunidades, <strong>Rogelio<\/strong> las valor\u00f3, <strong>nosotros dejamos la puerta abierta, <\/strong>hoy nos comunic\u00f3 que con este antecedente que con la apertura de dejarlo salir si encontraba alguna alternativa que lo atrajera, la tomar\u00eda. Vamos a cumplir nuestra palabra, hasta ahora estamos en eso, <strong>hay que hablar con la directiva interesada en \u00e9l y finiquitar el tema<\/strong>\u201d, agreg\u00f3 el \u2018<strong>Tato\u2019 Noriega.<\/strong><\/p>\n<\/blockquote>\n\n\n\n<p>Finalmente, <strong>Noriega<\/strong> asegur\u00f3 que <strong>el ciclo de Rogelio Funes Mori en Rayados ya hab\u00eda terminado,<\/strong> por lo que no realiz\u00f3 ning\u00fan esfuerzo en renovarlo de cara al <strong>Clausura 2024.<\/strong><\/p>\n\n\n\n<blockquote class=\"wp-block-quote is-layout-flow wp-block-quote-is-layout-flow\">\n<p>\u201cEn una pl\u00e1tica con el agente de <strong>Rogelio<\/strong> hace algunas semanas, a sabiendas de que le restan seis meses de contrato, la pl\u00e1tica se dirigi\u00f3 a si pens\u00e1bamos entablar una negociaci\u00f3n para renovarlo y <strong>le dijimos que no era nuestra intenci\u00f3n<\/strong>\u201d, reconoci\u00f3 el <strong>Tato.<\/strong><\/p>\n<\/blockquote>\n\n\n\n<figure class=\"wp-block-embed is-type-rich is-provider-twitter wp-block-embed-twitter\"><div class=\"wp-block-embed__wrapper\">\n<blockquote class=\"twitter-tweet\" data-width=\"550\" data-dnt=\"true\"><p lang=\"es\" dir=\"ltr\">&#39;Tato&#39; Noriega se sincera y explica por qu\u00e9 y c\u00f3mo se dio el proceso de la salida de Funes Mori de Rayados<br><br>\ud83c\udfa5: <a href=\"https:\/\/twitter.com\/rosaleesj?ref_src=twsrc%5Etfw\">@rosaleesj<\/a><a href=\"https:\/\/t.co\/yWKAhLefos\">https:\/\/t.co\/yWKAhLefos<\/a> <a href=\"https:\/\/t.co\/0OJm0vvbxI\">pic.twitter.com\/0OJm0vvbxI<\/a><\/p>&mdash; MedioTiempo (@mediotiempo) <a href=\"https:\/\/twitter.com\/mediotiempo\/status\/1743456612797272067?ref_src=twsrc%5Etfw\">January 6, 2024<\/a><\/blockquote><script async src=\"https:\/\/platform.twitter.com\/widgets.js\" charset=\"utf-8\"><\/script>\n<\/div><\/figure>\n","protected":false},"excerpt":{"rendered":"<p>Tras darse a conocer que Rogelio Funes Mori saldr\u00e1 de Rayados, \u2018Tato\u2019 Noriega y Fernando Ortiz hablaron al respecto En las \u00faltimas horas, se dio a conocer que Rogelio Funes Mori ser\u00e1 nuevo jugador de los Pumas de la UNAM. As\u00ed lo dieron a conocer diversos medios, e incluso la noticia lo confirm\u00f3 Fernando Ortiz, [&hellip;]<\/p>\n","protected":false},"author":1,"featured_media":33946,"comment_status":"open","ping_status":"open","sticky":false,"template":"","format":"standard","meta":{"_monsterinsights_skip_tracking":false,"_monsterinsights_sitenote_active":false,"_monsterinsights_sitenote_note":"","_monsterinsights_sitenote_category":0,"_jetpack_memberships_contains_paid_content":false,"footnotes":""},"categories":[10],"tags":[],"class_list":["post-33945","post","type-post","status-publish","format-standard","has-post-thumbnail","hentry","category-liga-bbva-mx"],"aioseo_notices":[],"jetpack_featured_media_url":"https:\/\/redeportivamx.com\/wp-content\/uploads\/2024\/01\/funes-mori-salida-rayados.png","jetpack_sharing_enabled":true,"_links":{"self":[{"href":"https:\/\/redeportivamx.com\/index.php\/wp-json\/wp\/v2\/posts\/33945","targetHints":{"allow":["GET"]}}],"collection":[{"href":"https:\/\/redeportivamx.com\/index.php\/wp-json\/wp\/v2\/posts"}],"about":[{"href":"https:\/\/redeportivamx.com\/index.php\/wp-json\/wp\/v2\/types\/post"}],"author":[{"embeddable":true,"href":"https:\/\/redeportivamx.com\/index.php\/wp-json\/wp\/v2\/users\/1"}],"replies":[{"embeddable":true,"href":"https:\/\/redeportivamx.com\/index.php\/wp-json\/wp\/v2\/comments?post=33945"}],"version-history":[{"count":1,"href":"https:\/\/redeportivamx.com\/index.php\/wp-json\/wp\/v2\/posts\/33945\/revisions"}],"predecessor-version":[{"id":33947,"href":"https:\/\/redeportivamx.com\/index.php\/wp-json\/wp\/v2\/posts\/33945\/revisions\/33947"}],"wp:featuredmedia":[{"embeddable":true,"href":"https:\/\/redeportivamx.com\/index.php\/wp-json\/wp\/v2\/media\/33946"}],"wp:attachment":[{"href":"https:\/\/redeportivamx.com\/index.php\/wp-json\/wp\/v2\/media?parent=33945"}],"wp:term":[{"taxonomy":"category","embeddable":true,"href":"https:\/\/redeportivamx.com\/index.php\/wp-json\/wp\/v2\/categories?post=33945"},{"taxonomy":"post_tag","embeddable":true,"href":"https:\/\/redeportivamx.com\/index.php\/wp-json\/wp\/v2\/tags?post=33945"}],"curies":[{"name":"wp","href":"https:\/\/api.w.org\/{rel}","templated":true}]}}