{"id":33940,"date":"2024-01-06T20:03:51","date_gmt":"2024-01-06T20:03:51","guid":{"rendered":"https:\/\/redeportivamx.com\/?p=33940"},"modified":"2024-01-06T20:04:50","modified_gmt":"2024-01-06T20:04:50","slug":"alexis-vega-podria-no-jugar-en-chivas","status":"publish","type":"post","link":"https:\/\/redeportivamx.com\/index.php\/2024\/01\/06\/alexis-vega-podria-no-jugar-en-chivas\/","title":{"rendered":"Alexis Vega podr\u00eda no jugar en Chivas"},"content":{"rendered":"\n<p>El delantero mexicano Alexis Vega vive una situaci\u00f3n complicada en <a href=\"https:\/\/redeportivamx.com\/index.php\/category\/liga-bbva-mx\/\" target=\"_blank\" rel=\"noopener\" title=\"Chivas,\">Chivas,<\/a> pues aunque se quedar\u00eda en el club, parece que ya no entrar\u00eda en planes de la directiva.<\/p>\n\n\n\n<p>Recientemente, surgieron especulaciones sobre el futuro de Vega, siendo el m\u00e1s sonado <strong>su posible incorporaci\u00f3n a Cruz Azul<\/strong>, sin embargo, parece que las negociaciones se habr\u00edan ido abajo por ciertas <strong>inconformidades de Alexis con el contrato que le ofrec\u00edan<\/strong>, por lo que el delantero <strong>continuar\u00e1 con el conjunto rojiblanco.<\/strong><\/p>\n\n\n\n<p>Hasta el momento, se informa que <strong>Alexis Vega habr\u00eda entrenado separado del primer equipo,<\/strong> adem\u00e1s de que <strong>no entrar\u00eda en los planes de Fernando Gago para el Clausura 2024<\/strong>, de igual manera, <strong>Vega solo esperar\u00eda a que termine su contrato al final de la temporada<\/strong> para poder firmar con cualquier otro club como agente libre. <\/p>\n\n\n\n<p>El jugador se uni\u00f3 a Chivas en 2018, proveniente de Toluca, en una transferencia que le cost\u00f3 al club 105 millones de pesos. A pesar de las altas expectativas que lo colocaban como una potencial figura del &#8220;reba\u00f1o sagrado&#8221;, sus problemas extra cancha y la falta de disciplina en Guadalajara no le permitieron mostrar completamente su potencial, por lo que hoy est\u00e1 pr\u00e1cticamente borrado del equipo.<\/p>\n","protected":false},"excerpt":{"rendered":"<p>El delantero mexicano Alexis Vega vive una situaci\u00f3n complicada en Chivas, pues aunque se quedar\u00eda en el club, parece que ya no entrar\u00eda en planes de la directiva. Recientemente, surgieron especulaciones sobre el futuro de Vega, siendo el m\u00e1s sonado su posible incorporaci\u00f3n a Cruz Azul, sin embargo, parece que las negociaciones se habr\u00edan ido [&hellip;]<\/p>\n","protected":false},"author":12,"featured_media":33941,"comment_status":"open","ping_status":"open","sticky":false,"template":"","format":"standard","meta":{"_monsterinsights_skip_tracking":false,"_monsterinsights_sitenote_active":false,"_monsterinsights_sitenote_note":"","_monsterinsights_sitenote_category":0,"_jetpack_memberships_contains_paid_content":false,"footnotes":""},"categories":[10],"tags":[],"class_list":["post-33940","post","type-post","status-publish","format-standard","has-post-thumbnail","hentry","category-liga-bbva-mx"],"aioseo_notices":[],"jetpack_featured_media_url":"https:\/\/redeportivamx.com\/wp-content\/uploads\/2024\/01\/Alexis-Vega.png","jetpack_sharing_enabled":true,"_links":{"self":[{"href":"https:\/\/redeportivamx.com\/index.php\/wp-json\/wp\/v2\/posts\/33940","targetHints":{"allow":["GET"]}}],"collection":[{"href":"https:\/\/redeportivamx.com\/index.php\/wp-json\/wp\/v2\/posts"}],"about":[{"href":"https:\/\/redeportivamx.com\/index.php\/wp-json\/wp\/v2\/types\/post"}],"author":[{"embeddable":true,"href":"https:\/\/redeportivamx.com\/index.php\/wp-json\/wp\/v2\/users\/12"}],"replies":[{"embeddable":true,"href":"https:\/\/redeportivamx.com\/index.php\/wp-json\/wp\/v2\/comments?post=33940"}],"version-history":[{"count":2,"href":"https:\/\/redeportivamx.com\/index.php\/wp-json\/wp\/v2\/posts\/33940\/revisions"}],"predecessor-version":[{"id":33944,"href":"https:\/\/redeportivamx.com\/index.php\/wp-json\/wp\/v2\/posts\/33940\/revisions\/33944"}],"wp:featuredmedia":[{"embeddable":true,"href":"https:\/\/redeportivamx.com\/index.php\/wp-json\/wp\/v2\/media\/33941"}],"wp:attachment":[{"href":"https:\/\/redeportivamx.com\/index.php\/wp-json\/wp\/v2\/media?parent=33940"}],"wp:term":[{"taxonomy":"category","embeddable":true,"href":"https:\/\/redeportivamx.com\/index.php\/wp-json\/wp\/v2\/categories?post=33940"},{"taxonomy":"post_tag","embeddable":true,"href":"https:\/\/redeportivamx.com\/index.php\/wp-json\/wp\/v2\/tags?post=33940"}],"curies":[{"name":"wp","href":"https:\/\/api.w.org\/{rel}","templated":true}]}}