{"id":33905,"date":"2024-01-06T01:32:33","date_gmt":"2024-01-06T01:32:33","guid":{"rendered":"https:\/\/redeportivamx.com\/?p=33905"},"modified":"2024-01-06T01:34:46","modified_gmt":"2024-01-06T01:34:46","slug":"cuando-fue-la-ultima-vez-que-chicharito-jugo-para-chivas","status":"publish","type":"post","link":"https:\/\/redeportivamx.com\/index.php\/2024\/01\/06\/cuando-fue-la-ultima-vez-que-chicharito-jugo-para-chivas\/","title":{"rendered":"\u00bfCu\u00e1ndo fue la \u00faltima vez que &#8220;Chicharito&#8221; jug\u00f3 para Chivas?"},"content":{"rendered":"\n<p>Recientemente ha resonado el nombre de Javier &#8220;Chicharito&#8221; Hern\u00e1ndez dentro de la <a href=\"https:\/\/redeportivamx.com\/index.php\/category\/liga-bbva-mx\/\" target=\"_blank\" rel=\"noopener\" title=\"Liga MX\">Liga MX<\/a>, pues se especula que podr\u00eda regresar a Chivas, equipo donde debut\u00f3, pero \u00bfCu\u00e1ndo fue la \u00faltima vez que &#8220;Chicharito&#8221; jug\u00f3 para Chivas?<\/p>\n\n\n\n<figure class=\"wp-block-image size-large\"><img fetchpriority=\"high\" decoding=\"async\" width=\"1024\" height=\"819\" src=\"http:\/\/redeportivamx.com\/wp-content\/uploads\/2024\/01\/1-1024x819.png\" alt=\"\" class=\"wp-image-33909\" srcset=\"https:\/\/redeportivamx.com\/wp-content\/uploads\/2024\/01\/1-1024x819.png 1024w, https:\/\/redeportivamx.com\/wp-content\/uploads\/2024\/01\/1-300x240.png 300w, https:\/\/redeportivamx.com\/wp-content\/uploads\/2024\/01\/1-768x614.png 768w, https:\/\/redeportivamx.com\/wp-content\/uploads\/2024\/01\/1-1536x1229.png 1536w, https:\/\/redeportivamx.com\/wp-content\/uploads\/2024\/01\/1.png 2000w\" sizes=\"(max-width: 1024px) 100vw, 1024px\" \/><figcaption class=\"wp-element-caption\"><em>Javier Hern\u00e1ndez con Chivas (2010)<\/em><\/figcaption><\/figure>\n\n\n\n<p><strong>El \u00faltimo torneo<\/strong> que Javier Hern\u00e1ndez jug\u00f3 para las Chivas de Guadalajara fue en el <strong>Torneo Bicentenario 2010<\/strong>, donde llegaron hasta<strong> los cuartos de final<\/strong>, cayendo en marcador global 2-5 con Monarcas Morelia.<\/p>\n\n\n\n<p>En dicho torneo,<strong> &#8220;Chicharito&#8221; se destac\u00f3 como l\u00edder de goleo con 10 anotaciones<\/strong>, sumando un total de <strong>39 goles a lo largo de 4 temporadas<\/strong> con el conjunto de Guadalajara.<\/p>\n\n\n\n<p>El <strong>\u00faltimo encuentro<\/strong> en el que visti\u00f3 la camiseta del &#8220;Reba\u00f1o Sagrado&#8221; fue el 3<strong>0 de julio de 2010, durante el juego inaugural del Estadio Akron (entonces Estadio Omnilife) contra el Manchester United. <\/strong>En ese mismo partido, &#8220;Chicharito&#8221; anot\u00f3 su \u00faltimo gol con Chivas.<\/p>\n","protected":false},"excerpt":{"rendered":"<p>Recientemente ha resonado el nombre de Javier &#8220;Chicharito&#8221; Hern\u00e1ndez dentro de la Liga MX, pues se especula que podr\u00eda regresar a Chivas, equipo donde debut\u00f3, pero \u00bfCu\u00e1ndo fue la \u00faltima vez que &#8220;Chicharito&#8221; jug\u00f3 para Chivas? El \u00faltimo torneo que Javier Hern\u00e1ndez jug\u00f3 para las Chivas de Guadalajara fue en el Torneo Bicentenario 2010, donde [&hellip;]<\/p>\n","protected":false},"author":12,"featured_media":33910,"comment_status":"open","ping_status":"open","sticky":false,"template":"","format":"standard","meta":{"_monsterinsights_skip_tracking":false,"_monsterinsights_sitenote_active":false,"_monsterinsights_sitenote_note":"","_monsterinsights_sitenote_category":0,"_jetpack_memberships_contains_paid_content":false,"footnotes":""},"categories":[10],"tags":[],"class_list":["post-33905","post","type-post","status-publish","format-standard","has-post-thumbnail","hentry","category-liga-bbva-mx"],"aioseo_notices":[],"jetpack_featured_media_url":"https:\/\/redeportivamx.com\/wp-content\/uploads\/2024\/01\/Chicharito.png","jetpack_sharing_enabled":true,"_links":{"self":[{"href":"https:\/\/redeportivamx.com\/index.php\/wp-json\/wp\/v2\/posts\/33905","targetHints":{"allow":["GET"]}}],"collection":[{"href":"https:\/\/redeportivamx.com\/index.php\/wp-json\/wp\/v2\/posts"}],"about":[{"href":"https:\/\/redeportivamx.com\/index.php\/wp-json\/wp\/v2\/types\/post"}],"author":[{"embeddable":true,"href":"https:\/\/redeportivamx.com\/index.php\/wp-json\/wp\/v2\/users\/12"}],"replies":[{"embeddable":true,"href":"https:\/\/redeportivamx.com\/index.php\/wp-json\/wp\/v2\/comments?post=33905"}],"version-history":[{"count":4,"href":"https:\/\/redeportivamx.com\/index.php\/wp-json\/wp\/v2\/posts\/33905\/revisions"}],"predecessor-version":[{"id":33916,"href":"https:\/\/redeportivamx.com\/index.php\/wp-json\/wp\/v2\/posts\/33905\/revisions\/33916"}],"wp:featuredmedia":[{"embeddable":true,"href":"https:\/\/redeportivamx.com\/index.php\/wp-json\/wp\/v2\/media\/33910"}],"wp:attachment":[{"href":"https:\/\/redeportivamx.com\/index.php\/wp-json\/wp\/v2\/media?parent=33905"}],"wp:term":[{"taxonomy":"category","embeddable":true,"href":"https:\/\/redeportivamx.com\/index.php\/wp-json\/wp\/v2\/categories?post=33905"},{"taxonomy":"post_tag","embeddable":true,"href":"https:\/\/redeportivamx.com\/index.php\/wp-json\/wp\/v2\/tags?post=33905"}],"curies":[{"name":"wp","href":"https:\/\/api.w.org\/{rel}","templated":true}]}}