{"id":33895,"date":"2024-01-05T23:54:51","date_gmt":"2024-01-05T23:54:51","guid":{"rendered":"https:\/\/redeportivamx.com\/?p=33895"},"modified":"2024-01-05T23:54:52","modified_gmt":"2024-01-05T23:54:52","slug":"entrar-a-los-primeros-ocho-y-de-ahi-mirar-lo-que-pasa-marcelo-frigerio-sobre-el-objetivo-de-pumas-femenil-en-el-clausura-2024","status":"publish","type":"post","link":"https:\/\/redeportivamx.com\/index.php\/2024\/01\/05\/entrar-a-los-primeros-ocho-y-de-ahi-mirar-lo-que-pasa-marcelo-frigerio-sobre-el-objetivo-de-pumas-femenil-en-el-clausura-2024\/","title":{"rendered":"&#8220;Entrar a los primeros ocho y de ah\u00ed mirar lo que pasa&#8221;, Marcelo Frig\u00e9rio sobre el objetivo de Pumas Femenil en el Clausura 2024"},"content":{"rendered":"\n<p><strong><em>Marcelo Frig\u00e9rio dio sus primeras declaraciones como nuevo t\u00e9cnico de Pumas Femenil, y dio sus objetivos generales de cara al Clausura 2024<\/em><\/strong><\/p>\n\n\n\n<p>Este viernes, se llev\u00f3 a cabo la conferencia de prensa de <strong>Pumas Femenil<\/strong> previo al inicio de la primera fecha del <strong>Clausura 2024 de la Liga MX Femenil<\/strong>, donde <strong><a href=\"https:\/\/www.instagram.com\/p\/C0118dNOEYn\/?utm_source=ig_web_copy_link&amp;igsh=ZWQ3ODFjY2VlOQ==\" target=\"_blank\" rel=\"noopener\" title=\"\">Marcelo Frig\u00e9rio, nuevo DT <\/a><\/strong>del conjunto auriazul, fue presentado ante los medios de comunicaci\u00f3n, en compa\u00f1\u00eda de <strong>Leonardo Cu\u00e9llar<\/strong>, coordinador de desarrollo del equipo femenil.<\/p>\n\n\n\n<blockquote class=\"wp-block-quote is-layout-flow wp-block-quote-is-layout-flow\">\n<p>\u201cEstamos contentos de que <strong>Marcelo Frig\u00e9rio<\/strong> haya aceptado nuestra propuesta de venir a dirigir a nuestro equipo femenil. <strong>Ha dirigido en mundiales<\/strong>, torneos de Conmebol, \u00c1frica, China, eliminatoria mundialista con Paraguay y en termin\u00f3 un torneo en Brasil. <strong>Era importante traer a alguien de experiencia.<\/strong> Ser\u00e1 un periodo de transici\u00f3n\u201d, mencion\u00f3 <strong>Cu\u00e9llar<\/strong> al inicio de la conferencia.<\/p>\n<\/blockquote>\n\n\n\n<figure class=\"wp-block-video\"><video controls src=\"https:\/\/redeportivamx.com\/wp-content\/uploads\/2024\/01\/VID_20240105_122343.mp4\"><\/video><\/figure>\n\n\n\n<p><strong>Marcelo Frig\u00e9rio<\/strong>, quien es de origen \u00edtalo brasile\u00f1o, dio sus primeras palabras ante los medios de comunicaci\u00f3n. El DT tiene claro desde hoy el <strong>objetivo<\/strong> del partido contra <strong>Le\u00f3n<\/strong>, primer rival en la <strong><a href=\"https:\/\/redeportivamx.com\/index.php\/category\/liga-bbva-mx\/\" target=\"_blank\" rel=\"noopener\" title=\"\">jornada 1 de la Liga MX Femenil.<\/a><\/strong><\/p>\n\n\n\n<blockquote class=\"wp-block-quote is-layout-flow wp-block-quote-is-layout-flow\">\n<p>\u201cEn el primer partido, <strong>quiero que logremos lo que estamos entrenando<\/strong>, que las chicas demuestren un equipo ordenado. Estamos trabajando los conceptos, y quiero mirar que las chicas est\u00e9n delante, y que se juegue colectivamente\u201d, expres\u00f3 Frig\u00e9rio.<\/p>\n<\/blockquote>\n\n\n\n<p>Asimismo, el t\u00e9cnico de <strong>Pumas Femenil<\/strong> declar\u00f3 los objetivos generales para el <strong>Clausura 2024, <\/strong>que en primera instancia es clasificar dentro de los primeros ocho de la tabla, y posteriormente ir evolucionando en la Liguilla.<\/p>\n\n\n\n<blockquote class=\"wp-block-quote is-layout-flow wp-block-quote-is-layout-flow\">\n<p><strong>\u201cEntrar a los primeros ocho, <\/strong>y de ah\u00ed mirar lo que pasa. Tenemos que ver c\u00f3mo ser\u00e1 la evoluci\u00f3n del equipo. Mi objetivo es estar ah\u00ed, <strong>en los ocho<\/strong>, y despu\u00e9s mirar si podemos ir m\u00e1s adelante y so\u00f1ar de otra forma\u201d, reconoci\u00f3 el estratega.<\/p>\n<\/blockquote>\n\n\n\n<figure class=\"wp-block-video\"><video controls src=\"https:\/\/redeportivamx.com\/wp-content\/uploads\/2024\/01\/VID_20240105_124736.mp4\"><\/video><\/figure>\n\n\n\n<p>Finalmente, <strong>Frig\u00e9rio<\/strong> mencion\u00f3 que durante el transcurso del torneo, evaluar\u00e1 a las nuevas jugadoras que podr\u00edan llegar, as\u00ed tambi\u00e9n evaluar\u00e1 la zonas que deber\u00e1 reforzar. Por su parte, <strong>Cu\u00e9llar<\/strong> reconoci\u00f3 que de cara al <strong>Clausura 2024<\/strong> s\u00ed se esperan refuerzos y nuevas jugadoras que subir\u00e1n de la <strong>Sub 19<\/strong> al primer equipo.<\/p>\n\n\n\n<blockquote class=\"wp-block-quote is-layout-flow wp-block-quote-is-layout-flow\">\n<p><strong>\u201cEl plantel no se ha cerrado,<\/strong> seguimos viendo opciones para sumar jugadoras. Era muy importante la llegada de <strong>Marcelo<\/strong> para que tenga impacto en la elecci\u00f3n de las nuevas jugadoras y que vea la camada joven de la <strong>Sub 19<\/strong>. Buscaremos fortalecer lo m\u00e1s posible nuestro plantel\u201d, puntualiz\u00f3 <strong>Cu\u00e9llar.<\/strong><\/p>\n<\/blockquote>\n\n\n\n<figure class=\"wp-block-video\"><video controls src=\"https:\/\/redeportivamx.com\/wp-content\/uploads\/2024\/01\/VID_20240105_155839.mp4\"><\/video><\/figure>\n","protected":false},"excerpt":{"rendered":"<p>Marcelo Frig\u00e9rio dio sus primeras declaraciones como nuevo t\u00e9cnico de Pumas Femenil, y dio sus objetivos generales de cara al Clausura 2024 Este viernes, se llev\u00f3 a cabo la conferencia de prensa de Pumas Femenil previo al inicio de la primera fecha del Clausura 2024 de la Liga MX Femenil, donde Marcelo Frig\u00e9rio, nuevo DT [&hellip;]<\/p>\n","protected":false},"author":1,"featured_media":33899,"comment_status":"open","ping_status":"open","sticky":false,"template":"","format":"standard","meta":{"_monsterinsights_skip_tracking":false,"_monsterinsights_sitenote_active":false,"_monsterinsights_sitenote_note":"","_monsterinsights_sitenote_category":0,"_jetpack_memberships_contains_paid_content":false,"footnotes":""},"categories":[10],"tags":[],"class_list":["post-33895","post","type-post","status-publish","format-standard","has-post-thumbnail","hentry","category-liga-bbva-mx"],"aioseo_notices":[],"jetpack_featured_media_url":"https:\/\/redeportivamx.com\/wp-content\/uploads\/2024\/01\/marcelo-frigerio.jpg","jetpack_sharing_enabled":true,"_links":{"self":[{"href":"https:\/\/redeportivamx.com\/index.php\/wp-json\/wp\/v2\/posts\/33895","targetHints":{"allow":["GET"]}}],"collection":[{"href":"https:\/\/redeportivamx.com\/index.php\/wp-json\/wp\/v2\/posts"}],"about":[{"href":"https:\/\/redeportivamx.com\/index.php\/wp-json\/wp\/v2\/types\/post"}],"author":[{"embeddable":true,"href":"https:\/\/redeportivamx.com\/index.php\/wp-json\/wp\/v2\/users\/1"}],"replies":[{"embeddable":true,"href":"https:\/\/redeportivamx.com\/index.php\/wp-json\/wp\/v2\/comments?post=33895"}],"version-history":[{"count":1,"href":"https:\/\/redeportivamx.com\/index.php\/wp-json\/wp\/v2\/posts\/33895\/revisions"}],"predecessor-version":[{"id":33900,"href":"https:\/\/redeportivamx.com\/index.php\/wp-json\/wp\/v2\/posts\/33895\/revisions\/33900"}],"wp:featuredmedia":[{"embeddable":true,"href":"https:\/\/redeportivamx.com\/index.php\/wp-json\/wp\/v2\/media\/33899"}],"wp:attachment":[{"href":"https:\/\/redeportivamx.com\/index.php\/wp-json\/wp\/v2\/media?parent=33895"}],"wp:term":[{"taxonomy":"category","embeddable":true,"href":"https:\/\/redeportivamx.com\/index.php\/wp-json\/wp\/v2\/categories?post=33895"},{"taxonomy":"post_tag","embeddable":true,"href":"https:\/\/redeportivamx.com\/index.php\/wp-json\/wp\/v2\/tags?post=33895"}],"curies":[{"name":"wp","href":"https:\/\/api.w.org\/{rel}","templated":true}]}}