{"id":33852,"date":"2024-01-04T20:16:09","date_gmt":"2024-01-04T20:16:09","guid":{"rendered":"https:\/\/redeportivamx.com\/?p=33852"},"modified":"2024-01-04T20:16:10","modified_gmt":"2024-01-04T20:16:10","slug":"rafa-nadal-continua-cosechando-victorias-en-su-regreso","status":"publish","type":"post","link":"https:\/\/redeportivamx.com\/index.php\/2024\/01\/04\/rafa-nadal-continua-cosechando-victorias-en-su-regreso\/","title":{"rendered":"Rafa Nadal contin\u00faa cosechando victorias en su regreso"},"content":{"rendered":"\n<p>El tenista espa\u00f1ol, Rafael Nadal, se encuentra disputando el Torneo de Brisbane en Australia tras una ausencia de casi un a\u00f1o por la lesi\u00f3n sufrida en el Abierto de Australia en 2023. En esta ocasi\u00f3n derrot\u00f3 al australiano, Jason Kubler, para conseguir su paseba Cuartos de Final.<\/p>\n\n\n\n<p>Nadal venci\u00f3 a Kubler en dos sets, obtuvo marcador de 6-1 en el primero y 6-2 en el segundo. Las dobles faltas y un par de errores de Rafa le dieron los pocos puntos a Jason quien se vio superado durante todo el encuentro.<\/p>\n\n\n\n<p>&#8220;Creo que fue un juego muy positivo y tengo la oportunidad de jugar ma\u00f1ana, lo cual significa mucho para mi&#8221;, declar\u00f3 el espa\u00f1ol tras la contienda.<\/p>\n\n\n\n<figure class=\"wp-block-embed is-type-rich is-provider-twitter wp-block-embed-twitter\"><div class=\"wp-block-embed__wrapper\">\n<blockquote class=\"twitter-tweet\" data-width=\"550\" data-dnt=\"true\"><p lang=\"en\" dir=\"ltr\">No-look, no worries \ud83e\udd0c<a href=\"https:\/\/twitter.com\/hashtag\/BrisbaneTennis?src=hash&amp;ref_src=twsrc%5Etfw\">#BrisbaneTennis<\/a> | <a href=\"https:\/\/twitter.com\/RafaelNadal?ref_src=twsrc%5Etfw\">@RafaelNadal<\/a> <a href=\"https:\/\/t.co\/SBsTgsZg16\">pic.twitter.com\/SBsTgsZg16<\/a><\/p>&mdash; Brisbane International (@BrisbaneTennis) <a href=\"https:\/\/twitter.com\/BrisbaneTennis\/status\/1742859424656429112?ref_src=twsrc%5Etfw\">January 4, 2024<\/a><\/blockquote><script async src=\"https:\/\/platform.twitter.com\/widgets.js\" charset=\"utf-8\"><\/script>\n<\/div><\/figure>\n\n\n\n<p>Rafa Nadal enfrentar\u00e1 a Jordan Thompson, tambi\u00e9n australiano, en los Cuartos de Final del Torneo de Brisbane, el cual sirve como previa al Abierto de Australia. <\/p>\n","protected":false},"excerpt":{"rendered":"<p>El tenista espa\u00f1ol, Rafael Nadal, se encuentra disputando el Torneo de Brisbane en Australia tras una ausencia de casi un a\u00f1o por la lesi\u00f3n sufrida en el Abierto de Australia en 2023. En esta ocasi\u00f3n derrot\u00f3 al australiano, Jason Kubler, para conseguir su paseba Cuartos de Final. Nadal venci\u00f3 a Kubler en dos sets, obtuvo [&hellip;]<\/p>\n","protected":false},"author":13,"featured_media":33853,"comment_status":"open","ping_status":"open","sticky":false,"template":"","format":"standard","meta":{"_monsterinsights_skip_tracking":false,"_monsterinsights_sitenote_active":false,"_monsterinsights_sitenote_note":"","_monsterinsights_sitenote_category":0,"_jetpack_memberships_contains_paid_content":false,"footnotes":""},"categories":[11],"tags":[829,824,280],"class_list":["post-33852","post","type-post","status-publish","format-standard","has-post-thumbnail","hentry","category-tenis","tag-abierto-de-australia","tag-brisbane","tag-rafael-nadal"],"aioseo_notices":[],"jetpack_featured_media_url":"https:\/\/redeportivamx.com\/wp-content\/uploads\/2024\/01\/189463-scaled.jpg","jetpack_sharing_enabled":true,"_links":{"self":[{"href":"https:\/\/redeportivamx.com\/index.php\/wp-json\/wp\/v2\/posts\/33852","targetHints":{"allow":["GET"]}}],"collection":[{"href":"https:\/\/redeportivamx.com\/index.php\/wp-json\/wp\/v2\/posts"}],"about":[{"href":"https:\/\/redeportivamx.com\/index.php\/wp-json\/wp\/v2\/types\/post"}],"author":[{"embeddable":true,"href":"https:\/\/redeportivamx.com\/index.php\/wp-json\/wp\/v2\/users\/13"}],"replies":[{"embeddable":true,"href":"https:\/\/redeportivamx.com\/index.php\/wp-json\/wp\/v2\/comments?post=33852"}],"version-history":[{"count":1,"href":"https:\/\/redeportivamx.com\/index.php\/wp-json\/wp\/v2\/posts\/33852\/revisions"}],"predecessor-version":[{"id":33854,"href":"https:\/\/redeportivamx.com\/index.php\/wp-json\/wp\/v2\/posts\/33852\/revisions\/33854"}],"wp:featuredmedia":[{"embeddable":true,"href":"https:\/\/redeportivamx.com\/index.php\/wp-json\/wp\/v2\/media\/33853"}],"wp:attachment":[{"href":"https:\/\/redeportivamx.com\/index.php\/wp-json\/wp\/v2\/media?parent=33852"}],"wp:term":[{"taxonomy":"category","embeddable":true,"href":"https:\/\/redeportivamx.com\/index.php\/wp-json\/wp\/v2\/categories?post=33852"},{"taxonomy":"post_tag","embeddable":true,"href":"https:\/\/redeportivamx.com\/index.php\/wp-json\/wp\/v2\/tags?post=33852"}],"curies":[{"name":"wp","href":"https:\/\/api.w.org\/{rel}","templated":true}]}}