{"id":33761,"date":"2024-01-02T19:18:31","date_gmt":"2024-01-02T19:18:31","guid":{"rendered":"https:\/\/redeportivamx.com\/?p=33761"},"modified":"2024-01-02T19:28:33","modified_gmt":"2024-01-02T19:28:33","slug":"rafa-nadal-hace-un-regreso-triunfante","status":"publish","type":"post","link":"https:\/\/redeportivamx.com\/index.php\/2024\/01\/02\/rafa-nadal-hace-un-regreso-triunfante\/","title":{"rendered":"Rafa Nadal hace un regreso triunfante"},"content":{"rendered":"\n<p>El tenista espa\u00f1ol, Rafael Nadal, hizo su regreso a las canchas en el Abierto de Brisbane donde derrot\u00f3 al austriaco, Dominic Thiem en dos sets. Nadal se mantuvo alejado del tenis casi un a\u00f1o por una lesi\u00f3n, desde el Abierto de Australia en 2023 no hab\u00eda disputado un solo encuentro.<\/p>\n\n\n\n<p>El espa\u00f1ol luci\u00f3 un buen nivel, pues el primer punto del partido lo obtuvo en cuatro juegos sin respuesta de Thiem. El primer set termin\u00f3 en 7-5 con Rafa calentando para llevarse la victoria. Para el segundo set, Nadal tuvo un dominio total del partido y se llev\u00f3 la victoria 6-1 consiguiendo as\u00ed el pase a Octavos en el torneo australiano.<\/p>\n\n\n\n<p>&#8220;Hoy es honestamente un d\u00eda emotivo e importante para mi despu\u00e9s de uno de los a\u00f1os m\u00e1s duros en mi carrera sin duda&#8221;, declar\u00f3 Rafa tras ls victoria en su regreso.<\/p>\n\n\n\n<figure class=\"wp-block-embed is-type-rich is-provider-twitter wp-block-embed-twitter\"><div class=\"wp-block-embed__wrapper\">\n<blockquote class=\"twitter-tweet\" data-width=\"550\" data-dnt=\"true\"><p lang=\"en\" dir=\"ltr\">THE SMILE SAYS IT ALL \ud83d\ude00<a href=\"https:\/\/twitter.com\/RafaelNadal?ref_src=twsrc%5Etfw\">@RafaelNadal<\/a> is BACK, he defeats Dominic Thiem in straight sets, 7-5 6-1 \ud83d\ude2e\u200d\ud83d\udca8<a href=\"https:\/\/twitter.com\/hashtag\/BrisbaneTennis?src=hash&amp;ref_src=twsrc%5Etfw\">#BrisbaneTennis<\/a> <a href=\"https:\/\/t.co\/YV1KH68c0c\">pic.twitter.com\/YV1KH68c0c<\/a><\/p>&mdash; Brisbane International (@BrisbaneTennis) <a href=\"https:\/\/twitter.com\/BrisbaneTennis\/status\/1742135975222903068?ref_src=twsrc%5Etfw\">January 2, 2024<\/a><\/blockquote><script async src=\"https:\/\/platform.twitter.com\/widgets.js\" charset=\"utf-8\"><\/script>\n<\/div><\/figure>\n\n\n\n<p>Rafa enfrentara a Jason Kluber en la siguiente fase del torneo, el cual es la antesala al Abierto de Australia que se jugar\u00e1 del 14 al 28 de enero.<\/p>\n","protected":false},"excerpt":{"rendered":"<p>El tenista espa\u00f1ol, Rafael Nadal, hizo su regreso a las canchas en el Abierto de Brisbane donde derrot\u00f3 al austriaco, Dominic Thiem en dos sets. Nadal se mantuvo alejado del tenis casi un a\u00f1o por una lesi\u00f3n, desde el Abierto de Australia en 2023 no hab\u00eda disputado un solo encuentro. El espa\u00f1ol luci\u00f3 un buen [&hellip;]<\/p>\n","protected":false},"author":13,"featured_media":33766,"comment_status":"open","ping_status":"open","sticky":false,"template":"","format":"standard","meta":{"_monsterinsights_skip_tracking":false,"_monsterinsights_sitenote_active":false,"_monsterinsights_sitenote_note":"","_monsterinsights_sitenote_category":0,"_jetpack_memberships_contains_paid_content":false,"footnotes":""},"categories":[11],"tags":[382,824,826,280],"class_list":["post-33761","post","type-post","status-publish","format-standard","has-post-thumbnail","hentry","category-tenis","tag-australia-open","tag-brisbane","tag-dominic-thiem","tag-rafael-nadal"],"aioseo_notices":[],"jetpack_featured_media_url":"https:\/\/redeportivamx.com\/wp-content\/uploads\/2024\/01\/20240102_131524-scaled.jpg","jetpack_sharing_enabled":true,"_links":{"self":[{"href":"https:\/\/redeportivamx.com\/index.php\/wp-json\/wp\/v2\/posts\/33761","targetHints":{"allow":["GET"]}}],"collection":[{"href":"https:\/\/redeportivamx.com\/index.php\/wp-json\/wp\/v2\/posts"}],"about":[{"href":"https:\/\/redeportivamx.com\/index.php\/wp-json\/wp\/v2\/types\/post"}],"author":[{"embeddable":true,"href":"https:\/\/redeportivamx.com\/index.php\/wp-json\/wp\/v2\/users\/13"}],"replies":[{"embeddable":true,"href":"https:\/\/redeportivamx.com\/index.php\/wp-json\/wp\/v2\/comments?post=33761"}],"version-history":[{"count":2,"href":"https:\/\/redeportivamx.com\/index.php\/wp-json\/wp\/v2\/posts\/33761\/revisions"}],"predecessor-version":[{"id":33772,"href":"https:\/\/redeportivamx.com\/index.php\/wp-json\/wp\/v2\/posts\/33761\/revisions\/33772"}],"wp:featuredmedia":[{"embeddable":true,"href":"https:\/\/redeportivamx.com\/index.php\/wp-json\/wp\/v2\/media\/33766"}],"wp:attachment":[{"href":"https:\/\/redeportivamx.com\/index.php\/wp-json\/wp\/v2\/media?parent=33761"}],"wp:term":[{"taxonomy":"category","embeddable":true,"href":"https:\/\/redeportivamx.com\/index.php\/wp-json\/wp\/v2\/categories?post=33761"},{"taxonomy":"post_tag","embeddable":true,"href":"https:\/\/redeportivamx.com\/index.php\/wp-json\/wp\/v2\/tags?post=33761"}],"curies":[{"name":"wp","href":"https:\/\/api.w.org\/{rel}","templated":true}]}}