{"id":33693,"date":"2023-12-30T03:30:05","date_gmt":"2023-12-30T03:30:05","guid":{"rendered":"https:\/\/redeportivamx.com\/?p=33693"},"modified":"2023-12-30T03:30:07","modified_gmt":"2023-12-30T03:30:07","slug":"rafa-nadal-ya-entrena-en-australia","status":"publish","type":"post","link":"https:\/\/redeportivamx.com\/index.php\/2023\/12\/30\/rafa-nadal-ya-entrena-en-australia\/","title":{"rendered":"Rafa Nadal ya entrena en Australia"},"content":{"rendered":"\n<p>El tenista espa\u00f1ol, Rafael Nadal, prepara su regreso a las canchas tras su ausencia de un a\u00f1o. Rafa tuvo su primer entrenamiento previo al Brisbane ATP 250 el cual se jugar\u00e1 del 31 de diciembre al 7 de enero.<\/p>\n\n\n\n<p>Tras el torneo en Brisbane, Nadal se mantendr\u00e1 en tierras australianas para el primer Grand Slam del a\u00f1o, el Australia Open, donde se lesion\u00f3 en la \u00faltima edici\u00f3n y provoc\u00f3 que entrar\u00e1 al quirofano manteni\u00e9ndose un a\u00f1o lejos del Tenis.<\/p>\n\n\n\n<figure class=\"wp-block-embed is-type-rich is-provider-twitter wp-block-embed-twitter\"><div class=\"wp-block-embed__wrapper\">\n<blockquote class=\"twitter-tweet\" data-width=\"550\" data-dnt=\"true\"><p lang=\"es\" dir=\"ltr\">Seguimos con los entrenamientos \ud83d\udcaa\ud83c\udffb and thanks <a href=\"https:\/\/twitter.com\/EmilRuusuvuori?ref_src=twsrc%5Etfw\">@EmilRuusuvuori<\/a> for the practice \ud83d\ude4f\ud83c\udffb <a href=\"https:\/\/t.co\/hvNIrYlE5z\">pic.twitter.com\/hvNIrYlE5z<\/a><\/p>&mdash; Rafa Nadal (@RafaelNadal) <a href=\"https:\/\/twitter.com\/RafaelNadal\/status\/1737810940530176363?ref_src=twsrc%5Etfw\">December 21, 2023<\/a><\/blockquote><script async src=\"https:\/\/platform.twitter.com\/widgets.js\" charset=\"utf-8\"><\/script>\n<\/div><\/figure>\n\n\n\n<p>Rafa Nadal entren\u00f3 Dominic Thiem, a quien derrot\u00f3 6-3 mostrando buen f\u00edsico y preparaci\u00f3n. El Australia Open se jugar\u00e1 del 14 al 28 de enero y podr\u00edamos volver a ver un gran enfrentamiento entre el espa\u00f1ol y Novak Djokovic, quien expres\u00f3 su<\/p>\n","protected":false},"excerpt":{"rendered":"<p>El tenista espa\u00f1ol, Rafael Nadal, prepara su regreso a las canchas tras su ausencia de un a\u00f1o. Rafa tuvo su primer entrenamiento previo al Brisbane ATP 250 el cual se jugar\u00e1 del 31 de diciembre al 7 de enero. Tras el torneo en Brisbane, Nadal se mantendr\u00e1 en tierras australianas para el primer Grand Slam [&hellip;]<\/p>\n","protected":false},"author":13,"featured_media":33695,"comment_status":"open","ping_status":"open","sticky":false,"template":"","format":"standard","meta":{"_monsterinsights_skip_tracking":false,"_monsterinsights_sitenote_active":false,"_monsterinsights_sitenote_note":"","_monsterinsights_sitenote_category":0,"_jetpack_memberships_contains_paid_content":false,"footnotes":""},"categories":[11],"tags":[382,280,179],"class_list":["post-33693","post","type-post","status-publish","format-standard","has-post-thumbnail","hentry","category-tenis","tag-australia-open","tag-rafael-nadal","tag-tenis"],"aioseo_notices":[],"jetpack_featured_media_url":"https:\/\/redeportivamx.com\/wp-content\/uploads\/2023\/12\/20231229_210754-scaled.jpg","jetpack_sharing_enabled":true,"_links":{"self":[{"href":"https:\/\/redeportivamx.com\/index.php\/wp-json\/wp\/v2\/posts\/33693","targetHints":{"allow":["GET"]}}],"collection":[{"href":"https:\/\/redeportivamx.com\/index.php\/wp-json\/wp\/v2\/posts"}],"about":[{"href":"https:\/\/redeportivamx.com\/index.php\/wp-json\/wp\/v2\/types\/post"}],"author":[{"embeddable":true,"href":"https:\/\/redeportivamx.com\/index.php\/wp-json\/wp\/v2\/users\/13"}],"replies":[{"embeddable":true,"href":"https:\/\/redeportivamx.com\/index.php\/wp-json\/wp\/v2\/comments?post=33693"}],"version-history":[{"count":1,"href":"https:\/\/redeportivamx.com\/index.php\/wp-json\/wp\/v2\/posts\/33693\/revisions"}],"predecessor-version":[{"id":33696,"href":"https:\/\/redeportivamx.com\/index.php\/wp-json\/wp\/v2\/posts\/33693\/revisions\/33696"}],"wp:featuredmedia":[{"embeddable":true,"href":"https:\/\/redeportivamx.com\/index.php\/wp-json\/wp\/v2\/media\/33695"}],"wp:attachment":[{"href":"https:\/\/redeportivamx.com\/index.php\/wp-json\/wp\/v2\/media?parent=33693"}],"wp:term":[{"taxonomy":"category","embeddable":true,"href":"https:\/\/redeportivamx.com\/index.php\/wp-json\/wp\/v2\/categories?post=33693"},{"taxonomy":"post_tag","embeddable":true,"href":"https:\/\/redeportivamx.com\/index.php\/wp-json\/wp\/v2\/tags?post=33693"}],"curies":[{"name":"wp","href":"https:\/\/api.w.org\/{rel}","templated":true}]}}