{"id":33632,"date":"2023-12-29T04:34:11","date_gmt":"2023-12-29T04:34:11","guid":{"rendered":"https:\/\/redeportivamx.com\/?p=33632"},"modified":"2023-12-29T04:34:13","modified_gmt":"2023-12-29T04:34:13","slug":"es-una-leyenda-de-nuestro-deporte-djokovic-sobre-nadal","status":"publish","type":"post","link":"https:\/\/redeportivamx.com\/index.php\/2023\/12\/29\/es-una-leyenda-de-nuestro-deporte-djokovic-sobre-nadal\/","title":{"rendered":"&#8220;Es una leyenda de nuestro deporte&#8221;, Djokovic sobre Nadal"},"content":{"rendered":"\n<p>Novak Djokovic habl\u00f3 sobre el regreso del tenista espa\u00f1ol, Rafael Nadal quien ya se encuentra listo para regresar a las canchas en el Abierto de Brisbane que se jugara del 31 de diciembre al 7 de enero, y es la antesala al Grand Slam Australiano.<\/p>\n\n\n\n<p>&#8220;Son grandes noticias para el mundo del tenis, es una leyenda de nuestro deporte. Queremos verlo jugar tanto como sea posible, espero tengamos grandes juegos este a\u00f1o, Carlos y yo contra Rafa&#8221;, coment\u00f3 Nole.<\/p>\n\n\n\n<p>&#8220;Muchos dijeron que estaba cerca de su final, como lo han hecho conmigo tambi\u00e9n. Pero les hemos demostrado que estaban equivocados&#8221;, indic\u00f3. &#8220;No es del tipo de jugador que vuelve al circuito solo por jugar, digamos, a un nivel medio, para disputar algunos partidos. Quiere ganar t\u00edtulos, quiere ser el mejor, por eso es lo que es: una leyenda de nuestro deporte. Estoy seguro de que su entrenamiento y su preparaci\u00f3n est\u00e1n enfocados a ganar un Grand Slam&#8221;, concluy\u00f3.<\/p>\n\n\n\n<figure class=\"wp-block-embed is-type-rich is-provider-twitter wp-block-embed-twitter\"><div class=\"wp-block-embed__wrapper\">\n<blockquote class=\"twitter-tweet\" data-width=\"550\" data-dnt=\"true\"><p lang=\"qme\" dir=\"ltr\">\ud83d\ude03\ud83d\udcaa\ud83c\udfbe\ud83c\udde6\ud83c\uddfa <a href=\"https:\/\/twitter.com\/UnitedCupTennis?ref_src=twsrc%5Etfw\">@UnitedCupTennis<\/a> <a href=\"https:\/\/t.co\/Vs9CWygpLu\">pic.twitter.com\/Vs9CWygpLu<\/a><\/p>&mdash; Novak Djokovic (@DjokerNole) <a href=\"https:\/\/twitter.com\/DjokerNole\/status\/1740352372415549679?ref_src=twsrc%5Etfw\">December 28, 2023<\/a><\/blockquote><script async src=\"https:\/\/platform.twitter.com\/widgets.js\" charset=\"utf-8\"><\/script>\n<\/div><\/figure>\n\n\n\n<p>Rafael Nadal ya se encuentra en Australia listo para jugar tras un a\u00f1o de ausencia. El Abierto de Australia es el primer Grand Slam del a\u00f1o y tendr\u00e1 lugar del 14 al 28 de enero.<\/p>\n","protected":false},"excerpt":{"rendered":"<p>Novak Djokovic habl\u00f3 sobre el regreso del tenista espa\u00f1ol, Rafael Nadal quien ya se encuentra listo para regresar a las canchas en el Abierto de Brisbane que se jugara del 31 de diciembre al 7 de enero, y es la antesala al Grand Slam Australiano. &#8220;Son grandes noticias para el mundo del tenis, es una [&hellip;]<\/p>\n","protected":false},"author":13,"featured_media":33633,"comment_status":"open","ping_status":"open","sticky":false,"template":"","format":"standard","meta":{"_monsterinsights_skip_tracking":false,"_monsterinsights_sitenote_active":false,"_monsterinsights_sitenote_note":"","_monsterinsights_sitenote_category":0,"_jetpack_memberships_contains_paid_content":false,"footnotes":""},"categories":[11],"tags":[382,180,280],"class_list":["post-33632","post","type-post","status-publish","format-standard","has-post-thumbnail","hentry","category-tenis","tag-australia-open","tag-novak-djokovic","tag-rafael-nadal"],"aioseo_notices":[],"jetpack_featured_media_url":"https:\/\/redeportivamx.com\/wp-content\/uploads\/2023\/12\/images.jpeg-167-scaled.jpg","jetpack_sharing_enabled":true,"_links":{"self":[{"href":"https:\/\/redeportivamx.com\/index.php\/wp-json\/wp\/v2\/posts\/33632","targetHints":{"allow":["GET"]}}],"collection":[{"href":"https:\/\/redeportivamx.com\/index.php\/wp-json\/wp\/v2\/posts"}],"about":[{"href":"https:\/\/redeportivamx.com\/index.php\/wp-json\/wp\/v2\/types\/post"}],"author":[{"embeddable":true,"href":"https:\/\/redeportivamx.com\/index.php\/wp-json\/wp\/v2\/users\/13"}],"replies":[{"embeddable":true,"href":"https:\/\/redeportivamx.com\/index.php\/wp-json\/wp\/v2\/comments?post=33632"}],"version-history":[{"count":1,"href":"https:\/\/redeportivamx.com\/index.php\/wp-json\/wp\/v2\/posts\/33632\/revisions"}],"predecessor-version":[{"id":33634,"href":"https:\/\/redeportivamx.com\/index.php\/wp-json\/wp\/v2\/posts\/33632\/revisions\/33634"}],"wp:featuredmedia":[{"embeddable":true,"href":"https:\/\/redeportivamx.com\/index.php\/wp-json\/wp\/v2\/media\/33633"}],"wp:attachment":[{"href":"https:\/\/redeportivamx.com\/index.php\/wp-json\/wp\/v2\/media?parent=33632"}],"wp:term":[{"taxonomy":"category","embeddable":true,"href":"https:\/\/redeportivamx.com\/index.php\/wp-json\/wp\/v2\/categories?post=33632"},{"taxonomy":"post_tag","embeddable":true,"href":"https:\/\/redeportivamx.com\/index.php\/wp-json\/wp\/v2\/tags?post=33632"}],"curies":[{"name":"wp","href":"https:\/\/api.w.org\/{rel}","templated":true}]}}