{"id":33597,"date":"2023-12-28T04:19:20","date_gmt":"2023-12-28T04:19:20","guid":{"rendered":"https:\/\/redeportivamx.com\/?p=33597"},"modified":"2023-12-28T04:19:22","modified_gmt":"2023-12-28T04:19:22","slug":"djokovic-jugara-hasta-los-40-anos","status":"publish","type":"post","link":"https:\/\/redeportivamx.com\/index.php\/2023\/12\/28\/djokovic-jugara-hasta-los-40-anos\/","title":{"rendered":"Djokovic jugar\u00e1 hasta los 40 a\u00f1os"},"content":{"rendered":"\n<p>El tenista n\u00famero uno del mundo, Novak Djokovic, comienza su preparaci\u00f3n rumbo al Abierto de Australia. En entrevista durante la Riyadh Season Tennis Cup, el serbio habl\u00f3 sobre su posible retiro tomando en cuenta que actualmente tiene 36 a\u00f1os.<\/p>\n\n\n\n<figure class=\"wp-block-embed is-type-rich is-provider-twitter wp-block-embed-twitter\"><div class=\"wp-block-embed__wrapper\">\n<blockquote class=\"twitter-tweet\" data-width=\"550\" data-dnt=\"true\"><p lang=\"en\" dir=\"ltr\">Today in Riyadh \ud83c\udfbe\ud83d\ude03 <a href=\"https:\/\/twitter.com\/RiyadhSeason?ref_src=twsrc%5Etfw\">@RiyadhSeason<\/a> <a href=\"https:\/\/twitter.com\/Turki_alalshikh?ref_src=twsrc%5Etfw\">@Turki_alalshikh<\/a> <a href=\"https:\/\/t.co\/k3RFId7GQZ\">pic.twitter.com\/k3RFId7GQZ<\/a><\/p>&mdash; Novak Djokovic (@DjokerNole) <a href=\"https:\/\/twitter.com\/DjokerNole\/status\/1739700837897658685?ref_src=twsrc%5Etfw\">December 26, 2023<\/a><\/blockquote><script async src=\"https:\/\/platform.twitter.com\/widgets.js\" charset=\"utf-8\"><\/script>\n<\/div><\/figure>\n\n\n\n<p>\u201cEspero que mi carrera llegue hasta los 40 a\u00f1os e incluso m\u00e1s all\u00e1. Me siento bien con mi cuerpo. Juego un tenis de gran calidad, 2023 ha sido una de las mejores temporadas de mi vida, \u00bfpor qu\u00e9 parar cuando juegas todav\u00eda muy bien? Voy a seguir, ir a\u00f1o a a\u00f1o y ver hasta donde llego\u201d, comenz\u00f3.<\/p>\n\n\n\n<p>Adem\u00e1s de hablar sobre los a\u00f1os de Tom Brady en la NFL, a quien conoce personalmente. &#8216;Es un gran ejemplo de un campe\u00f3n que ha tenido una gran carrera y mucha longevidad. Dedic\u00f3 mucho tiempo a ocuparse de si mismo y a recuperarse bien para estar seguro de tener en cuenta todos los aspectos de su cuerpo y mentalidad para tener una carrera larga y fruct\u00edfera&#8221;, sentenci\u00f3.<\/p>\n\n\n\n<figure class=\"wp-block-image size-large is-resized\"><img fetchpriority=\"high\" decoding=\"async\" width=\"1024\" height=\"576\" src=\"https:\/\/redeportivamx.com\/wp-content\/uploads\/2023\/12\/images.jpeg-164-1024x576.jpg\" alt=\"\" class=\"wp-image-33599\" style=\"aspect-ratio:1.7777777777777777;width:748px;height:auto\" srcset=\"https:\/\/redeportivamx.com\/wp-content\/uploads\/2023\/12\/images.jpeg-164-1024x576.jpg 1024w, https:\/\/redeportivamx.com\/wp-content\/uploads\/2023\/12\/images.jpeg-164-300x169.jpg 300w, https:\/\/redeportivamx.com\/wp-content\/uploads\/2023\/12\/images.jpeg-164-768x432.jpg 768w, https:\/\/redeportivamx.com\/wp-content\/uploads\/2023\/12\/images.jpeg-164-1536x864.jpg 1536w, https:\/\/redeportivamx.com\/wp-content\/uploads\/2023\/12\/images.jpeg-164-2048x1152.jpg 2048w\" sizes=\"(max-width: 1024px) 100vw, 1024px\" \/><figcaption class=\"wp-element-caption\">Foto: us.as.com<\/figcaption><\/figure>\n\n\n\n<p>Djokovic es el m\u00e1ximo ganador de Trofeos Grand Slam con 24 victorias, y al parecer buscar\u00e1 hacer a\u00fan m\u00e1s grande su legado. El Australia Open se llevar\u00e1 acabo del 14 al 28 de enero, donde tambi\u00e9n se habal de un posible regreso del tenista espa\u00f1ol, Rafael Nadal.<\/p>\n","protected":false},"excerpt":{"rendered":"<p>El tenista n\u00famero uno del mundo, Novak Djokovic, comienza su preparaci\u00f3n rumbo al Abierto de Australia. En entrevista durante la Riyadh Season Tennis Cup, el serbio habl\u00f3 sobre su posible retiro tomando en cuenta que actualmente tiene 36 a\u00f1os. \u201cEspero que mi carrera llegue hasta los 40 a\u00f1os e incluso m\u00e1s all\u00e1. Me siento bien [&hellip;]<\/p>\n","protected":false},"author":13,"featured_media":33600,"comment_status":"open","ping_status":"open","sticky":false,"template":"","format":"standard","meta":{"_monsterinsights_skip_tracking":false,"_monsterinsights_sitenote_active":false,"_monsterinsights_sitenote_note":"","_monsterinsights_sitenote_category":0,"_jetpack_memberships_contains_paid_content":false,"footnotes":""},"categories":[11],"tags":[382,180,795],"class_list":["post-33597","post","type-post","status-publish","format-standard","has-post-thumbnail","hentry","category-tenis","tag-australia-open","tag-novak-djokovic","tag-tom-brady"],"aioseo_notices":[],"jetpack_featured_media_url":"https:\/\/redeportivamx.com\/wp-content\/uploads\/2023\/12\/20231227_221822.jpg","jetpack_sharing_enabled":true,"_links":{"self":[{"href":"https:\/\/redeportivamx.com\/index.php\/wp-json\/wp\/v2\/posts\/33597","targetHints":{"allow":["GET"]}}],"collection":[{"href":"https:\/\/redeportivamx.com\/index.php\/wp-json\/wp\/v2\/posts"}],"about":[{"href":"https:\/\/redeportivamx.com\/index.php\/wp-json\/wp\/v2\/types\/post"}],"author":[{"embeddable":true,"href":"https:\/\/redeportivamx.com\/index.php\/wp-json\/wp\/v2\/users\/13"}],"replies":[{"embeddable":true,"href":"https:\/\/redeportivamx.com\/index.php\/wp-json\/wp\/v2\/comments?post=33597"}],"version-history":[{"count":1,"href":"https:\/\/redeportivamx.com\/index.php\/wp-json\/wp\/v2\/posts\/33597\/revisions"}],"predecessor-version":[{"id":33601,"href":"https:\/\/redeportivamx.com\/index.php\/wp-json\/wp\/v2\/posts\/33597\/revisions\/33601"}],"wp:featuredmedia":[{"embeddable":true,"href":"https:\/\/redeportivamx.com\/index.php\/wp-json\/wp\/v2\/media\/33600"}],"wp:attachment":[{"href":"https:\/\/redeportivamx.com\/index.php\/wp-json\/wp\/v2\/media?parent=33597"}],"wp:term":[{"taxonomy":"category","embeddable":true,"href":"https:\/\/redeportivamx.com\/index.php\/wp-json\/wp\/v2\/categories?post=33597"},{"taxonomy":"post_tag","embeddable":true,"href":"https:\/\/redeportivamx.com\/index.php\/wp-json\/wp\/v2\/tags?post=33597"}],"curies":[{"name":"wp","href":"https:\/\/api.w.org\/{rel}","templated":true}]}}