{"id":33389,"date":"2023-12-21T19:36:27","date_gmt":"2023-12-21T19:36:27","guid":{"rendered":"https:\/\/redeportivamx.com\/?p=33389"},"modified":"2023-12-21T19:36:29","modified_gmt":"2023-12-21T19:36:29","slug":"conoce-a-ortopedia-mostkoff-la-empresa-que-apoya-a-atletas-paralimpicos","status":"publish","type":"post","link":"https:\/\/redeportivamx.com\/index.php\/2023\/12\/21\/conoce-a-ortopedia-mostkoff-la-empresa-que-apoya-a-atletas-paralimpicos\/","title":{"rendered":"Conoce a Ortopedia Mostkoff, la empresa que apoya a Atletas Paral\u00edmpicos"},"content":{"rendered":"\n<p>En 1992, diciembre fue declarado por la Asamblea General de las Naciones Unidas como el mes de la inclusi\u00f3n de las personas con discapacidad, teniendo el 03 el d\u00eda m\u00e1s fuerte de celebraci\u00f3n, esto con el objetivo de promover los derechos y el bienestar de las personas con discapacidades en todos los \u00e1mbitos de la sociedad y el desarrollo, as\u00ed como concienciar sobre su situaci\u00f3n en todos los aspectos de la vida pol\u00edtica, social, econ\u00f3mica y cultural.<\/p>\n\n\n\n<figure class=\"wp-block-image size-large\"><img fetchpriority=\"high\" decoding=\"async\" width=\"1024\" height=\"672\" src=\"https:\/\/redeportivamx.com\/wp-content\/uploads\/2023\/12\/Screenshot_2023-12-21-13-33-39-445_com.instagram.android-edit-1024x672.jpg\" alt=\"\" class=\"wp-image-33390\" srcset=\"https:\/\/redeportivamx.com\/wp-content\/uploads\/2023\/12\/Screenshot_2023-12-21-13-33-39-445_com.instagram.android-edit-1024x672.jpg 1024w, https:\/\/redeportivamx.com\/wp-content\/uploads\/2023\/12\/Screenshot_2023-12-21-13-33-39-445_com.instagram.android-edit-300x197.jpg 300w, https:\/\/redeportivamx.com\/wp-content\/uploads\/2023\/12\/Screenshot_2023-12-21-13-33-39-445_com.instagram.android-edit-768x504.jpg 768w, https:\/\/redeportivamx.com\/wp-content\/uploads\/2023\/12\/Screenshot_2023-12-21-13-33-39-445_com.instagram.android-edit.jpg 1080w\" sizes=\"(max-width: 1024px) 100vw, 1024px\" \/><\/figure>\n\n\n\n<p>Aunque hoy sabemos que la discapacidad no es una enfermedad sino una condici\u00f3n de vida y que las Personas con Discapacidad al igual que todos, son sujetos de derechos y que deben de gozar de independencia y autonom\u00eda adem\u00e1s de disfrutar una calidad de vida satisfactoria, esto no siempre ha sido as\u00ed.<\/p>\n\n\n\n<p>Anteriormente se conced\u00edan a la persona con discapacidad, una cierta conceptualizaci\u00f3n y eran nombrados como \u201c\u00e1ngeles\u201d, \u201cpersonas especiales\u201d, entre otras, categoriz\u00e1ndolos como seres diferentes y confin\u00e1ndolos al aislamiento o segregaci\u00f3n del grupo.<\/p>\n\n\n\n<p>Con lo anterior, se han gestado una serie de movimientos sociales y declaraciones de derechos y convenciones que buscan considerar a las personas con discapacidad dentro del marco legal y como personas sujetas de derechos.<\/p>\n\n\n\n<p>Ortopedia Mostkoff<\/p>\n\n\n\n<p>Ortopedia Mostkoff es una empresa que busca reintegrar a clientes a una vida cotidiana segura y c\u00f3moda a trav\u00e9s de servicios y productos de excelencia. Mostkoff colabora con atletas paral\u00edmpicos de alto rendimiento, incluyendo al maratonista Nat\u00e1n Morales y al campe\u00f3n en remo Michel Mu\u00f1oz, entre otros.<\/p>\n\n\n\n<figure class=\"wp-block-embed is-type-rich is-provider-twitter wp-block-embed-twitter\"><div class=\"wp-block-embed__wrapper\">\n<blockquote class=\"twitter-tweet\" data-width=\"550\" data-dnt=\"true\"><p lang=\"es\" dir=\"ltr\">\ud83e\udd47 M\u00c1S OROS PARA M\u00c9XICO \ud83c\uddf2\ud83c\uddfd <br><br>La selecci\u00f3n nacional de para remo consigui\u00f3 dos medallas de oro en el Campeonato Sudamericano en San Pedro de La Paz, Chile.<br><br>Michel Mu\u00f1oz en individual y Brittany Guti\u00e9rrez junto a Miguel Nieto en dobles mixto levantaron la mano por M\u00e9xico. <a href=\"https:\/\/t.co\/j4UD868exk\">pic.twitter.com\/j4UD868exk<\/a><\/p>&mdash; Todo, Menos F\u00fatbol \u00ae (@todomenosfut) <a href=\"https:\/\/twitter.com\/todomenosfut\/status\/1650888317863358464?ref_src=twsrc%5Etfw\">April 25, 2023<\/a><\/blockquote><script async src=\"https:\/\/platform.twitter.com\/widgets.js\" charset=\"utf-8\"><\/script>\n<\/div><\/figure>\n\n\n\n<p>Mostkoff tambi\u00e9n ha colaborado con la fundaci\u00f3n Dr Sonrisas que busca apoyar a miles de ni\u00f1os que tienen una condici\u00f3n de salud que pone en riesgo su vida y por medio de esta fundaci\u00f3n se encargan de reunir recursos, voluntariados o dinero para poder ayudar a los ni\u00f1os cambiar el dolor y sufrimiento de los ni\u00f1os, por momentos de esperanza, diversi\u00f3n y alegr\u00eda.<\/p>\n\n\n\n<p>Afortunadamente el paradigma de la Discapacidad ha ido evolucionando de la mano del pensamiento y de la madurez de una sociedad que hoy tiene un poco m\u00e1s claro conceptos como no discriminaci\u00f3n, participaci\u00f3n, tolerancia e inclusi\u00f3n y ahora cada vez son tambi\u00e9n un grupo m\u00e1s participativo, que en base a un trato igualitario y equitativo, se ha ido construyendo una sociedad m\u00e1s tolerante e incluyente.<\/p>\n","protected":false},"excerpt":{"rendered":"<p>En 1992, diciembre fue declarado por la Asamblea General de las Naciones Unidas como el mes de la inclusi\u00f3n de las personas con discapacidad, teniendo el 03 el d\u00eda m\u00e1s fuerte de celebraci\u00f3n, esto con el objetivo de promover los derechos y el bienestar de las personas con discapacidades en todos los \u00e1mbitos de la [&hellip;]<\/p>\n","protected":false},"author":1,"featured_media":33391,"comment_status":"open","ping_status":"open","sticky":false,"template":"","format":"standard","meta":{"_monsterinsights_skip_tracking":false,"_monsterinsights_sitenote_active":false,"_monsterinsights_sitenote_note":"","_monsterinsights_sitenote_category":0,"_jetpack_memberships_contains_paid_content":false,"footnotes":""},"categories":[8],"tags":[],"class_list":["post-33389","post","type-post","status-publish","format-standard","has-post-thumbnail","hentry","category-otros-deportes"],"aioseo_notices":[],"jetpack_featured_media_url":"https:\/\/redeportivamx.com\/wp-content\/uploads\/2023\/12\/Screenshot_2023-12-21-13-31-41-795_com.instagram.android-edit.jpg","jetpack_sharing_enabled":true,"_links":{"self":[{"href":"https:\/\/redeportivamx.com\/index.php\/wp-json\/wp\/v2\/posts\/33389","targetHints":{"allow":["GET"]}}],"collection":[{"href":"https:\/\/redeportivamx.com\/index.php\/wp-json\/wp\/v2\/posts"}],"about":[{"href":"https:\/\/redeportivamx.com\/index.php\/wp-json\/wp\/v2\/types\/post"}],"author":[{"embeddable":true,"href":"https:\/\/redeportivamx.com\/index.php\/wp-json\/wp\/v2\/users\/1"}],"replies":[{"embeddable":true,"href":"https:\/\/redeportivamx.com\/index.php\/wp-json\/wp\/v2\/comments?post=33389"}],"version-history":[{"count":1,"href":"https:\/\/redeportivamx.com\/index.php\/wp-json\/wp\/v2\/posts\/33389\/revisions"}],"predecessor-version":[{"id":33392,"href":"https:\/\/redeportivamx.com\/index.php\/wp-json\/wp\/v2\/posts\/33389\/revisions\/33392"}],"wp:featuredmedia":[{"embeddable":true,"href":"https:\/\/redeportivamx.com\/index.php\/wp-json\/wp\/v2\/media\/33391"}],"wp:attachment":[{"href":"https:\/\/redeportivamx.com\/index.php\/wp-json\/wp\/v2\/media?parent=33389"}],"wp:term":[{"taxonomy":"category","embeddable":true,"href":"https:\/\/redeportivamx.com\/index.php\/wp-json\/wp\/v2\/categories?post=33389"},{"taxonomy":"post_tag","embeddable":true,"href":"https:\/\/redeportivamx.com\/index.php\/wp-json\/wp\/v2\/tags?post=33389"}],"curies":[{"name":"wp","href":"https:\/\/api.w.org\/{rel}","templated":true}]}}