{"id":33360,"date":"2023-12-21T00:16:34","date_gmt":"2023-12-21T00:16:34","guid":{"rendered":"https:\/\/redeportivamx.com\/?p=33360"},"modified":"2023-12-21T00:16:35","modified_gmt":"2023-12-21T00:16:35","slug":"la-f4-nacam-presenta-su-nuevo-monoplaza-para-el-2024","status":"publish","type":"post","link":"https:\/\/redeportivamx.com\/index.php\/2023\/12\/21\/la-f4-nacam-presenta-su-nuevo-monoplaza-para-el-2024\/","title":{"rendered":"La F4 NACAM presenta su nuevo monoplaza para el 2024"},"content":{"rendered":"\n<p><strong><em>Con esto, se da paso a una nueva generaci\u00f3n de monoplazas para los j\u00f3venes pilotos que incursionan en este deporte<\/em><\/strong><\/p>\n\n\n\n<p>Este mi\u00e9rcoles, en las inmediaciones de <strong>Plaza Carso,<\/strong> se llev\u00f3 a cabo la presentaci\u00f3n oficial del <strong>nuevo monoplaza<\/strong> de la <strong><a href=\"https:\/\/www.fiaformula4.mx\/\" target=\"_blank\" rel=\"noopener\" title=\"\">FIA F4 NACAM<\/a><\/strong> para el <strong>2024<\/strong>. Dicha categor\u00eda sirve de parteaguas para los j\u00f3venes pilotos de la regi\u00f3n de Am\u00e9rica que incursionan en este deporte, <strong>con el sue\u00f1o de llegar a la F\u00f3rmula 1.<\/strong><\/p>\n\n\n\n<figure class=\"wp-block-video aligncenter\"><video controls src=\"https:\/\/redeportivamx.com\/wp-content\/uploads\/2023\/12\/f4-3.mp4\"><\/video><\/figure>\n\n\n\n<p>En la presentaci\u00f3n estuvieron personalidades como <strong>Carlos Slim Domit<\/strong>, presidente de Escuder\u00eda Telmex; <strong>Ram\u00f3n Osorio<\/strong>, director general de F4 NACAM; <strong>Jorge Abed,<\/strong> presidente de la FIA OMDAI M\u00e9xico y <strong>Felipe Abed<\/strong>. Juntos develaron el nuevo <strong>monoplaza<\/strong> que formar\u00e1 parte de la <strong>F4<\/strong> a partir del pr\u00f3ximo a\u00f1o.<\/p>\n\n\n\n<figure class=\"wp-block-video aligncenter\"><video controls src=\"https:\/\/redeportivamx.com\/wp-content\/uploads\/2023\/12\/f4-2.mp4\"><\/video><\/figure>\n\n\n\n<h2 class=\"wp-block-heading\">Nuevas caracter\u00edsticas del monoplaza de F4<\/h2>\n\n\n\n<p>Este nuevo monoplaza <strong>F4 Gen 2,<\/strong> cuyo valor es de <strong>96 mil d\u00f3lares<\/strong>, trae mejoras y evoluciones significativas en comparaci\u00f3n con los autos de a\u00f1os anteriores. Entre las caracter\u00edsticas, destacan <strong>mayor seguridad<\/strong> (como la integraci\u00f3n del halo), motores que brindan <strong>m\u00e1s velocidad punta<\/strong>, <strong>mejoras en la caja de cambios, mayor ergonom\u00eda del cockpit,<\/strong> pontones con aberturas para una mayor refrigeraci\u00f3n y <strong>un chasis m\u00e1s seguro.<\/strong><\/p>\n\n\n\n<figure class=\"wp-block-video aligncenter\"><video controls src=\"https:\/\/redeportivamx.com\/wp-content\/uploads\/2023\/12\/f4.mp4\"><\/video><\/figure>\n\n\n\n<p>Uno de los <strong>principales objetivos<\/strong> del <strong>nuevo monoplaza de F4<\/strong> es brindar a los pilotos la experiencia de manejar autos que son id\u00e9nticos a los que se conducen en las mejoras categor\u00edas europeas de <strong>F4<\/strong>, tales como en <strong>Italia, Alemania, Espa\u00f1a y Reino Unido.<\/strong> Esto permitir\u00e1 a los pilotos una mejor adaptaci\u00f3n a este tipo de coches cuando prueben suerte en Europa.<\/p>\n\n\n\n<p>Hasta el momento, la <strong>F4 NACAM<\/strong> tiene confirmados a <strong>12 monoplazas<\/strong> que participar\u00e1n en la temporada del pr\u00f3ximo a\u00f1o. El campeonato arrancar\u00e1 en junio, y tendr\u00e1 un total de <strong>siete eventos con tres carreras cada una<\/strong>, excepto en el fin de semana del Gran Premio de M\u00e9xico, donde solo habr\u00e1 una, pero ser\u00e1n observados por todo el mundo de la <strong><a href=\"https:\/\/redeportivamx.com\/index.php\/category\/formula-1\/\" target=\"_blank\" rel=\"noopener\" title=\"\">F\u00f3rmula 1.<\/a><\/strong><\/p>\n\n\n<div class=\"wp-block-image\">\n<figure class=\"aligncenter size-large\"><img fetchpriority=\"high\" decoding=\"async\" width=\"1024\" height=\"771\" src=\"https:\/\/redeportivamx.com\/wp-content\/uploads\/2023\/12\/Imagen-de-WhatsApp-2023-12-20-a-las-16.33.50_8e77b898-1024x771.jpg\" alt=\"\" class=\"wp-image-33367\" srcset=\"https:\/\/redeportivamx.com\/wp-content\/uploads\/2023\/12\/Imagen-de-WhatsApp-2023-12-20-a-las-16.33.50_8e77b898-1024x771.jpg 1024w, https:\/\/redeportivamx.com\/wp-content\/uploads\/2023\/12\/Imagen-de-WhatsApp-2023-12-20-a-las-16.33.50_8e77b898-300x226.jpg 300w, https:\/\/redeportivamx.com\/wp-content\/uploads\/2023\/12\/Imagen-de-WhatsApp-2023-12-20-a-las-16.33.50_8e77b898-768x578.jpg 768w, https:\/\/redeportivamx.com\/wp-content\/uploads\/2023\/12\/Imagen-de-WhatsApp-2023-12-20-a-las-16.33.50_8e77b898-1536x1157.jpg 1536w, https:\/\/redeportivamx.com\/wp-content\/uploads\/2023\/12\/Imagen-de-WhatsApp-2023-12-20-a-las-16.33.50_8e77b898-2048x1542.jpg 2048w\" sizes=\"(max-width: 1024px) 100vw, 1024px\" \/><figcaption class=\"wp-element-caption\"><em>Cockpit del nuevo F4. Foto: Giovanni M\u00e9ndez<\/em><\/figcaption><\/figure><\/div>","protected":false},"excerpt":{"rendered":"<p>Con esto, se da paso a una nueva generaci\u00f3n de monoplazas para los j\u00f3venes pilotos que incursionan en este deporte Este mi\u00e9rcoles, en las inmediaciones de Plaza Carso, se llev\u00f3 a cabo la presentaci\u00f3n oficial del nuevo monoplaza de la FIA F4 NACAM para el 2024. Dicha categor\u00eda sirve de parteaguas para los j\u00f3venes pilotos [&hellip;]<\/p>\n","protected":false},"author":1,"featured_media":33362,"comment_status":"open","ping_status":"open","sticky":false,"template":"","format":"standard","meta":{"_monsterinsights_skip_tracking":false,"_monsterinsights_sitenote_active":false,"_monsterinsights_sitenote_note":"","_monsterinsights_sitenote_category":0,"_jetpack_memberships_contains_paid_content":false,"footnotes":""},"categories":[58],"tags":[],"class_list":["post-33360","post","type-post","status-publish","format-standard","has-post-thumbnail","hentry","category-motorsport"],"aioseo_notices":[],"jetpack_featured_media_url":"https:\/\/redeportivamx.com\/wp-content\/uploads\/2023\/12\/f4-monoplaza-2024-1.jpeg","jetpack_sharing_enabled":true,"_links":{"self":[{"href":"https:\/\/redeportivamx.com\/index.php\/wp-json\/wp\/v2\/posts\/33360","targetHints":{"allow":["GET"]}}],"collection":[{"href":"https:\/\/redeportivamx.com\/index.php\/wp-json\/wp\/v2\/posts"}],"about":[{"href":"https:\/\/redeportivamx.com\/index.php\/wp-json\/wp\/v2\/types\/post"}],"author":[{"embeddable":true,"href":"https:\/\/redeportivamx.com\/index.php\/wp-json\/wp\/v2\/users\/1"}],"replies":[{"embeddable":true,"href":"https:\/\/redeportivamx.com\/index.php\/wp-json\/wp\/v2\/comments?post=33360"}],"version-history":[{"count":1,"href":"https:\/\/redeportivamx.com\/index.php\/wp-json\/wp\/v2\/posts\/33360\/revisions"}],"predecessor-version":[{"id":33368,"href":"https:\/\/redeportivamx.com\/index.php\/wp-json\/wp\/v2\/posts\/33360\/revisions\/33368"}],"wp:featuredmedia":[{"embeddable":true,"href":"https:\/\/redeportivamx.com\/index.php\/wp-json\/wp\/v2\/media\/33362"}],"wp:attachment":[{"href":"https:\/\/redeportivamx.com\/index.php\/wp-json\/wp\/v2\/media?parent=33360"}],"wp:term":[{"taxonomy":"category","embeddable":true,"href":"https:\/\/redeportivamx.com\/index.php\/wp-json\/wp\/v2\/categories?post=33360"},{"taxonomy":"post_tag","embeddable":true,"href":"https:\/\/redeportivamx.com\/index.php\/wp-json\/wp\/v2\/tags?post=33360"}],"curies":[{"name":"wp","href":"https:\/\/api.w.org\/{rel}","templated":true}]}}