{"id":32936,"date":"2023-12-15T20:08:33","date_gmt":"2023-12-15T20:08:33","guid":{"rendered":"https:\/\/redeportivamx.com\/?p=32936"},"modified":"2023-12-15T20:08:35","modified_gmt":"2023-12-15T20:08:35","slug":"jenson-button-regresara-al-wec-en-2024","status":"publish","type":"post","link":"https:\/\/redeportivamx.com\/index.php\/2023\/12\/15\/jenson-button-regresara-al-wec-en-2024\/","title":{"rendered":"Jenson Button regresar\u00e1 al WEC en 2024"},"content":{"rendered":"\n<h2 class=\"wp-block-heading\">El piloto brit\u00e1nico, Jenson Button, regresar\u00e1 a las pistas el WEC en 2024 de la mano de Porsche y Jota<\/h2>\n\n\n\n<p><strong>Jenson Button<\/strong>, el campe\u00f3n de F\u00f3rmula 1 de 2009, <strong>regresar\u00e1 a la m\u00e1xima categor\u00eda del Mundial de Resistencia (<a href=\"https:\/\/redeportivamx.com\/index.php\/category\/automovilismo\/\" target=\"_blank\" rel=\"noopener\" title=\"\">WEC<\/a>) en 2024<\/strong>, pilotando un <strong>Porsche 963 LMDH<\/strong> para el equipo <a href=\"https:\/\/jotasport.com\/\" target=\"_blank\" rel=\"noopener\" title=\"\">Jota<\/a>. El brit\u00e1nico de 43 a\u00f1os compartir\u00e1 el coche n\u00famero 38 con el dan\u00e9s <strong>Oliver Rasmussen<\/strong>, que ya ha competido con Jota esta temporada en la clase LMP2, y con <strong>Phil Hanson<\/strong>.<\/p>\n\n\n\n<figure class=\"wp-block-embed is-type-rich is-provider-twitter wp-block-embed-twitter\"><div class=\"wp-block-embed__wrapper\">\n<blockquote class=\"twitter-tweet\" data-width=\"550\" data-dnt=\"true\"><p lang=\"en\" dir=\"ltr\">We are pleased to announce <a href=\"https:\/\/twitter.com\/JensonButton?ref_src=twsrc%5Etfw\">@JensonButton<\/a> will be driving <a href=\"https:\/\/twitter.com\/hashtag\/Mighty38?src=hash&amp;ref_src=twsrc%5Etfw\">#Mighty38<\/a> for Hertz Team JOTA in 2024 \ud83d\udc4a<a href=\"https:\/\/twitter.com\/hashtag\/HertzTeamJOTA?src=hash&amp;ref_src=twsrc%5Etfw\">#HertzTeamJOTA<\/a> <a href=\"https:\/\/twitter.com\/hashtag\/JOTASport?src=hash&amp;ref_src=twsrc%5Etfw\">#JOTASport<\/a> <a href=\"https:\/\/twitter.com\/hashtag\/WEC?src=hash&amp;ref_src=twsrc%5Etfw\">#WEC<\/a> <a href=\"https:\/\/t.co\/KtabtKZ4d2\">pic.twitter.com\/KtabtKZ4d2<\/a><\/p>&mdash; Jota Sport (@JotaSport) <a href=\"https:\/\/twitter.com\/JotaSport\/status\/1735676251979784385?ref_src=twsrc%5Etfw\">December 15, 2023<\/a><\/blockquote><script async src=\"https:\/\/platform.twitter.com\/widgets.js\" charset=\"utf-8\"><\/script>\n<\/div><\/figure>\n\n\n\n<p>Button, que se retir\u00f3 de la F1 en 2016, continu\u00f3 compitiendo en distintas categor\u00edas de automovilismo como <strong>el DTM, la Nascar, la IMSA, la Extreme E<\/strong>, entre otros. Asimismo, destaca que ya tiene experiencia en el WEC, habiendo participado <strong>en la temporada 2018 con el equipo SMP Racing en la clase LMP1<\/strong>.<\/p>\n\n\n\n<blockquote class=\"wp-block-quote is-layout-flow wp-block-quote-is-layout-flow\">\n<figure class=\"wp-block-image size-large\"><img fetchpriority=\"high\" decoding=\"async\" width=\"1024\" height=\"683\" src=\"https:\/\/redeportivamx.com\/wp-content\/uploads\/2023\/12\/image-48-1024x683.png\" alt=\"\" class=\"wp-image-32950\" srcset=\"https:\/\/redeportivamx.com\/wp-content\/uploads\/2023\/12\/image-48-1024x683.png 1024w, https:\/\/redeportivamx.com\/wp-content\/uploads\/2023\/12\/image-48-300x200.png 300w, https:\/\/redeportivamx.com\/wp-content\/uploads\/2023\/12\/image-48-768x513.png 768w, https:\/\/redeportivamx.com\/wp-content\/uploads\/2023\/12\/image-48-1536x1025.png 1536w, https:\/\/redeportivamx.com\/wp-content\/uploads\/2023\/12\/image-48.png 1723w\" sizes=\"(max-width: 1024px) 100vw, 1024px\" \/><figcaption class=\"wp-element-caption\">From: <a href=\"https:\/\/twitter.com\/FIAWEC\">@FIAWEC<\/a><\/figcaption><\/figure>\n\n\n\n<p>&#8220;Estoy encantado con competir en el Mundial de Resistencia 2024. Tengo muchas ganas de que llegue ya la primera carrera, pero tambi\u00e9n soy consciente de todo el trabajo que voy a tener que hacer para estar preparado.&#8221;<\/p>\n<\/blockquote>\n\n\n\n<figure class=\"wp-block-embed is-type-rich is-provider-twitter wp-block-embed-twitter\"><div class=\"wp-block-embed__wrapper\">\n<blockquote class=\"twitter-tweet\" data-width=\"550\" data-dnt=\"true\"><p lang=\"qme\" dir=\"ltr\"><a href=\"https:\/\/twitter.com\/JotaSport?ref_src=twsrc%5Etfw\">@JotaSport<\/a> <a href=\"https:\/\/twitter.com\/Hertz?ref_src=twsrc%5Etfw\">@Hertz<\/a> <a href=\"https:\/\/t.co\/ze0tRH2FLy\">pic.twitter.com\/ze0tRH2FLy<\/a><\/p>&mdash; Jenson Button (@JensonButton) <a href=\"https:\/\/twitter.com\/JensonButton\/status\/1735725218554056775?ref_src=twsrc%5Etfw\">December 15, 2023<\/a><\/blockquote><script async src=\"https:\/\/platform.twitter.com\/widgets.js\" charset=\"utf-8\"><\/script>\n<\/div><\/figure>\n\n\n\n<p>El equipo Jota, que <strong>ya ha confirmado que tendr\u00e1 dos Porsche 963 en 2024<\/strong>, ya tienen definida su segunda alineaci\u00f3n de pilotos. Los tres elegidos ser\u00edan: Callum Ilott, Will Stevens y Norman Nato.<\/p>\n\n\n\n<figure class=\"wp-block-embed is-type-rich is-provider-twitter wp-block-embed-twitter\"><div class=\"wp-block-embed__wrapper\">\n<blockquote class=\"twitter-tweet\" data-width=\"550\" data-dnt=\"true\"><p lang=\"en\" dir=\"ltr\">Our 2024 <a href=\"https:\/\/twitter.com\/FIAWEC?ref_src=twsrc%5Etfw\">@FIAWEC<\/a> line-up \ud83d\udc4a<a href=\"https:\/\/twitter.com\/hashtag\/HertzTeamJOTA?src=hash&amp;ref_src=twsrc%5Etfw\">#HertzTeamJOTA<\/a> <a href=\"https:\/\/twitter.com\/hashtag\/JOTASport?src=hash&amp;ref_src=twsrc%5Etfw\">#JOTASport<\/a> <a href=\"https:\/\/twitter.com\/hashtag\/WEC?src=hash&amp;ref_src=twsrc%5Etfw\">#WEC<\/a> <a href=\"https:\/\/t.co\/3kFA81awOS\">pic.twitter.com\/3kFA81awOS<\/a><\/p>&mdash; Jota Sport (@JotaSport) <a href=\"https:\/\/twitter.com\/JotaSport\/status\/1735691661659808230?ref_src=twsrc%5Etfw\">December 15, 2023<\/a><\/blockquote><script async src=\"https:\/\/platform.twitter.com\/widgets.js\" charset=\"utf-8\"><\/script>\n<\/div><\/figure>\n","protected":false},"excerpt":{"rendered":"<p>El piloto brit\u00e1nico, Jenson Button, regresar\u00e1 a las pistas el WEC en 2024 de la mano de Porsche y Jota Jenson Button, el campe\u00f3n de F\u00f3rmula 1 de 2009, regresar\u00e1 a la m\u00e1xima categor\u00eda del Mundial de Resistencia (WEC) en 2024, pilotando un Porsche 963 LMDH para el equipo Jota. El brit\u00e1nico de 43 a\u00f1os [&hellip;]<\/p>\n","protected":false},"author":9,"featured_media":32951,"comment_status":"open","ping_status":"open","sticky":false,"template":"","format":"standard","meta":{"_monsterinsights_skip_tracking":false,"_monsterinsights_sitenote_active":false,"_monsterinsights_sitenote_note":"","_monsterinsights_sitenote_category":0,"_jetpack_memberships_contains_paid_content":false,"footnotes":""},"categories":[58],"tags":[190],"class_list":["post-32936","post","type-post","status-publish","format-standard","has-post-thumbnail","hentry","category-motorsport","tag-wec"],"aioseo_notices":[],"jetpack_featured_media_url":"https:\/\/redeportivamx.com\/wp-content\/uploads\/2023\/12\/image-49.png","jetpack_sharing_enabled":true,"_links":{"self":[{"href":"https:\/\/redeportivamx.com\/index.php\/wp-json\/wp\/v2\/posts\/32936","targetHints":{"allow":["GET"]}}],"collection":[{"href":"https:\/\/redeportivamx.com\/index.php\/wp-json\/wp\/v2\/posts"}],"about":[{"href":"https:\/\/redeportivamx.com\/index.php\/wp-json\/wp\/v2\/types\/post"}],"author":[{"embeddable":true,"href":"https:\/\/redeportivamx.com\/index.php\/wp-json\/wp\/v2\/users\/9"}],"replies":[{"embeddable":true,"href":"https:\/\/redeportivamx.com\/index.php\/wp-json\/wp\/v2\/comments?post=32936"}],"version-history":[{"count":2,"href":"https:\/\/redeportivamx.com\/index.php\/wp-json\/wp\/v2\/posts\/32936\/revisions"}],"predecessor-version":[{"id":32952,"href":"https:\/\/redeportivamx.com\/index.php\/wp-json\/wp\/v2\/posts\/32936\/revisions\/32952"}],"wp:featuredmedia":[{"embeddable":true,"href":"https:\/\/redeportivamx.com\/index.php\/wp-json\/wp\/v2\/media\/32951"}],"wp:attachment":[{"href":"https:\/\/redeportivamx.com\/index.php\/wp-json\/wp\/v2\/media?parent=32936"}],"wp:term":[{"taxonomy":"category","embeddable":true,"href":"https:\/\/redeportivamx.com\/index.php\/wp-json\/wp\/v2\/categories?post=32936"},{"taxonomy":"post_tag","embeddable":true,"href":"https:\/\/redeportivamx.com\/index.php\/wp-json\/wp\/v2\/tags?post=32936"}],"curies":[{"name":"wp","href":"https:\/\/api.w.org\/{rel}","templated":true}]}}