{"id":32894,"date":"2023-12-14T21:20:49","date_gmt":"2023-12-14T21:20:49","guid":{"rendered":"https:\/\/redeportivamx.com\/?p=32894"},"modified":"2023-12-14T21:20:51","modified_gmt":"2023-12-14T21:20:51","slug":"el-abierto-mexicano-de-tenis-no-cambiara-de-fecha-ni-lugar-si-se-realizara-en-acapulco","status":"publish","type":"post","link":"https:\/\/redeportivamx.com\/index.php\/2023\/12\/14\/el-abierto-mexicano-de-tenis-no-cambiara-de-fecha-ni-lugar-si-se-realizara-en-acapulco\/","title":{"rendered":"\u00a1El Abierto Mexicano de Tenis no cambiar\u00e1 de fecha ni lugar; s\u00ed se realizar\u00e1 en Acapulco!"},"content":{"rendered":"\n<p>Se acabaron los rumores y especulaciones sobre la realizaci\u00f3n del Abierto Mexicano de Tenis, mismo que esta ma\u00f1ana fue confirmado para realizarse en tiempo y forma con las fechas que ya estaba establecidas; es decir, del 24 de febrero al 2 de marzo del 2023.<\/p>\n\n\n\n<p>El desafortunado paso del hurac\u00e1n Otis en octubre de este 2023, gener\u00f3 bastantes dudas sobre la realizaci\u00f3n del AMT, esto debido a que, la Arena GNP sufri\u00f3 bastantes da\u00f1os en su estructura, ocasionando que se tuvieran que reconstruir varias zonas del estadio; sin embargo, la organizaci\u00f3n del torneo se comprometi\u00f3 a reconstruir el inmueble y tener la fiesta del tenis en 2024, acci\u00f3n que logr\u00f3 y esta ma\u00f1ana se confirm\u00f3.<\/p>\n\n\n\n<figure class=\"wp-block-embed is-type-rich is-provider-twitter wp-block-embed-twitter\"><div class=\"wp-block-embed__wrapper\">\n<blockquote class=\"twitter-tweet\" data-width=\"550\" data-dnt=\"true\"><p lang=\"es\" dir=\"ltr\">\u00a1El Abierto Mexicano de Tenis volver\u00e1 a brillar en <a href=\"https:\/\/twitter.com\/hashtag\/Acapulco?src=hash&amp;ref_src=twsrc%5Etfw\">#Acapulco<\/a> en 2024! \ud83c\udfbe<br><br>Con mucho entusiasmo les comparto esta gran noticia, el <a href=\"https:\/\/twitter.com\/AbiertoTelcel?ref_src=twsrc%5Etfw\">@AbiertoTelcel<\/a> se jugar\u00e1 en nuestro querido puerto del 26 de febrero al 2 de marzo de 2024, esto significa un paso importante en la recuperaci\u00f3n de\u2026 <a href=\"https:\/\/t.co\/bzJTuheGfF\">pic.twitter.com\/bzJTuheGfF<\/a><\/p>&mdash; Evelyn Salgado Pineda (@EvelynSalgadoP) <a href=\"https:\/\/twitter.com\/EvelynSalgadoP\/status\/1735340808637649213?ref_src=twsrc%5Etfw\">December 14, 2023<\/a><\/blockquote><script async src=\"https:\/\/platform.twitter.com\/widgets.js\" charset=\"utf-8\"><\/script>\n<\/div><\/figure>\n\n\n\n<p>En el mismo texto destacan que permanecer en Acapulco generar\u00e1 una reactivaci\u00f3n para la econom\u00eda local al tomar en cuenta sectores como hoteler\u00eda, transporte, turismo y gastronom\u00eda.<\/p>\n\n\n\n<p>Hasta el momento los tenistas confirmados para el Abierto Mexicano de Tenis son: Holger Rune, Stefanos Tsitsipas, Taylor Fritz, Casper Ruud, Alexander Zverev, Tommy Paul, Lorenzo Musetti, Grigor Dimitrov, Ben Shelton y Frances Tiafoe.<\/p>\n","protected":false},"excerpt":{"rendered":"<p>Se acabaron los rumores y especulaciones sobre la realizaci\u00f3n del Abierto Mexicano de Tenis, mismo que esta ma\u00f1ana fue confirmado para realizarse en tiempo y forma con las fechas que ya estaba establecidas; es decir, del 24 de febrero al 2 de marzo del 2023. El desafortunado paso del hurac\u00e1n Otis en octubre de este [&hellip;]<\/p>\n","protected":false},"author":1,"featured_media":32895,"comment_status":"open","ping_status":"open","sticky":false,"template":"","format":"standard","meta":{"_monsterinsights_skip_tracking":false,"_monsterinsights_sitenote_active":false,"_monsterinsights_sitenote_note":"","_monsterinsights_sitenote_category":0,"_jetpack_memberships_contains_paid_content":false,"footnotes":""},"categories":[11],"tags":[],"class_list":["post-32894","post","type-post","status-publish","format-standard","has-post-thumbnail","hentry","category-tenis"],"aioseo_notices":[],"jetpack_featured_media_url":"https:\/\/redeportivamx.com\/wp-content\/uploads\/2023\/12\/20231214_151242.jpg","jetpack_sharing_enabled":true,"_links":{"self":[{"href":"https:\/\/redeportivamx.com\/index.php\/wp-json\/wp\/v2\/posts\/32894","targetHints":{"allow":["GET"]}}],"collection":[{"href":"https:\/\/redeportivamx.com\/index.php\/wp-json\/wp\/v2\/posts"}],"about":[{"href":"https:\/\/redeportivamx.com\/index.php\/wp-json\/wp\/v2\/types\/post"}],"author":[{"embeddable":true,"href":"https:\/\/redeportivamx.com\/index.php\/wp-json\/wp\/v2\/users\/1"}],"replies":[{"embeddable":true,"href":"https:\/\/redeportivamx.com\/index.php\/wp-json\/wp\/v2\/comments?post=32894"}],"version-history":[{"count":1,"href":"https:\/\/redeportivamx.com\/index.php\/wp-json\/wp\/v2\/posts\/32894\/revisions"}],"predecessor-version":[{"id":32896,"href":"https:\/\/redeportivamx.com\/index.php\/wp-json\/wp\/v2\/posts\/32894\/revisions\/32896"}],"wp:featuredmedia":[{"embeddable":true,"href":"https:\/\/redeportivamx.com\/index.php\/wp-json\/wp\/v2\/media\/32895"}],"wp:attachment":[{"href":"https:\/\/redeportivamx.com\/index.php\/wp-json\/wp\/v2\/media?parent=32894"}],"wp:term":[{"taxonomy":"category","embeddable":true,"href":"https:\/\/redeportivamx.com\/index.php\/wp-json\/wp\/v2\/categories?post=32894"},{"taxonomy":"post_tag","embeddable":true,"href":"https:\/\/redeportivamx.com\/index.php\/wp-json\/wp\/v2\/tags?post=32894"}],"curies":[{"name":"wp","href":"https:\/\/api.w.org\/{rel}","templated":true}]}}