{"id":32761,"date":"2023-12-11T22:10:56","date_gmt":"2023-12-11T22:10:56","guid":{"rendered":"https:\/\/redeportivamx.com\/?p=32761"},"modified":"2023-12-11T22:10:57","modified_gmt":"2023-12-11T22:10:57","slug":"memo-rojas-y-su-gran-trayectoria-en-el-automovilismo-de-resistencia","status":"publish","type":"post","link":"https:\/\/redeportivamx.com\/index.php\/2023\/12\/11\/memo-rojas-y-su-gran-trayectoria-en-el-automovilismo-de-resistencia\/","title":{"rendered":"Memo Rojas y su gran trayectoria en el automovilismo de resistencia"},"content":{"rendered":"\n<p><strong><em>Tras anunciar su retiro, Memo Rojas deja un gran legado en el automovilismo mexicano<\/em><\/strong><\/p>\n\n\n\n<p>Este lunes, el piloto mexicano de la <strong>Escuder\u00eda Telmex, Guillermo Rojas Jr.,<\/strong> <a href=\"https:\/\/www.escuderiatelmex.com\/portal\/et\/es\/noticias\/detalle\/anuncia-memo-rojas-retiro\/\" target=\"_blank\" rel=\"noopener\" title=\"\"><strong>anunci\u00f3 su<\/strong> <strong>retiro<\/strong><\/a> como piloto profesional. Despu\u00e9s de 31 a\u00f1os de actividad, <strong>Rojas<\/strong> decidi\u00f3 ponerle fin a su carrera para poder descansar de tantos viajes y dedicarse a otras actividades. Es por ello que, a continuaci\u00f3n, repasaremos <strong>la trayectoria de Memo Rojas, <\/strong>quien ha sido uno de los pilotos mexicanos m\u00e1s exitosos en la historia.<\/p>\n\n\n\n<p><strong>Guillermo Rojas<\/strong> inici\u00f3 su carrera en los <strong>Karts<\/strong>, y fue <strong>campe\u00f3n nacional a los 12 a\u00f1os. <\/strong>Desde temprana edad mostr\u00f3 grandes cualidades, que lo llevaron a probar suerte, a\u00f1os despu\u00e9s, en la extinta <strong>F\u00f3rmula 3 Mexicana y F\u00f3rmula V6.<\/strong> Sin embargo, <strong>entre 2005 y 2006 no tuvo actividad por falta de patrocinios,<\/strong> con lo que la carrera de <strong>Memo<\/strong> estuvo a punto de verse truncada.<\/p>\n\n\n\n<p>Pero en <strong>2007<\/strong>, las puertas se abrieron nuevamente para <strong>Memo<\/strong>, ya que, a pesar de dos a\u00f1os sin agarrar el volante, realiz\u00f3 pruebas para pertenecer al equipo <strong>Chip Ganassi Racing del campeonato Grand-AM<\/strong> (Prototipos de Daytona). Rojas concluy\u00f3 de manera satisfactoria las pruebas, y finalmente fue contratado por <strong>Ganassi<\/strong>.<\/p>\n\n\n<div class=\"wp-block-image\">\n<figure class=\"aligncenter size-full\"><img fetchpriority=\"high\" decoding=\"async\" width=\"675\" height=\"450\" src=\"https:\/\/redeportivamx.com\/wp-content\/uploads\/2023\/12\/image-32.png\" alt=\"\" class=\"wp-image-32762\" srcset=\"https:\/\/redeportivamx.com\/wp-content\/uploads\/2023\/12\/image-32.png 675w, https:\/\/redeportivamx.com\/wp-content\/uploads\/2023\/12\/image-32-300x200.png 300w\" sizes=\"(max-width: 675px) 100vw, 675px\" \/><figcaption class=\"wp-element-caption\"><em>Foto: Speedsport<\/em><\/figcaption><\/figure><\/div>\n\n\n<p><strong>La primera temporada de<\/strong> <strong>Rojas en 2007 con Chip Ganassi<\/strong> fue excepcional, ya que termin\u00f3 en <strong>cuarto lugar del campeonato<\/strong>, adem\u00e1s sum\u00f3 una <strong>pole position, una victoria y siete podios.<\/strong> Estos n\u00fameros le valieron para ser nombrado el novato del a\u00f1o en el campeonato.<\/p>\n\n\n\n<h2 class=\"wp-block-heading\">Los primeros t\u00edtulos con Ganassi<\/h2>\n\n\n\n<p>Con <strong>Chip Ganassi<\/strong> estuvo siete a\u00f1os <strong>(2007-2013), <\/strong>donde consigui\u00f3 un total de <strong>4 t\u00edtulos (2008, 2010, 2011 y 2012). <\/strong>Adem\u00e1s, acumul\u00f3 <strong>59 podios y obtuvo 27 victorias,<\/strong> de las cuales, las m\u00e1s destacadas fueron las <strong>24 Horas de Daytona (2008, 2011 y 2013)<\/strong> y las <strong>6 Horas de Watkins Glen (2008, 2009 y 2010).<\/strong><\/p>\n\n\n<div class=\"wp-block-image\">\n<figure class=\"aligncenter size-full\"><img decoding=\"async\" width=\"599\" height=\"400\" src=\"https:\/\/redeportivamx.com\/wp-content\/uploads\/2023\/12\/image-33.png\" alt=\"\" class=\"wp-image-32763\" srcset=\"https:\/\/redeportivamx.com\/wp-content\/uploads\/2023\/12\/image-33.png 599w, https:\/\/redeportivamx.com\/wp-content\/uploads\/2023\/12\/image-33-300x200.png 300w\" sizes=\"(max-width: 599px) 100vw, 599px\" \/><\/figure><\/div>\n\n\n<p>Posteriormente, en <strong>2014<\/strong>, <strong>Rojas<\/strong> prob\u00f3 suerte en la serie <strong>IMSA con Ganassi<\/strong>, donde conquist\u00f3 las <strong>12 Horas de Sebring,<\/strong> que es otra de las carreras importantes de resistencia. Y en <strong>2015<\/strong>, cambi\u00f3 de equipo, donde prob\u00f3 suerte con <strong>DeltaWing Racing Cars.<\/strong><\/p>\n\n\n\n<p>En <strong>2016<\/strong>, sigui\u00f3 compitiendo al m\u00e1ximo nivel en la categor\u00eda <strong>LMP2 de la European Le Mans Series,<\/strong> donde conquist\u00f3 los <strong>campeonatos en 2017 y 2019<\/strong>. Para <strong>2020,<\/strong> <strong>Rojas<\/strong> sigui\u00f3 en la categor\u00eda, pero con un nuevo equipo: <strong>Duquein Team.<\/strong> Sin embargo, no pudo conseguir el t\u00edtulo.<\/p>\n\n\n<div class=\"wp-block-image\">\n<figure class=\"aligncenter size-large\"><img decoding=\"async\" width=\"1024\" height=\"512\" src=\"https:\/\/redeportivamx.com\/wp-content\/uploads\/2023\/12\/image-34-1024x512.png\" alt=\"\" class=\"wp-image-32764\" srcset=\"https:\/\/redeportivamx.com\/wp-content\/uploads\/2023\/12\/image-34-1024x512.png 1024w, https:\/\/redeportivamx.com\/wp-content\/uploads\/2023\/12\/image-34-300x150.png 300w, https:\/\/redeportivamx.com\/wp-content\/uploads\/2023\/12\/image-34-768x384.png 768w, https:\/\/redeportivamx.com\/wp-content\/uploads\/2023\/12\/image-34.png 1200w\" sizes=\"(max-width: 1024px) 100vw, 1024px\" \/><\/figure><\/div>\n\n\n<h2 class=\"wp-block-heading\">Las 24 Horas de Le Mans, un sue\u00f1o negado<\/h2>\n\n\n\n<p><strong>Las 24 Horas de Le Mans<\/strong> es considerada como la carrera de resistencia m\u00e1s importante, y <strong>Memo Rojas<\/strong> siempre tuvo la obsesi\u00f3n de ganarla; sin embargo, se le neg\u00f3 la victoria en repetidas ocasiones. En <strong>2023<\/strong> fue la \u00faltima oportunidad que tuvo con el equipo <strong>Alpine<\/strong>, pero tampoco lo consigui\u00f3.<\/p>\n\n\n\n<p>Tras analizar las opciones en verano de <strong>2023<\/strong>, y al no ser considerado como parte de los pilotos que conformar\u00e1n a <strong>Alpine en 2024,<\/strong> <a href=\"https:\/\/redeportivamx.com\/index.php\/2023\/12\/11\/memo-rojas-adios-a-las-pistas-despues-de-una-carrera-llena-de-triunfos\/\" target=\"_blank\" rel=\"noopener\" title=\"\"><strong>Rojas<\/strong> <strong>decidi\u00f3 retirarse<\/strong>,<\/a> dejando as\u00ed un gran legado en el automovilismo mexicano, que servir\u00e1 de inspiraci\u00f3n para las nuevas generaciones de pilotos.<\/p>\n","protected":false},"excerpt":{"rendered":"<p>Tras anunciar su retiro, Memo Rojas deja un gran legado en el automovilismo mexicano Este lunes, el piloto mexicano de la Escuder\u00eda Telmex, Guillermo Rojas Jr., anunci\u00f3 su retiro como piloto profesional. Despu\u00e9s de 31 a\u00f1os de actividad, Rojas decidi\u00f3 ponerle fin a su carrera para poder descansar de tantos viajes y dedicarse a otras [&hellip;]<\/p>\n","protected":false},"author":1,"featured_media":32765,"comment_status":"open","ping_status":"open","sticky":false,"template":"","format":"standard","meta":{"_monsterinsights_skip_tracking":false,"_monsterinsights_sitenote_active":false,"_monsterinsights_sitenote_note":"","_monsterinsights_sitenote_category":0,"_jetpack_memberships_contains_paid_content":false,"footnotes":""},"categories":[58],"tags":[],"class_list":["post-32761","post","type-post","status-publish","format-standard","has-post-thumbnail","hentry","category-motorsport"],"aioseo_notices":[],"jetpack_featured_media_url":"https:\/\/redeportivamx.com\/wp-content\/uploads\/2023\/12\/memo-rojas-retiro.jpg","jetpack_sharing_enabled":true,"_links":{"self":[{"href":"https:\/\/redeportivamx.com\/index.php\/wp-json\/wp\/v2\/posts\/32761","targetHints":{"allow":["GET"]}}],"collection":[{"href":"https:\/\/redeportivamx.com\/index.php\/wp-json\/wp\/v2\/posts"}],"about":[{"href":"https:\/\/redeportivamx.com\/index.php\/wp-json\/wp\/v2\/types\/post"}],"author":[{"embeddable":true,"href":"https:\/\/redeportivamx.com\/index.php\/wp-json\/wp\/v2\/users\/1"}],"replies":[{"embeddable":true,"href":"https:\/\/redeportivamx.com\/index.php\/wp-json\/wp\/v2\/comments?post=32761"}],"version-history":[{"count":1,"href":"https:\/\/redeportivamx.com\/index.php\/wp-json\/wp\/v2\/posts\/32761\/revisions"}],"predecessor-version":[{"id":32766,"href":"https:\/\/redeportivamx.com\/index.php\/wp-json\/wp\/v2\/posts\/32761\/revisions\/32766"}],"wp:featuredmedia":[{"embeddable":true,"href":"https:\/\/redeportivamx.com\/index.php\/wp-json\/wp\/v2\/media\/32765"}],"wp:attachment":[{"href":"https:\/\/redeportivamx.com\/index.php\/wp-json\/wp\/v2\/media?parent=32761"}],"wp:term":[{"taxonomy":"category","embeddable":true,"href":"https:\/\/redeportivamx.com\/index.php\/wp-json\/wp\/v2\/categories?post=32761"},{"taxonomy":"post_tag","embeddable":true,"href":"https:\/\/redeportivamx.com\/index.php\/wp-json\/wp\/v2\/tags?post=32761"}],"curies":[{"name":"wp","href":"https:\/\/api.w.org\/{rel}","templated":true}]}}