{"id":31406,"date":"2023-11-20T01:40:37","date_gmt":"2023-11-20T01:40:37","guid":{"rendered":"https:\/\/redeportivamx.com\/?p=31406"},"modified":"2023-11-20T01:42:14","modified_gmt":"2023-11-20T01:42:14","slug":"atleta-pierde-la-vida-en-triatlon-de-xel-ha","status":"publish","type":"post","link":"https:\/\/redeportivamx.com\/index.php\/2023\/11\/20\/atleta-pierde-la-vida-en-triatlon-de-xel-ha\/","title":{"rendered":"Atleta pierde la vida en Triatl\u00f3n de Xel-H\u00e1"},"content":{"rendered":"\n<h2 class=\"wp-block-heading\">Un atleta de 49 a\u00f1os pierde la vida en el marat\u00f3n de Xel-H\u00e1<\/h2>\n\n\n\n<p class=\"wp-block-paragraph\">En la ma\u00f1ana del s\u00e1bado 18 de noviembre, se registr\u00f3 un lamentable incidente durante el Triatl\u00f3n Xel-H\u00e1, donde <strong>perdi\u00f3 la vida un atleta mexicano de 49 a\u00f1os<\/strong>, oriundo de la Ciudad de M\u00e9xico.<\/p>\n\n\n\n<figure class=\"wp-block-image size-large\"><img fetchpriority=\"high\" decoding=\"async\" width=\"1024\" height=\"819\" src=\"https:\/\/redeportivamx.com\/wp-content\/uploads\/2023\/11\/2-4-1024x819.jpg\" alt=\"\" class=\"wp-image-31417\" srcset=\"https:\/\/redeportivamx.com\/wp-content\/uploads\/2023\/11\/2-4-1024x819.jpg 1024w, https:\/\/redeportivamx.com\/wp-content\/uploads\/2023\/11\/2-4-300x240.jpg 300w, https:\/\/redeportivamx.com\/wp-content\/uploads\/2023\/11\/2-4-768x614.jpg 768w, https:\/\/redeportivamx.com\/wp-content\/uploads\/2023\/11\/2-4-1536x1229.jpg 1536w, https:\/\/redeportivamx.com\/wp-content\/uploads\/2023\/11\/2-4.jpg 2000w\" sizes=\"(max-width: 1024px) 100vw, 1024px\" \/><\/figure>\n\n\n\n<p class=\"wp-block-paragraph\">El comit\u00e9 organizador confirm\u00f3 la noticia con pesar, indicando que e<strong>l competidor se desvaneci\u00f3 durante la prueba.<\/strong> Los equipos de emergencia presentes intervinieron de inmediato, brindando asistencia al atleta. <\/p>\n\n\n\n<p class=\"wp-block-paragraph\"><strong>El atleta fue trasladado a un hospital privado en Playa del Carmen, llegando con signos vitales<\/strong>, sin embargo, a pesar de los esfuerzos m\u00e9dicos, <strong>el triatleta no logr\u00f3 recuperarse <\/strong>y falleci\u00f3 debido a un paro cardio-respiratorio. En un comunicado, el comit\u00e9 expres\u00f3 su tristeza y extendi\u00f3 sus condolencias, solidariz\u00e1ndose con la familia y amigos del atleta.<\/p>\n\n\n\n<figure class=\"wp-block-embed is-type-rich is-provider-twitter wp-block-embed-twitter\"><div class=\"wp-block-embed__wrapper\">\n<blockquote class=\"twitter-tweet\" data-width=\"550\" data-dnt=\"true\"><p lang=\"es\" dir=\"ltr\">La Federaci\u00f3n Mexicana de Triatl\u00f3n lamenta profundamente esta noticia. <br><br>Nos unimos a la pena de sus familiares y amigos y les enviamos un fuerte abrazo. <a href=\"https:\/\/t.co\/mbcoXBkcDY\">pic.twitter.com\/mbcoXBkcDY<\/a><\/p>&mdash; F. Mexicana Triatlon (@FedMexTriatlon) <a href=\"https:\/\/twitter.com\/FedMexTriatlon\/status\/1725959835093504311?ref_src=twsrc%5Etfw\">November 18, 2023<\/a><\/blockquote><script async src=\"https:\/\/platform.twitter.com\/widgets.js\" charset=\"utf-8\"><\/script>\n<\/div><\/figure>\n","protected":false},"excerpt":{"rendered":"<p>Un atleta de 49 a\u00f1os pierde la vida en el marat\u00f3n de Xel-H\u00e1 En la ma\u00f1ana del s\u00e1bado 18 de noviembre, se registr\u00f3 un lamentable incidente durante el Triatl\u00f3n Xel-H\u00e1, donde perdi\u00f3 la vida un atleta mexicano de 49 a\u00f1os, oriundo de la Ciudad de M\u00e9xico. El comit\u00e9 organizador confirm\u00f3 la noticia con pesar, indicando [&hellip;]<\/p>\n","protected":false},"author":12,"featured_media":31418,"comment_status":"open","ping_status":"open","sticky":false,"template":"","format":"standard","meta":{"_monsterinsights_skip_tracking":false,"_jetpack_newsletter_access":"","_jetpack_dont_email_post_to_subs":false,"_jetpack_newsletter_tier_id":0,"_jetpack_memberships_contains_paywalled_content":false,"_jetpack_feature_clip_id":0,"_jetpack_memberships_contains_paid_content":false,"footnotes":"","jetpack_post_was_ever_published":false},"categories":[1],"tags":[],"class_list":["post-31406","post","type-post","status-publish","format-standard","has-post-thumbnail","hentry","category-redaccion-redeportiva"],"aioseo_notices":[],"aioseo_head":"\n\t\t<!-- All in One SEO 5.0.1.1 - aioseo.com -->\n\t<meta name=\"description\" content=\"Un atleta de 49 a\u00f1os pierde la vida en el marat\u00f3n de Xel-H\u00e1 En la ma\u00f1ana del s\u00e1bado 18 de noviembre, se registr\u00f3 un lamentable incidente durante el Triatl\u00f3n Xel-H\u00e1, donde perdi\u00f3 la vida un atleta mexicano de 49 a\u00f1os, oriundo de la Ciudad de M\u00e9xico. El comit\u00e9 organizador confirm\u00f3 la noticia con pesar, indicando\" \/>\n\t<meta name=\"robots\" content=\"max-image-preview:large\" \/>\n\t<meta name=\"author\" content=\"\u00c1ngel Cortez\"\/>\n\t<link rel=\"canonical\" href=\"https:\/\/redeportivamx.com\/index.php\/2023\/11\/20\/atleta-pierde-la-vida-en-triatlon-de-xel-ha\/\" \/>\n\t<meta name=\"generator\" content=\"All in One SEO (AIOSEO) 5.0.1.1\" \/>\n\t\t<meta property=\"og:locale\" content=\"es_MX\" \/>\n\t\t<meta property=\"og:site_name\" content=\"Redeportiva MX - \u00a1Conectando tu pasi\u00f3n!\" \/>\n\t\t<meta property=\"og:type\" content=\"sport\" \/>\n\t\t<meta property=\"og:title\" content=\"Atleta pierde la vida en Triatl\u00f3n de Xel-H\u00e1 - Redeportiva MX\" \/>\n\t\t<meta property=\"og:description\" content=\"Un atleta de 49 a\u00f1os pierde la vida en el marat\u00f3n de Xel-H\u00e1 En la ma\u00f1ana del s\u00e1bado 18 de noviembre, se registr\u00f3 un lamentable incidente durante el Triatl\u00f3n Xel-H\u00e1, donde perdi\u00f3 la vida un atleta mexicano de 49 a\u00f1os, oriundo de la Ciudad de M\u00e9xico. El comit\u00e9 organizador confirm\u00f3 la noticia con pesar, indicando\" \/>\n\t\t<meta property=\"og:url\" content=\"https:\/\/redeportivamx.com\/index.php\/2023\/11\/20\/atleta-pierde-la-vida-en-triatlon-de-xel-ha\/\" \/>\n\t\t<meta property=\"og:image\" content=\"https:\/\/redeportivamx.com\/wp-content\/uploads\/2023\/11\/1-4.jpg\" \/>\n\t\t<meta property=\"og:image:secure_url\" content=\"https:\/\/redeportivamx.com\/wp-content\/uploads\/2023\/11\/1-4.jpg\" \/>\n\t\t<meta property=\"og:image:width\" content=\"2000\" \/>\n\t\t<meta property=\"og:image:height\" content=\"1600\" \/>\n\t\t<meta name=\"twitter:card\" content=\"summary_large_image\" \/>\n\t\t<meta name=\"twitter:site\" content=\"@Redeportivamx\" \/>\n\t\t<meta name=\"twitter:title\" content=\"Atleta pierde la vida en Triatl\u00f3n de Xel-H\u00e1 - Redeportiva MX\" \/>\n\t\t<meta name=\"twitter:description\" content=\"Un atleta de 49 a\u00f1os pierde la vida en el marat\u00f3n de Xel-H\u00e1 En la ma\u00f1ana del s\u00e1bado 18 de noviembre, se registr\u00f3 un lamentable incidente durante el Triatl\u00f3n Xel-H\u00e1, donde perdi\u00f3 la vida un atleta mexicano de 49 a\u00f1os, oriundo de la Ciudad de M\u00e9xico. El comit\u00e9 organizador confirm\u00f3 la noticia con pesar, indicando\" \/>\n\t\t<meta name=\"twitter:creator\" content=\"@Redeportivamx\" \/>\n\t\t<meta name=\"twitter:image\" content=\"https:\/\/redeportivamx.com\/wp-content\/uploads\/2023\/11\/1-4.jpg\" \/>\n\t\t<script type=\"application\/ld+json\" class=\"aioseo-schema\">\n\t\t\t{\"@context\":\"https:\\\/\\\/schema.org\",\"@graph\":[{\"@type\":\"BlogPosting\",\"@id\":\"https:\\\/\\\/redeportivamx.com\\\/index.php\\\/2023\\\/11\\\/20\\\/atleta-pierde-la-vida-en-triatlon-de-xel-ha\\\/#blogposting\",\"name\":\"Atleta pierde la vida en Triatl\\u00f3n de Xel-H\\u00e1 - Redeportiva MX\",\"headline\":\"Atleta pierde la vida en Triatl\\u00f3n de Xel-H\\u00e1\",\"author\":{\"@id\":\"https:\\\/\\\/redeportivamx.com\\\/index.php\\\/author\\\/angel-cortez\\\/#author\"},\"publisher\":{\"@id\":\"https:\\\/\\\/redeportivamx.com\\\/#organization\"},\"image\":{\"@type\":\"ImageObject\",\"url\":\"https:\\\/\\\/redeportivamx.com\\\/wp-content\\\/uploads\\\/2023\\\/11\\\/1-4.jpg\",\"width\":2000,\"height\":1600},\"datePublished\":\"2023-11-20T01:40:37-06:00\",\"dateModified\":\"2023-11-20T01:42:14-06:00\",\"inLanguage\":\"es-MX\",\"mainEntityOfPage\":{\"@id\":\"https:\\\/\\\/redeportivamx.com\\\/index.php\\\/2023\\\/11\\\/20\\\/atleta-pierde-la-vida-en-triatlon-de-xel-ha\\\/#webpage\"},\"isPartOf\":{\"@id\":\"https:\\\/\\\/redeportivamx.com\\\/index.php\\\/2023\\\/11\\\/20\\\/atleta-pierde-la-vida-en-triatlon-de-xel-ha\\\/#webpage\"},\"articleSection\":\"Redacci\\u00f3n Redeportiva\"},{\"@type\":\"BreadcrumbList\",\"@id\":\"https:\\\/\\\/redeportivamx.com\\\/index.php\\\/2023\\\/11\\\/20\\\/atleta-pierde-la-vida-en-triatlon-de-xel-ha\\\/#breadcrumblist\",\"itemListElement\":[{\"@type\":\"ListItem\",\"@id\":\"https:\\\/\\\/redeportivamx.com#listItem\",\"position\":1,\"name\":\"Home\",\"item\":\"https:\\\/\\\/redeportivamx.com\",\"nextItem\":{\"@type\":\"ListItem\",\"@id\":\"https:\\\/\\\/redeportivamx.com\\\/index.php\\\/category\\\/redaccion-redeportiva\\\/#listItem\",\"name\":\"Redacci\\u00f3n Redeportiva\"}},{\"@type\":\"ListItem\",\"@id\":\"https:\\\/\\\/redeportivamx.com\\\/index.php\\\/category\\\/redaccion-redeportiva\\\/#listItem\",\"position\":2,\"name\":\"Redacci\\u00f3n Redeportiva\",\"item\":\"https:\\\/\\\/redeportivamx.com\\\/index.php\\\/category\\\/redaccion-redeportiva\\\/\",\"nextItem\":{\"@type\":\"ListItem\",\"@id\":\"https:\\\/\\\/redeportivamx.com\\\/index.php\\\/2023\\\/11\\\/20\\\/atleta-pierde-la-vida-en-triatlon-de-xel-ha\\\/#listItem\",\"name\":\"Atleta pierde la vida en Triatl\\u00f3n de Xel-H\\u00e1\"},\"previousItem\":{\"@type\":\"ListItem\",\"@id\":\"https:\\\/\\\/redeportivamx.com#listItem\",\"name\":\"Home\"}},{\"@type\":\"ListItem\",\"@id\":\"https:\\\/\\\/redeportivamx.com\\\/index.php\\\/2023\\\/11\\\/20\\\/atleta-pierde-la-vida-en-triatlon-de-xel-ha\\\/#listItem\",\"position\":3,\"name\":\"Atleta pierde la vida en Triatl\\u00f3n de Xel-H\\u00e1\",\"previousItem\":{\"@type\":\"ListItem\",\"@id\":\"https:\\\/\\\/redeportivamx.com\\\/index.php\\\/category\\\/redaccion-redeportiva\\\/#listItem\",\"name\":\"Redacci\\u00f3n Redeportiva\"}}]},{\"@type\":\"Organization\",\"@id\":\"https:\\\/\\\/redeportivamx.com\\\/#organization\",\"name\":\"redeportivamx.com\",\"description\":\"\\u00a1Conectando tu pasi\\u00f3n!\",\"url\":\"https:\\\/\\\/redeportivamx.com\\\/\",\"sameAs\":[\"https:\\\/\\\/www.facebook.com\\\/profile.php?id=61565592572733\",\"https:\\\/\\\/x.com\\\/Redeportivamx?s=20\",\"https:\\\/\\\/www.instagram.com\\\/redeportivamx\\\/\",\"https:\\\/\\\/www.tiktok.com\\\/@redeportiva.mx\",\"https:\\\/\\\/www.youtube.com\\\/@Redeportiva-MX\"]},{\"@type\":\"Person\",\"@id\":\"https:\\\/\\\/redeportivamx.com\\\/index.php\\\/author\\\/angel-cortez\\\/#author\",\"url\":\"https:\\\/\\\/redeportivamx.com\\\/index.php\\\/author\\\/angel-cortez\\\/\",\"name\":\"\\u00c1ngel Cortez\",\"image\":{\"@type\":\"ImageObject\",\"@id\":\"https:\\\/\\\/redeportivamx.com\\\/index.php\\\/2023\\\/11\\\/20\\\/atleta-pierde-la-vida-en-triatlon-de-xel-ha\\\/#authorImage\",\"url\":\"https:\\\/\\\/secure.gravatar.com\\\/avatar\\\/7a2a1ba429e2adbe816e5f8251d8d6c7a28c9d49b7b2b94e7156e4f797ad86d5?s=96&d=mm&r=g\",\"width\":96,\"height\":96,\"caption\":\"\\u00c1ngel Cortez\"}},{\"@type\":\"WebPage\",\"@id\":\"https:\\\/\\\/redeportivamx.com\\\/index.php\\\/2023\\\/11\\\/20\\\/atleta-pierde-la-vida-en-triatlon-de-xel-ha\\\/#webpage\",\"url\":\"https:\\\/\\\/redeportivamx.com\\\/index.php\\\/2023\\\/11\\\/20\\\/atleta-pierde-la-vida-en-triatlon-de-xel-ha\\\/\",\"name\":\"Atleta pierde la vida en Triatl\\u00f3n de Xel-H\\u00e1 - Redeportiva MX\",\"description\":\"Un atleta de 49 a\\u00f1os pierde la vida en el marat\\u00f3n de Xel-H\\u00e1 En la ma\\u00f1ana del s\\u00e1bado 18 de noviembre, se registr\\u00f3 un lamentable incidente durante el Triatl\\u00f3n Xel-H\\u00e1, donde perdi\\u00f3 la vida un atleta mexicano de 49 a\\u00f1os, oriundo de la Ciudad de M\\u00e9xico. El comit\\u00e9 organizador confirm\\u00f3 la noticia con pesar, indicando\",\"inLanguage\":\"es-MX\",\"isPartOf\":{\"@id\":\"https:\\\/\\\/redeportivamx.com\\\/#website\"},\"breadcrumb\":{\"@id\":\"https:\\\/\\\/redeportivamx.com\\\/index.php\\\/2023\\\/11\\\/20\\\/atleta-pierde-la-vida-en-triatlon-de-xel-ha\\\/#breadcrumblist\"},\"author\":{\"@id\":\"https:\\\/\\\/redeportivamx.com\\\/index.php\\\/author\\\/angel-cortez\\\/#author\"},\"creator\":{\"@id\":\"https:\\\/\\\/redeportivamx.com\\\/index.php\\\/author\\\/angel-cortez\\\/#author\"},\"image\":{\"@type\":\"ImageObject\",\"url\":\"https:\\\/\\\/redeportivamx.com\\\/wp-content\\\/uploads\\\/2023\\\/11\\\/1-4.jpg\",\"@id\":\"https:\\\/\\\/redeportivamx.com\\\/index.php\\\/2023\\\/11\\\/20\\\/atleta-pierde-la-vida-en-triatlon-de-xel-ha\\\/#mainImage\",\"width\":2000,\"height\":1600},\"primaryImageOfPage\":{\"@id\":\"https:\\\/\\\/redeportivamx.com\\\/index.php\\\/2023\\\/11\\\/20\\\/atleta-pierde-la-vida-en-triatlon-de-xel-ha\\\/#mainImage\"},\"datePublished\":\"2023-11-20T01:40:37-06:00\",\"dateModified\":\"2023-11-20T01:42:14-06:00\"},{\"@type\":\"WebSite\",\"@id\":\"https:\\\/\\\/redeportivamx.com\\\/#website\",\"url\":\"https:\\\/\\\/redeportivamx.com\\\/\",\"name\":\"redeportivamx.com\",\"description\":\"\\u00a1Conectando tu pasi\\u00f3n!\",\"inLanguage\":\"es-MX\",\"publisher\":{\"@id\":\"https:\\\/\\\/redeportivamx.com\\\/#organization\"}}]}\n\t\t<\/script>\n\t\t<!-- All in One SEO -->\n\n","aioseo_head_json":{"title":"Atleta pierde la vida en Triatl\u00f3n de Xel-H\u00e1 - Redeportiva MX","description":"Un atleta de 49 a\u00f1os pierde la vida en el marat\u00f3n de Xel-H\u00e1 En la ma\u00f1ana del s\u00e1bado 18 de noviembre, se registr\u00f3 un lamentable incidente durante el Triatl\u00f3n Xel-H\u00e1, donde perdi\u00f3 la vida un atleta mexicano de 49 a\u00f1os, oriundo de la Ciudad de M\u00e9xico. El comit\u00e9 organizador confirm\u00f3 la noticia con pesar, indicando","canonical_url":"https:\/\/redeportivamx.com\/index.php\/2023\/11\/20\/atleta-pierde-la-vida-en-triatlon-de-xel-ha\/","robots":"max-image-preview:large","keywords":"","webmasterTools":{"miscellaneous":""},"schema":{"@context":"https:\/\/schema.org","@graph":[{"@type":"BlogPosting","@id":"https:\/\/redeportivamx.com\/index.php\/2023\/11\/20\/atleta-pierde-la-vida-en-triatlon-de-xel-ha\/#blogposting","name":"Atleta pierde la vida en Triatl\u00f3n de Xel-H\u00e1 - Redeportiva MX","headline":"Atleta pierde la vida en Triatl\u00f3n de Xel-H\u00e1","author":{"@id":"https:\/\/redeportivamx.com\/index.php\/author\/angel-cortez\/#author"},"publisher":{"@id":"https:\/\/redeportivamx.com\/#organization"},"image":{"@type":"ImageObject","url":"https:\/\/redeportivamx.com\/wp-content\/uploads\/2023\/11\/1-4.jpg","width":2000,"height":1600},"datePublished":"2023-11-20T01:40:37-06:00","dateModified":"2023-11-20T01:42:14-06:00","inLanguage":"es-MX","mainEntityOfPage":{"@id":"https:\/\/redeportivamx.com\/index.php\/2023\/11\/20\/atleta-pierde-la-vida-en-triatlon-de-xel-ha\/#webpage"},"isPartOf":{"@id":"https:\/\/redeportivamx.com\/index.php\/2023\/11\/20\/atleta-pierde-la-vida-en-triatlon-de-xel-ha\/#webpage"},"articleSection":"Redacci\u00f3n Redeportiva"},{"@type":"BreadcrumbList","@id":"https:\/\/redeportivamx.com\/index.php\/2023\/11\/20\/atleta-pierde-la-vida-en-triatlon-de-xel-ha\/#breadcrumblist","itemListElement":[{"@type":"ListItem","@id":"https:\/\/redeportivamx.com#listItem","position":1,"name":"Home","item":"https:\/\/redeportivamx.com","nextItem":{"@type":"ListItem","@id":"https:\/\/redeportivamx.com\/index.php\/category\/redaccion-redeportiva\/#listItem","name":"Redacci\u00f3n Redeportiva"}},{"@type":"ListItem","@id":"https:\/\/redeportivamx.com\/index.php\/category\/redaccion-redeportiva\/#listItem","position":2,"name":"Redacci\u00f3n Redeportiva","item":"https:\/\/redeportivamx.com\/index.php\/category\/redaccion-redeportiva\/","nextItem":{"@type":"ListItem","@id":"https:\/\/redeportivamx.com\/index.php\/2023\/11\/20\/atleta-pierde-la-vida-en-triatlon-de-xel-ha\/#listItem","name":"Atleta pierde la vida en Triatl\u00f3n de Xel-H\u00e1"},"previousItem":{"@type":"ListItem","@id":"https:\/\/redeportivamx.com#listItem","name":"Home"}},{"@type":"ListItem","@id":"https:\/\/redeportivamx.com\/index.php\/2023\/11\/20\/atleta-pierde-la-vida-en-triatlon-de-xel-ha\/#listItem","position":3,"name":"Atleta pierde la vida en Triatl\u00f3n de Xel-H\u00e1","previousItem":{"@type":"ListItem","@id":"https:\/\/redeportivamx.com\/index.php\/category\/redaccion-redeportiva\/#listItem","name":"Redacci\u00f3n Redeportiva"}}]},{"@type":"Organization","@id":"https:\/\/redeportivamx.com\/#organization","name":"redeportivamx.com","description":"\u00a1Conectando tu pasi\u00f3n!","url":"https:\/\/redeportivamx.com\/","sameAs":["https:\/\/www.facebook.com\/profile.php?id=61565592572733","https:\/\/x.com\/Redeportivamx?s=20","https:\/\/www.instagram.com\/redeportivamx\/","https:\/\/www.tiktok.com\/@redeportiva.mx","https:\/\/www.youtube.com\/@Redeportiva-MX"]},{"@type":"Person","@id":"https:\/\/redeportivamx.com\/index.php\/author\/angel-cortez\/#author","url":"https:\/\/redeportivamx.com\/index.php\/author\/angel-cortez\/","name":"\u00c1ngel Cortez","image":{"@type":"ImageObject","@id":"https:\/\/redeportivamx.com\/index.php\/2023\/11\/20\/atleta-pierde-la-vida-en-triatlon-de-xel-ha\/#authorImage","url":"https:\/\/secure.gravatar.com\/avatar\/7a2a1ba429e2adbe816e5f8251d8d6c7a28c9d49b7b2b94e7156e4f797ad86d5?s=96&d=mm&r=g","width":96,"height":96,"caption":"\u00c1ngel Cortez"}},{"@type":"WebPage","@id":"https:\/\/redeportivamx.com\/index.php\/2023\/11\/20\/atleta-pierde-la-vida-en-triatlon-de-xel-ha\/#webpage","url":"https:\/\/redeportivamx.com\/index.php\/2023\/11\/20\/atleta-pierde-la-vida-en-triatlon-de-xel-ha\/","name":"Atleta pierde la vida en Triatl\u00f3n de Xel-H\u00e1 - Redeportiva MX","description":"Un atleta de 49 a\u00f1os pierde la vida en el marat\u00f3n de Xel-H\u00e1 En la ma\u00f1ana del s\u00e1bado 18 de noviembre, se registr\u00f3 un lamentable incidente durante el Triatl\u00f3n Xel-H\u00e1, donde perdi\u00f3 la vida un atleta mexicano de 49 a\u00f1os, oriundo de la Ciudad de M\u00e9xico. El comit\u00e9 organizador confirm\u00f3 la noticia con pesar, indicando","inLanguage":"es-MX","isPartOf":{"@id":"https:\/\/redeportivamx.com\/#website"},"breadcrumb":{"@id":"https:\/\/redeportivamx.com\/index.php\/2023\/11\/20\/atleta-pierde-la-vida-en-triatlon-de-xel-ha\/#breadcrumblist"},"author":{"@id":"https:\/\/redeportivamx.com\/index.php\/author\/angel-cortez\/#author"},"creator":{"@id":"https:\/\/redeportivamx.com\/index.php\/author\/angel-cortez\/#author"},"image":{"@type":"ImageObject","url":"https:\/\/redeportivamx.com\/wp-content\/uploads\/2023\/11\/1-4.jpg","@id":"https:\/\/redeportivamx.com\/index.php\/2023\/11\/20\/atleta-pierde-la-vida-en-triatlon-de-xel-ha\/#mainImage","width":2000,"height":1600},"primaryImageOfPage":{"@id":"https:\/\/redeportivamx.com\/index.php\/2023\/11\/20\/atleta-pierde-la-vida-en-triatlon-de-xel-ha\/#mainImage"},"datePublished":"2023-11-20T01:40:37-06:00","dateModified":"2023-11-20T01:42:14-06:00"},{"@type":"WebSite","@id":"https:\/\/redeportivamx.com\/#website","url":"https:\/\/redeportivamx.com\/","name":"redeportivamx.com","description":"\u00a1Conectando tu pasi\u00f3n!","inLanguage":"es-MX","publisher":{"@id":"https:\/\/redeportivamx.com\/#organization"}}]},"og:locale":"es_MX","og:site_name":"Redeportiva MX - \u00a1Conectando tu pasi\u00f3n!","og:type":"sport","og:title":"Atleta pierde la vida en Triatl\u00f3n de Xel-H\u00e1 - Redeportiva MX","og:description":"Un atleta de 49 a\u00f1os pierde la vida en el marat\u00f3n de Xel-H\u00e1 En la ma\u00f1ana del s\u00e1bado 18 de noviembre, se registr\u00f3 un lamentable incidente durante el Triatl\u00f3n Xel-H\u00e1, donde perdi\u00f3 la vida un atleta mexicano de 49 a\u00f1os, oriundo de la Ciudad de M\u00e9xico. El comit\u00e9 organizador confirm\u00f3 la noticia con pesar, indicando","og:url":"https:\/\/redeportivamx.com\/index.php\/2023\/11\/20\/atleta-pierde-la-vida-en-triatlon-de-xel-ha\/","og:image":"https:\/\/redeportivamx.com\/wp-content\/uploads\/2023\/11\/1-4.jpg","og:image:secure_url":"https:\/\/redeportivamx.com\/wp-content\/uploads\/2023\/11\/1-4.jpg","og:image:width":2000,"og:image:height":1600,"twitter:card":"summary_large_image","twitter:site":"@Redeportivamx","twitter:title":"Atleta pierde la vida en Triatl\u00f3n de Xel-H\u00e1 - Redeportiva MX","twitter:description":"Un atleta de 49 a\u00f1os pierde la vida en el marat\u00f3n de Xel-H\u00e1 En la ma\u00f1ana del s\u00e1bado 18 de noviembre, se registr\u00f3 un lamentable incidente durante el Triatl\u00f3n Xel-H\u00e1, donde perdi\u00f3 la vida un atleta mexicano de 49 a\u00f1os, oriundo de la Ciudad de M\u00e9xico. El comit\u00e9 organizador confirm\u00f3 la noticia con pesar, indicando","twitter:creator":"@Redeportivamx","twitter:image":"https:\/\/redeportivamx.com\/wp-content\/uploads\/2023\/11\/1-4.jpg"},"aioseo_meta_data":{"post_id":"31406","title":null,"description":null,"keywords":[],"keyphrases":{"focus":{"keyphrase":"","score":0,"analysis":{"keyphraseInTitle":{"score":0,"maxScore":9,"error":1}}},"additional":[]},"primary_term":null,"canonical_url":null,"og_title":null,"og_description":null,"og_object_type":"default","og_image_type":"default","og_image_url":null,"og_image_width":null,"og_image_height":null,"og_image_custom_url":null,"og_image_custom_fields":null,"og_video":"","og_custom_url":null,"og_article_section":null,"og_article_tags":[],"twitter_use_og":false,"twitter_card":"default","twitter_image_type":"default","twitter_image_url":null,"twitter_image_custom_url":null,"twitter_image_custom_fields":null,"twitter_title":null,"twitter_description":null,"schema":{"blockGraphs":[],"customGraphs":[],"default":{"data":{"Article":[],"Course":[],"Dataset":[],"FAQPage":[],"Movie":[],"Person":[],"Product":[],"ProductReview":[],"Car":[],"Recipe":[],"Service":[],"SoftwareApplication":[],"WebPage":[]},"graphName":"BlogPosting","isEnabled":true},"graphs":[]},"schema_type":"default","schema_type_options":null,"pillar_content":false,"robots_default":true,"robots_noindex":false,"robots_noarchive":false,"robots_nosnippet":false,"robots_nofollow":false,"robots_noimageindex":false,"robots_noodp":false,"robots_notranslate":false,"robots_max_snippet":"-1","robots_max_videopreview":"-1","robots_max_imagepreview":"large","priority":null,"frequency":"default","local_seo":null,"breadcrumb_settings":null,"limit_modified_date":false,"ai":null,"created":"2023-11-20 01:40:38","updated":"2025-06-04 15:03:36","seo_analyzer_scan_date":null,"focus_keyword":null,"additional_keywords":null,"truseo_locale":null},"aioseo_breadcrumb":"<div class=\"aioseo-breadcrumbs\"><span class=\"aioseo-breadcrumb\">\n\t\t\t<a href=\"https:\/\/redeportivamx.com\" title=\"Home\">Home<\/a>\n\t\t<\/span><span class=\"aioseo-breadcrumb-separator\">&raquo;<\/span><span class=\"aioseo-breadcrumb\">\n\t\t\t<a href=\"https:\/\/redeportivamx.com\/index.php\/category\/redaccion-redeportiva\/\" title=\"Redacci\u00f3n Redeportiva\">Redacci\u00f3n Redeportiva<\/a>\n\t\t<\/span><span class=\"aioseo-breadcrumb-separator\">&raquo;<\/span><span class=\"aioseo-breadcrumb\">\n\t\t\tAtleta pierde la vida en Triatl\u00f3n de Xel-H\u00e1\n\t\t<\/span><\/div>","aioseo_breadcrumb_json":[{"label":"Home","link":"https:\/\/redeportivamx.com"},{"label":"Redacci\u00f3n Redeportiva","link":"https:\/\/redeportivamx.com\/index.php\/category\/redaccion-redeportiva\/"},{"label":"Atleta pierde la vida en Triatl\u00f3n de Xel-H\u00e1","link":"https:\/\/redeportivamx.com\/index.php\/2023\/11\/20\/atleta-pierde-la-vida-en-triatlon-de-xel-ha\/"}],"jetpack_sharing_enabled":true,"jetpack_featured_media_url":"https:\/\/redeportivamx.com\/wp-content\/uploads\/2023\/11\/1-4.jpg","_links":{"self":[{"href":"https:\/\/redeportivamx.com\/index.php\/wp-json\/wp\/v2\/posts\/31406","targetHints":{"allow":["GET"]}}],"collection":[{"href":"https:\/\/redeportivamx.com\/index.php\/wp-json\/wp\/v2\/posts"}],"about":[{"href":"https:\/\/redeportivamx.com\/index.php\/wp-json\/wp\/v2\/types\/post"}],"author":[{"embeddable":true,"href":"https:\/\/redeportivamx.com\/index.php\/wp-json\/wp\/v2\/users\/12"}],"replies":[{"embeddable":true,"href":"https:\/\/redeportivamx.com\/index.php\/wp-json\/wp\/v2\/comments?post=31406"}],"version-history":[{"count":3,"href":"https:\/\/redeportivamx.com\/index.php\/wp-json\/wp\/v2\/posts\/31406\/revisions"}],"predecessor-version":[{"id":31424,"href":"https:\/\/redeportivamx.com\/index.php\/wp-json\/wp\/v2\/posts\/31406\/revisions\/31424"}],"wp:featuredmedia":[{"embeddable":true,"href":"https:\/\/redeportivamx.com\/index.php\/wp-json\/wp\/v2\/media\/31418"}],"wp:attachment":[{"href":"https:\/\/redeportivamx.com\/index.php\/wp-json\/wp\/v2\/media?parent=31406"}],"wp:term":[{"taxonomy":"category","embeddable":true,"href":"https:\/\/redeportivamx.com\/index.php\/wp-json\/wp\/v2\/categories?post=31406"},{"taxonomy":"post_tag","embeddable":true,"href":"https:\/\/redeportivamx.com\/index.php\/wp-json\/wp\/v2\/tags?post=31406"}],"curies":[{"name":"wp","href":"https:\/\/api.w.org\/{rel}","templated":true}]}}