{"id":30759,"date":"2023-11-09T17:26:18","date_gmt":"2023-11-09T17:26:18","guid":{"rendered":"https:\/\/redeportivamx.com\/?p=30759"},"modified":"2023-11-09T17:26:20","modified_gmt":"2023-11-09T17:26:20","slug":"verstappen-es-el-mejor-piloto-de-la-f1-bernie-ecclestone","status":"publish","type":"post","link":"https:\/\/redeportivamx.com\/index.php\/2023\/11\/09\/verstappen-es-el-mejor-piloto-de-la-f1-bernie-ecclestone\/","title":{"rendered":"Verstappen es el mejor piloto de la F1: Bernie Ecclestone"},"content":{"rendered":"\n<h2 class=\"wp-block-heading\">El expresidente de la Formula 1 expres\u00f3 su admiraci\u00f3n por Max Verstappen, consider\u00e1ndolo el mejor de la historia<\/h2>\n\n\n\n<p>En varias entrevistas concedidas a medios internacionales, <strong>Ecclestone<\/strong> ha alabado el talento, la velocidad y la personalidad de <strong>Verstappen<\/strong>:<\/p>\n\n\n\n<blockquote class=\"wp-block-quote is-layout-flow wp-block-quote-is-layout-flow\">\n<p>\u201cVerstappen es el mejor piloto que ha corrido en la historia de la F\u00f3rmula 1, eso est\u00e1 claro. Tiene todo lo que se necesita para ser un campe\u00f3n. Es r\u00e1pido, inteligente, agresivo y no se deja intimidar por nadie.\u201d<\/p>\n<\/blockquote>\n\n\n\n<figure class=\"wp-block-image size-large\"><img fetchpriority=\"high\" decoding=\"async\" width=\"1024\" height=\"576\" src=\"https:\/\/redeportivamx.com\/wp-content\/uploads\/2023\/11\/image-26-1024x576.png\" alt=\"\" class=\"wp-image-30760\" srcset=\"https:\/\/redeportivamx.com\/wp-content\/uploads\/2023\/11\/image-26-1024x576.png 1024w, https:\/\/redeportivamx.com\/wp-content\/uploads\/2023\/11\/image-26-300x169.png 300w, https:\/\/redeportivamx.com\/wp-content\/uploads\/2023\/11\/image-26-768x432.png 768w, https:\/\/redeportivamx.com\/wp-content\/uploads\/2023\/11\/image-26-1536x864.png 1536w, https:\/\/redeportivamx.com\/wp-content\/uploads\/2023\/11\/image-26.png 1920w\" sizes=\"(max-width: 1024px) 100vw, 1024px\" \/><figcaption class=\"wp-element-caption\">From: <a href=\"https:\/\/twitter.com\/Aperta\">@Aperta<\/a><\/figcaption><\/figure>\n\n\n\n<p>Ecclestone, que regres\u00f3 al paddock de la <strong><a href=\"https:\/\/redeportivamx.com\/index.php\/category\/formula-1\/\" target=\"_blank\" rel=\"noopener\" title=\"\">Formula 1<\/a><\/strong> en el reciente <strong>GP de Brasil<\/strong>, tambi\u00e9n se refiri\u00f3 a la rivalidad entre <strong>Verstappen<\/strong> y <strong>Hamilton<\/strong>, que ha protagonizado algunos incidentes pol\u00e9micos esta temporada:<\/p>\n\n\n\n<blockquote class=\"wp-block-quote is-layout-flow wp-block-quote-is-layout-flow\">\n<p>\u201cCreo que es bueno para el deporte que haya una competencia tan fuerte entre ellos. Son dos pilotos muy diferentes, pero ambos son muy buenos. Hamilton tiene m\u00e1s experiencia y m\u00e1s t\u00edtulos, pero Verstappen tiene m\u00e1s hambre y m\u00e1s pasi\u00f3n.&#8221;<\/p>\n<\/blockquote>\n\n\n\n<figure class=\"wp-block-image size-large\"><img decoding=\"async\" width=\"1024\" height=\"579\" src=\"https:\/\/redeportivamx.com\/wp-content\/uploads\/2023\/11\/image-27-1024x579.png\" alt=\"\" class=\"wp-image-30761\" srcset=\"https:\/\/redeportivamx.com\/wp-content\/uploads\/2023\/11\/image-27-1024x579.png 1024w, https:\/\/redeportivamx.com\/wp-content\/uploads\/2023\/11\/image-27-300x170.png 300w, https:\/\/redeportivamx.com\/wp-content\/uploads\/2023\/11\/image-27-768x434.png 768w, https:\/\/redeportivamx.com\/wp-content\/uploads\/2023\/11\/image-27.png 1200w\" sizes=\"(max-width: 1024px) 100vw, 1024px\" \/><\/figure>\n\n\n\n<p>El brit\u00e1nico, que <strong>fue el m\u00e1ximo responsable de la F1<\/strong> durante cuatro d\u00e9cadas, confes\u00f3 que le gustar\u00eda que <strong>Verstappen<\/strong> se proclamara campe\u00f3n en pr\u00f3ximos a\u00f1os con <strong><a href=\"https:\/\/www.redbullracing.com\/int-es\" target=\"_blank\" rel=\"noopener\" title=\"\">Red Bull<\/a><\/strong>:<\/p>\n\n\n\n<blockquote class=\"wp-block-quote is-layout-flow wp-block-quote-is-layout-flow\">\n<p>\u201cMe gustar\u00eda ver a Verstappen ganar otro t\u00edtulo, porque creo que ser\u00eda bueno para la F1 tener un nuevo rey. Verstappen ha tra\u00eddo una nueva energ\u00eda y un nuevo inter\u00e9s al deporte.\u201d<\/p>\n<\/blockquote>\n","protected":false},"excerpt":{"rendered":"<p>El expresidente de la Formula 1 expres\u00f3 su admiraci\u00f3n por Max Verstappen, consider\u00e1ndolo el mejor de la historia En varias entrevistas concedidas a medios internacionales, Ecclestone ha alabado el talento, la velocidad y la personalidad de Verstappen: \u201cVerstappen es el mejor piloto que ha corrido en la historia de la F\u00f3rmula 1, eso est\u00e1 claro. [&hellip;]<\/p>\n","protected":false},"author":9,"featured_media":30762,"comment_status":"open","ping_status":"open","sticky":false,"template":"","format":"standard","meta":{"_monsterinsights_skip_tracking":false,"_monsterinsights_sitenote_active":false,"_monsterinsights_sitenote_note":"","_monsterinsights_sitenote_category":0,"_jetpack_memberships_contains_paid_content":false,"footnotes":""},"categories":[7],"tags":[45],"class_list":["post-30759","post","type-post","status-publish","format-standard","has-post-thumbnail","hentry","category-formula-1","tag-formula-1"],"aioseo_notices":[],"jetpack_featured_media_url":"https:\/\/redeportivamx.com\/wp-content\/uploads\/2023\/11\/image-28.png","jetpack_sharing_enabled":true,"_links":{"self":[{"href":"https:\/\/redeportivamx.com\/index.php\/wp-json\/wp\/v2\/posts\/30759","targetHints":{"allow":["GET"]}}],"collection":[{"href":"https:\/\/redeportivamx.com\/index.php\/wp-json\/wp\/v2\/posts"}],"about":[{"href":"https:\/\/redeportivamx.com\/index.php\/wp-json\/wp\/v2\/types\/post"}],"author":[{"embeddable":true,"href":"https:\/\/redeportivamx.com\/index.php\/wp-json\/wp\/v2\/users\/9"}],"replies":[{"embeddable":true,"href":"https:\/\/redeportivamx.com\/index.php\/wp-json\/wp\/v2\/comments?post=30759"}],"version-history":[{"count":1,"href":"https:\/\/redeportivamx.com\/index.php\/wp-json\/wp\/v2\/posts\/30759\/revisions"}],"predecessor-version":[{"id":30763,"href":"https:\/\/redeportivamx.com\/index.php\/wp-json\/wp\/v2\/posts\/30759\/revisions\/30763"}],"wp:featuredmedia":[{"embeddable":true,"href":"https:\/\/redeportivamx.com\/index.php\/wp-json\/wp\/v2\/media\/30762"}],"wp:attachment":[{"href":"https:\/\/redeportivamx.com\/index.php\/wp-json\/wp\/v2\/media?parent=30759"}],"wp:term":[{"taxonomy":"category","embeddable":true,"href":"https:\/\/redeportivamx.com\/index.php\/wp-json\/wp\/v2\/categories?post=30759"},{"taxonomy":"post_tag","embeddable":true,"href":"https:\/\/redeportivamx.com\/index.php\/wp-json\/wp\/v2\/tags?post=30759"}],"curies":[{"name":"wp","href":"https:\/\/api.w.org\/{rel}","templated":true}]}}