{"id":30698,"date":"2023-11-08T02:14:47","date_gmt":"2023-11-08T02:14:47","guid":{"rendered":"https:\/\/redeportivamx.com\/?p=30698"},"modified":"2023-11-08T02:15:49","modified_gmt":"2023-11-08T02:15:49","slug":"checo-perez-podria-perder-puntos","status":"publish","type":"post","link":"https:\/\/redeportivamx.com\/index.php\/2023\/11\/08\/checo-perez-podria-perder-puntos\/","title":{"rendered":"&#8220;Checo&#8221; P\u00e9rez podr\u00eda perder puntos"},"content":{"rendered":"\n<h2 class=\"wp-block-heading\">Sergio P\u00e9rez podr\u00eda perder puntos por reclamo de HAAS<\/h2>\n\n\n\n<p>La escuder\u00eda Haas reclam\u00f3 a la FIA que algunos pilotos <strong>excedieron los l\u00edmites de pista<\/strong> en el<a href=\"https:\/\/redeportivamx.com\/index.php\/category\/formula-1\/\" target=\"_blank\" rel=\"noopener\" title=\" Gran Premio de Estados Unidos\"> Gran Premio de Estados Unidos<\/a>. Por lo que solicit\u00f3 una investigaci\u00f3n del caso.<\/p>\n\n\n\n<figure class=\"wp-block-image size-large\"><img fetchpriority=\"high\" decoding=\"async\" width=\"1024\" height=\"819\" src=\"https:\/\/redeportivamx.com\/wp-content\/uploads\/2023\/11\/Checo-USA-2-1024x819.png\" alt=\"\" class=\"wp-image-30700\" srcset=\"https:\/\/redeportivamx.com\/wp-content\/uploads\/2023\/11\/Checo-USA-2-1024x819.png 1024w, https:\/\/redeportivamx.com\/wp-content\/uploads\/2023\/11\/Checo-USA-2-300x240.png 300w, https:\/\/redeportivamx.com\/wp-content\/uploads\/2023\/11\/Checo-USA-2-768x614.png 768w, https:\/\/redeportivamx.com\/wp-content\/uploads\/2023\/11\/Checo-USA-2-1536x1229.png 1536w, https:\/\/redeportivamx.com\/wp-content\/uploads\/2023\/11\/Checo-USA-2.png 2000w\" sizes=\"(max-width: 1024px) 100vw, 1024px\" \/><figcaption class=\"wp-element-caption\"><em>Sergio P\u00e9rez en el Gran Premio de Estados Unidos<\/em> Foto: <em><a href=\"https:\/\/twitter.com\/SChecoPerez\" target=\"_blank\" rel=\"noopener\" title=\"Sergio P\u00e9rez\">Sergio P\u00e9rez<\/a><\/em> en X<\/figcaption><\/figure>\n\n\n\n<p>Seg\u00fan Haas, los pilotos <strong>Lance Stroll (Aston Martin), Sergio P\u00e9rez (Red Bull), Logan Sargeant y Alexander Albon (Williams)<\/strong> habr\u00edan superado los l\u00edmites de pista y no fueron penalizados. Por lo que la FIA tendr\u00e1 una junta con los miembros de esas escuder\u00edas para que den su postura.<\/p>\n\n\n\n<p>Sergio &#8220;Checo&#8221; P\u00e9rez se encuentra <a href=\"https:\/\/redeportivamx.com\/index.php\/2023\/11\/07\/que-necesita-checo-perez-para-ser-subcampeon-del-mundo\/\" target=\"_blank\" rel=\"noopener\" title=\"peleando actualmente peleando el subcampeonato\">peleando actualmente peleando el subcampeonato<\/a> con Lewis Hamilton, manteniendo una <strong>distancia de 32 puntos del brit\u00e1nico.<\/strong> No obstante, en el caso de que Haas pueda presentar pruebas suficientes, hay posibilidades de que la FIA lo sancione, poniendo en peligro su ventaja.<\/p>\n","protected":false},"excerpt":{"rendered":"<p>Sergio P\u00e9rez podr\u00eda perder puntos por reclamo de HAAS La escuder\u00eda Haas reclam\u00f3 a la FIA que algunos pilotos excedieron los l\u00edmites de pista en el Gran Premio de Estados Unidos. Por lo que solicit\u00f3 una investigaci\u00f3n del caso. Seg\u00fan Haas, los pilotos Lance Stroll (Aston Martin), Sergio P\u00e9rez (Red Bull), Logan Sargeant y Alexander [&hellip;]<\/p>\n","protected":false},"author":12,"featured_media":30701,"comment_status":"open","ping_status":"open","sticky":false,"template":"","format":"standard","meta":{"_monsterinsights_skip_tracking":false,"_monsterinsights_sitenote_active":false,"_monsterinsights_sitenote_note":"","_monsterinsights_sitenote_category":0,"_jetpack_memberships_contains_paid_content":false,"footnotes":""},"categories":[1],"tags":[],"class_list":["post-30698","post","type-post","status-publish","format-standard","has-post-thumbnail","hentry","category-blog"],"aioseo_notices":[],"jetpack_featured_media_url":"https:\/\/redeportivamx.com\/wp-content\/uploads\/2023\/11\/Checo-USA-1.png","jetpack_sharing_enabled":true,"_links":{"self":[{"href":"https:\/\/redeportivamx.com\/index.php\/wp-json\/wp\/v2\/posts\/30698","targetHints":{"allow":["GET"]}}],"collection":[{"href":"https:\/\/redeportivamx.com\/index.php\/wp-json\/wp\/v2\/posts"}],"about":[{"href":"https:\/\/redeportivamx.com\/index.php\/wp-json\/wp\/v2\/types\/post"}],"author":[{"embeddable":true,"href":"https:\/\/redeportivamx.com\/index.php\/wp-json\/wp\/v2\/users\/12"}],"replies":[{"embeddable":true,"href":"https:\/\/redeportivamx.com\/index.php\/wp-json\/wp\/v2\/comments?post=30698"}],"version-history":[{"count":3,"href":"https:\/\/redeportivamx.com\/index.php\/wp-json\/wp\/v2\/posts\/30698\/revisions"}],"predecessor-version":[{"id":30703,"href":"https:\/\/redeportivamx.com\/index.php\/wp-json\/wp\/v2\/posts\/30698\/revisions\/30703"}],"wp:featuredmedia":[{"embeddable":true,"href":"https:\/\/redeportivamx.com\/index.php\/wp-json\/wp\/v2\/media\/30701"}],"wp:attachment":[{"href":"https:\/\/redeportivamx.com\/index.php\/wp-json\/wp\/v2\/media?parent=30698"}],"wp:term":[{"taxonomy":"category","embeddable":true,"href":"https:\/\/redeportivamx.com\/index.php\/wp-json\/wp\/v2\/categories?post=30698"},{"taxonomy":"post_tag","embeddable":true,"href":"https:\/\/redeportivamx.com\/index.php\/wp-json\/wp\/v2\/tags?post=30698"}],"curies":[{"name":"wp","href":"https:\/\/api.w.org\/{rel}","templated":true}]}}