{"id":30617,"date":"2023-11-06T20:07:12","date_gmt":"2023-11-06T20:07:12","guid":{"rendered":"https:\/\/redeportivamx.com\/?p=30617"},"modified":"2023-11-07T04:43:54","modified_gmt":"2023-11-07T04:43:54","slug":"america-cerca-de-hacer-historia","status":"publish","type":"post","link":"https:\/\/redeportivamx.com\/index.php\/2023\/11\/06\/america-cerca-de-hacer-historia\/","title":{"rendered":"Am\u00e9rica cerca de hacer historia"},"content":{"rendered":"\n<h2 class=\"wp-block-heading\">Am\u00e9rica podr\u00eda romper r\u00e9cord de puntos ante Tigres<\/h2>\n\n\n\n<p class=\"wp-block-paragraph\">En la \u00faltima jornada de la <a href=\"https:\/\/redeportivamx.com\/index.php\/category\/liga-bbva-mx\/\" target=\"_blank\" rel=\"noopener\" title=\"Liga MX\">Liga MX<\/a>. <strong>Am\u00e9rica podr\u00eda romper un r\u00e9cord hist\u00f3rico de puntos<\/strong> en la historia de los torneos cortos.<\/p>\n\n\n\n<figure class=\"wp-block-image size-large\"><img fetchpriority=\"high\" decoding=\"async\" width=\"2000\" height=\"1600\" src=\"https:\/\/redeportivamx.com\/wp-content\/uploads\/2023\/11\/2_20231106_133156_0001.png\" alt=\"\" class=\"wp-image-30615\" srcset=\"https:\/\/redeportivamx.com\/wp-content\/uploads\/2023\/11\/2_20231106_133156_0001.png 2000w, https:\/\/redeportivamx.com\/wp-content\/uploads\/2023\/11\/2_20231106_133156_0001-300x240.png 300w, https:\/\/redeportivamx.com\/wp-content\/uploads\/2023\/11\/2_20231106_133156_0001-1024x819.png 1024w, https:\/\/redeportivamx.com\/wp-content\/uploads\/2023\/11\/2_20231106_133156_0001-768x614.png 768w, https:\/\/redeportivamx.com\/wp-content\/uploads\/2023\/11\/2_20231106_133156_0001-1536x1229.png 1536w\" sizes=\"(max-width: 2000px) 100vw, 2000px\" \/><figcaption class=\"wp-element-caption\">Foto: <em><a href=\"https:\/\/x.com\/ClubAmerica?t=Hb7kG0QPeehA7cOcGQu2kA&amp;s=09\" target=\"_blank\" rel=\"noreferrer noopener\">@Club Am\u00e9rica<\/a><\/em> en X<\/figcaption><\/figure>\n\n\n\n<p class=\"wp-block-paragraph\">Tras <a href=\"https:\/\/redeportivamx.com\/index.php\/2023\/11\/05\/america-golea-a-xolos-en-el-azteca\/\" target=\"_blank\" rel=\"noopener\" title=\"vencer este fin de semana a Xolos de Tijuana\">vencer este fin de semana a Xolos de Tijuana<\/a>. <strong>Am\u00e9rica lleg\u00f3 a 39 puntos<\/strong> y a solo una jornada para concluir la temporada regular. Las \u00e1guilas se encuentra al borde de hacer historia. <\/p>\n\n\n\n<p class=\"wp-block-paragraph\">El conjunto de Coapa tiene la oportunidad de <strong>alcanzar los 42 puntos ante Tigres<\/strong>. Superando as\u00ed un r\u00e9cord hist\u00f3rico en la era de los torneos cortos. Hasta la fecha, el r\u00e9cord de la mayor cantidad de puntos obtenidos en una fase regular l<strong>o poseen Le\u00f3n y Cruz Azul<\/strong>, ambos con <strong>41 puntos.<\/strong><\/p>\n","protected":false},"excerpt":{"rendered":"<p>Am\u00e9rica podr\u00eda romper r\u00e9cord de puntos ante Tigres En la \u00faltima jornada de la Liga MX. Am\u00e9rica podr\u00eda romper un r\u00e9cord hist\u00f3rico de puntos en la historia de los torneos cortos. Tras vencer este fin de semana a Xolos de Tijuana. Am\u00e9rica lleg\u00f3 a 39 puntos y a solo una jornada para concluir la temporada [&hellip;]<\/p>\n","protected":false},"author":12,"featured_media":30616,"comment_status":"open","ping_status":"open","sticky":false,"template":"","format":"standard","meta":{"_monsterinsights_skip_tracking":false,"_jetpack_newsletter_access":"","_jetpack_dont_email_post_to_subs":false,"_jetpack_newsletter_tier_id":0,"_jetpack_memberships_contains_paywalled_content":false,"_jetpack_feature_clip_id":0,"_jetpack_memberships_contains_paid_content":false,"footnotes":"","jetpack_post_was_ever_published":false},"categories":[10],"tags":[],"class_list":["post-30617","post","type-post","status-publish","format-standard","has-post-thumbnail","hentry","category-liga-bbva-mx"],"aioseo_notices":[],"aioseo_head":"\n\t\t<!-- All in One SEO 5.0.1.1 - aioseo.com -->\n\t<meta name=\"description\" content=\"En la \u00faltima jornada de la Liga MX, Am\u00e9rica podr\u00eda romper el r\u00e9cord hist\u00f3rico de puntos en la historia de los torneos cortos desde su creaci\u00f3n en 1996.\" \/>\n\t<meta name=\"robots\" content=\"max-image-preview:large\" \/>\n\t<meta name=\"author\" content=\"\u00c1ngel Cortez\"\/>\n\t<link rel=\"canonical\" href=\"https:\/\/redeportivamx.com\/index.php\/2023\/11\/06\/america-cerca-de-hacer-historia\/\" \/>\n\t<meta name=\"generator\" content=\"All in One SEO (AIOSEO) 5.0.1.1\" \/>\n\t\t<meta property=\"og:locale\" content=\"es_MX\" \/>\n\t\t<meta property=\"og:site_name\" content=\"Redeportiva MX - \u00a1Conectando tu pasi\u00f3n!\" \/>\n\t\t<meta property=\"og:type\" content=\"sport\" \/>\n\t\t<meta property=\"og:title\" content=\"Am\u00e9rica cerca de hacer historia - Redeportiva MX\" \/>\n\t\t<meta property=\"og:description\" content=\"En la \u00faltima jornada de la Liga MX, Am\u00e9rica podr\u00eda romper el r\u00e9cord hist\u00f3rico de puntos en la historia de los torneos cortos desde su creaci\u00f3n en 1996.\" \/>\n\t\t<meta property=\"og:url\" content=\"https:\/\/redeportivamx.com\/index.php\/2023\/11\/06\/america-cerca-de-hacer-historia\/\" \/>\n\t\t<meta property=\"og:image\" content=\"https:\/\/redeportivamx.com\/wp-content\/uploads\/2023\/11\/Imagenes_20231106_133551_0000.png\" \/>\n\t\t<meta property=\"og:image:secure_url\" content=\"https:\/\/redeportivamx.com\/wp-content\/uploads\/2023\/11\/Imagenes_20231106_133551_0000.png\" \/>\n\t\t<meta property=\"og:image:width\" content=\"2000\" \/>\n\t\t<meta property=\"og:image:height\" content=\"1600\" \/>\n\t\t<meta name=\"twitter:card\" content=\"summary_large_image\" \/>\n\t\t<meta name=\"twitter:site\" content=\"@Redeportivamx\" \/>\n\t\t<meta name=\"twitter:title\" content=\"Am\u00e9rica cerca de hacer historia - Redeportiva MX\" \/>\n\t\t<meta name=\"twitter:description\" content=\"En la \u00faltima jornada de la Liga MX, Am\u00e9rica podr\u00eda romper el r\u00e9cord hist\u00f3rico de puntos en la historia de los torneos cortos desde su creaci\u00f3n en 1996.\" \/>\n\t\t<meta name=\"twitter:creator\" content=\"@Redeportivamx\" \/>\n\t\t<meta name=\"twitter:image\" content=\"https:\/\/redeportivamx.com\/wp-content\/uploads\/2023\/11\/Imagenes_20231106_133551_0000.png\" \/>\n\t\t<script type=\"application\/ld+json\" class=\"aioseo-schema\">\n\t\t\t{\"@context\":\"https:\\\/\\\/schema.org\",\"@graph\":[{\"@type\":\"BlogPosting\",\"@id\":\"https:\\\/\\\/redeportivamx.com\\\/index.php\\\/2023\\\/11\\\/06\\\/america-cerca-de-hacer-historia\\\/#blogposting\",\"name\":\"Am\\u00e9rica cerca de hacer historia - Redeportiva MX\",\"headline\":\"Am\\u00e9rica cerca de hacer historia\",\"author\":{\"@id\":\"https:\\\/\\\/redeportivamx.com\\\/index.php\\\/author\\\/angel-cortez\\\/#author\"},\"publisher\":{\"@id\":\"https:\\\/\\\/redeportivamx.com\\\/#organization\"},\"image\":{\"@type\":\"ImageObject\",\"url\":\"https:\\\/\\\/redeportivamx.com\\\/wp-content\\\/uploads\\\/2023\\\/11\\\/Imagenes_20231106_133551_0000.png\",\"width\":2000,\"height\":1600},\"datePublished\":\"2023-11-06T20:07:12-06:00\",\"dateModified\":\"2023-11-07T04:43:54-06:00\",\"inLanguage\":\"es-MX\",\"mainEntityOfPage\":{\"@id\":\"https:\\\/\\\/redeportivamx.com\\\/index.php\\\/2023\\\/11\\\/06\\\/america-cerca-de-hacer-historia\\\/#webpage\"},\"isPartOf\":{\"@id\":\"https:\\\/\\\/redeportivamx.com\\\/index.php\\\/2023\\\/11\\\/06\\\/america-cerca-de-hacer-historia\\\/#webpage\"},\"articleSection\":\"Liga BBVA MX\"},{\"@type\":\"BreadcrumbList\",\"@id\":\"https:\\\/\\\/redeportivamx.com\\\/index.php\\\/2023\\\/11\\\/06\\\/america-cerca-de-hacer-historia\\\/#breadcrumblist\",\"itemListElement\":[{\"@type\":\"ListItem\",\"@id\":\"https:\\\/\\\/redeportivamx.com#listItem\",\"position\":1,\"name\":\"Home\",\"item\":\"https:\\\/\\\/redeportivamx.com\",\"nextItem\":{\"@type\":\"ListItem\",\"@id\":\"https:\\\/\\\/redeportivamx.com\\\/index.php\\\/category\\\/liga-bbva-mx\\\/#listItem\",\"name\":\"Liga BBVA MX\"}},{\"@type\":\"ListItem\",\"@id\":\"https:\\\/\\\/redeportivamx.com\\\/index.php\\\/category\\\/liga-bbva-mx\\\/#listItem\",\"position\":2,\"name\":\"Liga BBVA MX\",\"item\":\"https:\\\/\\\/redeportivamx.com\\\/index.php\\\/category\\\/liga-bbva-mx\\\/\",\"nextItem\":{\"@type\":\"ListItem\",\"@id\":\"https:\\\/\\\/redeportivamx.com\\\/index.php\\\/2023\\\/11\\\/06\\\/america-cerca-de-hacer-historia\\\/#listItem\",\"name\":\"Am\\u00e9rica cerca de hacer historia\"},\"previousItem\":{\"@type\":\"ListItem\",\"@id\":\"https:\\\/\\\/redeportivamx.com#listItem\",\"name\":\"Home\"}},{\"@type\":\"ListItem\",\"@id\":\"https:\\\/\\\/redeportivamx.com\\\/index.php\\\/2023\\\/11\\\/06\\\/america-cerca-de-hacer-historia\\\/#listItem\",\"position\":3,\"name\":\"Am\\u00e9rica cerca de hacer historia\",\"previousItem\":{\"@type\":\"ListItem\",\"@id\":\"https:\\\/\\\/redeportivamx.com\\\/index.php\\\/category\\\/liga-bbva-mx\\\/#listItem\",\"name\":\"Liga BBVA MX\"}}]},{\"@type\":\"Organization\",\"@id\":\"https:\\\/\\\/redeportivamx.com\\\/#organization\",\"name\":\"redeportivamx.com\",\"description\":\"\\u00a1Conectando tu pasi\\u00f3n!\",\"url\":\"https:\\\/\\\/redeportivamx.com\\\/\",\"sameAs\":[\"https:\\\/\\\/www.facebook.com\\\/profile.php?id=61565592572733\",\"https:\\\/\\\/x.com\\\/Redeportivamx?s=20\",\"https:\\\/\\\/www.instagram.com\\\/redeportivamx\\\/\",\"https:\\\/\\\/www.tiktok.com\\\/@redeportiva.mx\",\"https:\\\/\\\/www.youtube.com\\\/@Redeportiva-MX\"]},{\"@type\":\"Person\",\"@id\":\"https:\\\/\\\/redeportivamx.com\\\/index.php\\\/author\\\/angel-cortez\\\/#author\",\"url\":\"https:\\\/\\\/redeportivamx.com\\\/index.php\\\/author\\\/angel-cortez\\\/\",\"name\":\"\\u00c1ngel Cortez\",\"image\":{\"@type\":\"ImageObject\",\"@id\":\"https:\\\/\\\/redeportivamx.com\\\/index.php\\\/2023\\\/11\\\/06\\\/america-cerca-de-hacer-historia\\\/#authorImage\",\"url\":\"https:\\\/\\\/secure.gravatar.com\\\/avatar\\\/7a2a1ba429e2adbe816e5f8251d8d6c7a28c9d49b7b2b94e7156e4f797ad86d5?s=96&d=mm&r=g\",\"width\":96,\"height\":96,\"caption\":\"\\u00c1ngel Cortez\"}},{\"@type\":\"WebPage\",\"@id\":\"https:\\\/\\\/redeportivamx.com\\\/index.php\\\/2023\\\/11\\\/06\\\/america-cerca-de-hacer-historia\\\/#webpage\",\"url\":\"https:\\\/\\\/redeportivamx.com\\\/index.php\\\/2023\\\/11\\\/06\\\/america-cerca-de-hacer-historia\\\/\",\"name\":\"Am\\u00e9rica cerca de hacer historia - Redeportiva MX\",\"description\":\"En la \\u00faltima jornada de la Liga MX, Am\\u00e9rica podr\\u00eda romper el r\\u00e9cord hist\\u00f3rico de puntos en la historia de los torneos cortos desde su creaci\\u00f3n en 1996.\",\"inLanguage\":\"es-MX\",\"isPartOf\":{\"@id\":\"https:\\\/\\\/redeportivamx.com\\\/#website\"},\"breadcrumb\":{\"@id\":\"https:\\\/\\\/redeportivamx.com\\\/index.php\\\/2023\\\/11\\\/06\\\/america-cerca-de-hacer-historia\\\/#breadcrumblist\"},\"author\":{\"@id\":\"https:\\\/\\\/redeportivamx.com\\\/index.php\\\/author\\\/angel-cortez\\\/#author\"},\"creator\":{\"@id\":\"https:\\\/\\\/redeportivamx.com\\\/index.php\\\/author\\\/angel-cortez\\\/#author\"},\"image\":{\"@type\":\"ImageObject\",\"url\":\"https:\\\/\\\/redeportivamx.com\\\/wp-content\\\/uploads\\\/2023\\\/11\\\/Imagenes_20231106_133551_0000.png\",\"@id\":\"https:\\\/\\\/redeportivamx.com\\\/index.php\\\/2023\\\/11\\\/06\\\/america-cerca-de-hacer-historia\\\/#mainImage\",\"width\":2000,\"height\":1600},\"primaryImageOfPage\":{\"@id\":\"https:\\\/\\\/redeportivamx.com\\\/index.php\\\/2023\\\/11\\\/06\\\/america-cerca-de-hacer-historia\\\/#mainImage\"},\"datePublished\":\"2023-11-06T20:07:12-06:00\",\"dateModified\":\"2023-11-07T04:43:54-06:00\"},{\"@type\":\"WebSite\",\"@id\":\"https:\\\/\\\/redeportivamx.com\\\/#website\",\"url\":\"https:\\\/\\\/redeportivamx.com\\\/\",\"name\":\"redeportivamx.com\",\"description\":\"\\u00a1Conectando tu pasi\\u00f3n!\",\"inLanguage\":\"es-MX\",\"publisher\":{\"@id\":\"https:\\\/\\\/redeportivamx.com\\\/#organization\"}}]}\n\t\t<\/script>\n\t\t<!-- All in One SEO -->\n\n","aioseo_head_json":{"title":"Am\u00e9rica cerca de hacer historia - Redeportiva MX","description":"En la \u00faltima jornada de la Liga MX, Am\u00e9rica podr\u00eda romper el r\u00e9cord hist\u00f3rico de puntos en la historia de los torneos cortos desde su creaci\u00f3n en 1996.","canonical_url":"https:\/\/redeportivamx.com\/index.php\/2023\/11\/06\/america-cerca-de-hacer-historia\/","robots":"max-image-preview:large","keywords":"","webmasterTools":{"miscellaneous":""},"schema":{"@context":"https:\/\/schema.org","@graph":[{"@type":"BlogPosting","@id":"https:\/\/redeportivamx.com\/index.php\/2023\/11\/06\/america-cerca-de-hacer-historia\/#blogposting","name":"Am\u00e9rica cerca de hacer historia - Redeportiva MX","headline":"Am\u00e9rica cerca de hacer historia","author":{"@id":"https:\/\/redeportivamx.com\/index.php\/author\/angel-cortez\/#author"},"publisher":{"@id":"https:\/\/redeportivamx.com\/#organization"},"image":{"@type":"ImageObject","url":"https:\/\/redeportivamx.com\/wp-content\/uploads\/2023\/11\/Imagenes_20231106_133551_0000.png","width":2000,"height":1600},"datePublished":"2023-11-06T20:07:12-06:00","dateModified":"2023-11-07T04:43:54-06:00","inLanguage":"es-MX","mainEntityOfPage":{"@id":"https:\/\/redeportivamx.com\/index.php\/2023\/11\/06\/america-cerca-de-hacer-historia\/#webpage"},"isPartOf":{"@id":"https:\/\/redeportivamx.com\/index.php\/2023\/11\/06\/america-cerca-de-hacer-historia\/#webpage"},"articleSection":"Liga BBVA MX"},{"@type":"BreadcrumbList","@id":"https:\/\/redeportivamx.com\/index.php\/2023\/11\/06\/america-cerca-de-hacer-historia\/#breadcrumblist","itemListElement":[{"@type":"ListItem","@id":"https:\/\/redeportivamx.com#listItem","position":1,"name":"Home","item":"https:\/\/redeportivamx.com","nextItem":{"@type":"ListItem","@id":"https:\/\/redeportivamx.com\/index.php\/category\/liga-bbva-mx\/#listItem","name":"Liga BBVA MX"}},{"@type":"ListItem","@id":"https:\/\/redeportivamx.com\/index.php\/category\/liga-bbva-mx\/#listItem","position":2,"name":"Liga BBVA MX","item":"https:\/\/redeportivamx.com\/index.php\/category\/liga-bbva-mx\/","nextItem":{"@type":"ListItem","@id":"https:\/\/redeportivamx.com\/index.php\/2023\/11\/06\/america-cerca-de-hacer-historia\/#listItem","name":"Am\u00e9rica cerca de hacer historia"},"previousItem":{"@type":"ListItem","@id":"https:\/\/redeportivamx.com#listItem","name":"Home"}},{"@type":"ListItem","@id":"https:\/\/redeportivamx.com\/index.php\/2023\/11\/06\/america-cerca-de-hacer-historia\/#listItem","position":3,"name":"Am\u00e9rica cerca de hacer historia","previousItem":{"@type":"ListItem","@id":"https:\/\/redeportivamx.com\/index.php\/category\/liga-bbva-mx\/#listItem","name":"Liga BBVA MX"}}]},{"@type":"Organization","@id":"https:\/\/redeportivamx.com\/#organization","name":"redeportivamx.com","description":"\u00a1Conectando tu pasi\u00f3n!","url":"https:\/\/redeportivamx.com\/","sameAs":["https:\/\/www.facebook.com\/profile.php?id=61565592572733","https:\/\/x.com\/Redeportivamx?s=20","https:\/\/www.instagram.com\/redeportivamx\/","https:\/\/www.tiktok.com\/@redeportiva.mx","https:\/\/www.youtube.com\/@Redeportiva-MX"]},{"@type":"Person","@id":"https:\/\/redeportivamx.com\/index.php\/author\/angel-cortez\/#author","url":"https:\/\/redeportivamx.com\/index.php\/author\/angel-cortez\/","name":"\u00c1ngel Cortez","image":{"@type":"ImageObject","@id":"https:\/\/redeportivamx.com\/index.php\/2023\/11\/06\/america-cerca-de-hacer-historia\/#authorImage","url":"https:\/\/secure.gravatar.com\/avatar\/7a2a1ba429e2adbe816e5f8251d8d6c7a28c9d49b7b2b94e7156e4f797ad86d5?s=96&d=mm&r=g","width":96,"height":96,"caption":"\u00c1ngel Cortez"}},{"@type":"WebPage","@id":"https:\/\/redeportivamx.com\/index.php\/2023\/11\/06\/america-cerca-de-hacer-historia\/#webpage","url":"https:\/\/redeportivamx.com\/index.php\/2023\/11\/06\/america-cerca-de-hacer-historia\/","name":"Am\u00e9rica cerca de hacer historia - Redeportiva MX","description":"En la \u00faltima jornada de la Liga MX, Am\u00e9rica podr\u00eda romper el r\u00e9cord hist\u00f3rico de puntos en la historia de los torneos cortos desde su creaci\u00f3n en 1996.","inLanguage":"es-MX","isPartOf":{"@id":"https:\/\/redeportivamx.com\/#website"},"breadcrumb":{"@id":"https:\/\/redeportivamx.com\/index.php\/2023\/11\/06\/america-cerca-de-hacer-historia\/#breadcrumblist"},"author":{"@id":"https:\/\/redeportivamx.com\/index.php\/author\/angel-cortez\/#author"},"creator":{"@id":"https:\/\/redeportivamx.com\/index.php\/author\/angel-cortez\/#author"},"image":{"@type":"ImageObject","url":"https:\/\/redeportivamx.com\/wp-content\/uploads\/2023\/11\/Imagenes_20231106_133551_0000.png","@id":"https:\/\/redeportivamx.com\/index.php\/2023\/11\/06\/america-cerca-de-hacer-historia\/#mainImage","width":2000,"height":1600},"primaryImageOfPage":{"@id":"https:\/\/redeportivamx.com\/index.php\/2023\/11\/06\/america-cerca-de-hacer-historia\/#mainImage"},"datePublished":"2023-11-06T20:07:12-06:00","dateModified":"2023-11-07T04:43:54-06:00"},{"@type":"WebSite","@id":"https:\/\/redeportivamx.com\/#website","url":"https:\/\/redeportivamx.com\/","name":"redeportivamx.com","description":"\u00a1Conectando tu pasi\u00f3n!","inLanguage":"es-MX","publisher":{"@id":"https:\/\/redeportivamx.com\/#organization"}}]},"og:locale":"es_MX","og:site_name":"Redeportiva MX - \u00a1Conectando tu pasi\u00f3n!","og:type":"sport","og:title":"Am\u00e9rica cerca de hacer historia - Redeportiva MX","og:description":"En la \u00faltima jornada de la Liga MX, Am\u00e9rica podr\u00eda romper el r\u00e9cord hist\u00f3rico de puntos en la historia de los torneos cortos desde su creaci\u00f3n en 1996.","og:url":"https:\/\/redeportivamx.com\/index.php\/2023\/11\/06\/america-cerca-de-hacer-historia\/","og:image":"https:\/\/redeportivamx.com\/wp-content\/uploads\/2023\/11\/Imagenes_20231106_133551_0000.png","og:image:secure_url":"https:\/\/redeportivamx.com\/wp-content\/uploads\/2023\/11\/Imagenes_20231106_133551_0000.png","og:image:width":2000,"og:image:height":1600,"twitter:card":"summary_large_image","twitter:site":"@Redeportivamx","twitter:title":"Am\u00e9rica cerca de hacer historia - Redeportiva MX","twitter:description":"En la \u00faltima jornada de la Liga MX, Am\u00e9rica podr\u00eda romper el r\u00e9cord hist\u00f3rico de puntos en la historia de los torneos cortos desde su creaci\u00f3n en 1996.","twitter:creator":"@Redeportivamx","twitter:image":"https:\/\/redeportivamx.com\/wp-content\/uploads\/2023\/11\/Imagenes_20231106_133551_0000.png"},"aioseo_meta_data":{"post_id":"30617","title":null,"description":"En la \u00faltima jornada de la Liga MX, Am\u00e9rica podr\u00eda romper el r\u00e9cord hist\u00f3rico de puntos en la historia de los torneos cortos desde su creaci\u00f3n en 1996.","keywords":[],"keyphrases":{"focus":{"keyphrase":"","score":0,"analysis":{"keyphraseInTitle":{"score":0,"maxScore":9,"error":1}}},"additional":[]},"primary_term":null,"canonical_url":null,"og_title":null,"og_description":null,"og_object_type":"default","og_image_type":"default","og_image_url":null,"og_image_width":null,"og_image_height":null,"og_image_custom_url":null,"og_image_custom_fields":null,"og_video":"","og_custom_url":null,"og_article_section":null,"og_article_tags":[],"twitter_use_og":false,"twitter_card":"default","twitter_image_type":"default","twitter_image_url":null,"twitter_image_custom_url":null,"twitter_image_custom_fields":null,"twitter_title":null,"twitter_description":null,"schema":{"blockGraphs":[],"customGraphs":[],"default":{"data":{"Article":[],"Course":[],"Dataset":[],"FAQPage":[],"Movie":[],"Person":[],"Product":[],"ProductReview":[],"Car":[],"Recipe":[],"Service":[],"SoftwareApplication":[],"WebPage":[]},"graphName":"BlogPosting","isEnabled":true},"graphs":[]},"schema_type":"default","schema_type_options":null,"pillar_content":false,"robots_default":true,"robots_noindex":false,"robots_noarchive":false,"robots_nosnippet":false,"robots_nofollow":false,"robots_noimageindex":false,"robots_noodp":false,"robots_notranslate":false,"robots_max_snippet":"-1","robots_max_videopreview":"-1","robots_max_imagepreview":"large","priority":null,"frequency":"default","local_seo":null,"breadcrumb_settings":null,"limit_modified_date":false,"ai":null,"created":"2023-11-07 04:43:54","updated":"2025-06-04 14:48:00","seo_analyzer_scan_date":null,"focus_keyword":null,"additional_keywords":null,"truseo_locale":null},"aioseo_breadcrumb":"<div class=\"aioseo-breadcrumbs\"><span class=\"aioseo-breadcrumb\">\n\t\t\t<a href=\"https:\/\/redeportivamx.com\" title=\"Home\">Home<\/a>\n\t\t<\/span><span class=\"aioseo-breadcrumb-separator\">&raquo;<\/span><span class=\"aioseo-breadcrumb\">\n\t\t\t<a href=\"https:\/\/redeportivamx.com\/index.php\/category\/liga-bbva-mx\/\" title=\"Liga BBVA MX\">Liga BBVA MX<\/a>\n\t\t<\/span><span class=\"aioseo-breadcrumb-separator\">&raquo;<\/span><span class=\"aioseo-breadcrumb\">\n\t\t\tAm\u00e9rica cerca de hacer historia\n\t\t<\/span><\/div>","aioseo_breadcrumb_json":[{"label":"Home","link":"https:\/\/redeportivamx.com"},{"label":"Liga BBVA MX","link":"https:\/\/redeportivamx.com\/index.php\/category\/liga-bbva-mx\/"},{"label":"Am\u00e9rica cerca de hacer historia","link":"https:\/\/redeportivamx.com\/index.php\/2023\/11\/06\/america-cerca-de-hacer-historia\/"}],"jetpack_sharing_enabled":true,"jetpack_featured_media_url":"https:\/\/redeportivamx.com\/wp-content\/uploads\/2023\/11\/Imagenes_20231106_133551_0000.png","_links":{"self":[{"href":"https:\/\/redeportivamx.com\/index.php\/wp-json\/wp\/v2\/posts\/30617","targetHints":{"allow":["GET"]}}],"collection":[{"href":"https:\/\/redeportivamx.com\/index.php\/wp-json\/wp\/v2\/posts"}],"about":[{"href":"https:\/\/redeportivamx.com\/index.php\/wp-json\/wp\/v2\/types\/post"}],"author":[{"embeddable":true,"href":"https:\/\/redeportivamx.com\/index.php\/wp-json\/wp\/v2\/users\/12"}],"replies":[{"embeddable":true,"href":"https:\/\/redeportivamx.com\/index.php\/wp-json\/wp\/v2\/comments?post=30617"}],"version-history":[{"count":3,"href":"https:\/\/redeportivamx.com\/index.php\/wp-json\/wp\/v2\/posts\/30617\/revisions"}],"predecessor-version":[{"id":30660,"href":"https:\/\/redeportivamx.com\/index.php\/wp-json\/wp\/v2\/posts\/30617\/revisions\/30660"}],"wp:featuredmedia":[{"embeddable":true,"href":"https:\/\/redeportivamx.com\/index.php\/wp-json\/wp\/v2\/media\/30616"}],"wp:attachment":[{"href":"https:\/\/redeportivamx.com\/index.php\/wp-json\/wp\/v2\/media?parent=30617"}],"wp:term":[{"taxonomy":"category","embeddable":true,"href":"https:\/\/redeportivamx.com\/index.php\/wp-json\/wp\/v2\/categories?post=30617"},{"taxonomy":"post_tag","embeddable":true,"href":"https:\/\/redeportivamx.com\/index.php\/wp-json\/wp\/v2\/tags?post=30617"}],"curies":[{"name":"wp","href":"https:\/\/api.w.org\/{rel}","templated":true}]}}