{"id":30525,"date":"2023-11-04T22:40:13","date_gmt":"2023-11-04T22:40:13","guid":{"rendered":"https:\/\/redeportivamx.com\/?p=30525"},"modified":"2023-11-04T22:40:15","modified_gmt":"2023-11-04T22:40:15","slug":"checo-perez-regresa-al-podio-en-brasil","status":"publish","type":"post","link":"https:\/\/redeportivamx.com\/index.php\/2023\/11\/04\/checo-perez-regresa-al-podio-en-brasil\/","title":{"rendered":"Checo P\u00e9rez regresa al podio en Brasil"},"content":{"rendered":"\n<h2 class=\"wp-block-heading\">El piloto mexicano consigui\u00f3 una tercera posici\u00f3n en la carrera sprint de Brasil<\/h2>\n\n\n\n<p>La carrera sprint del <strong>GP de Brasil<\/strong> termin\u00f3 y finalmente <strong>Checo P\u00e9rez<\/strong> consigui\u00f3 regresar a las posiciones de punta. Y es que, el piloto mexicano de <strong><a href=\"https:\/\/www.redbullracing.com\/int-es\" target=\"_blank\" rel=\"noopener\" title=\"\">Red Bull<\/a><\/strong> logr\u00f3 una emocionante <strong>tercera posici\u00f3n<\/strong> en la carrera sprint del <strong>GP Brasil<\/strong>.<\/p>\n\n\n\n<figure class=\"wp-block-embed is-type-rich is-provider-twitter wp-block-embed-twitter\"><div class=\"wp-block-embed__wrapper\">\n<blockquote class=\"twitter-tweet\" data-width=\"550\" data-dnt=\"true\"><p lang=\"en\" dir=\"ltr\">Great fightback <a href=\"https:\/\/twitter.com\/SChecoPerez?ref_src=twsrc%5Etfw\">@SChecoPerez<\/a> \ud83d\udc4f P3 and more valuable points \ud83d\udcaa <a href=\"https:\/\/twitter.com\/hashtag\/F1Sprint?src=hash&amp;ref_src=twsrc%5Etfw\">#F1Sprint<\/a> <a href=\"https:\/\/t.co\/OZ6GzFCBub\">pic.twitter.com\/OZ6GzFCBub<\/a><\/p>&mdash; Oracle Red Bull Racing (@redbullracing) <a href=\"https:\/\/twitter.com\/redbullracing\/status\/1720880752248672442?ref_src=twsrc%5Etfw\">November 4, 2023<\/a><\/blockquote><script async src=\"https:\/\/platform.twitter.com\/widgets.js\" charset=\"utf-8\"><\/script>\n<\/div><\/figure>\n\n\n\n<p>Si bien, la carrera fue dominada por <strong>Max Verstappen<\/strong> y <strong>Lando Norris<\/strong>, el protagonista fue <strong>Checo P\u00e9rez<\/strong>. El piloto mexicano parti\u00f3 desde la <strong>tercera posici\u00f3n<\/strong>; sin embargo, en la salida perdi\u00f3 la posici\u00f3n con <strong>George Russell<\/strong> y <strong>Lewis Hamilton<\/strong>. Afortunadamente, el ritmo de carrera del tapat\u00edo fue considerablemente mejor y consigui\u00f3 recuperar ambas posiciones.<\/p>\n\n\n\n<figure class=\"wp-block-image size-large\"><img fetchpriority=\"high\" decoding=\"async\" width=\"1024\" height=\"576\" src=\"https:\/\/redeportivamx.com\/wp-content\/uploads\/2023\/11\/image-11-1024x576.png\" alt=\"\" class=\"wp-image-30526\" srcset=\"https:\/\/redeportivamx.com\/wp-content\/uploads\/2023\/11\/image-11-1024x576.png 1024w, https:\/\/redeportivamx.com\/wp-content\/uploads\/2023\/11\/image-11-300x169.png 300w, https:\/\/redeportivamx.com\/wp-content\/uploads\/2023\/11\/image-11-768x432.png 768w, https:\/\/redeportivamx.com\/wp-content\/uploads\/2023\/11\/image-11-1536x864.png 1536w, https:\/\/redeportivamx.com\/wp-content\/uploads\/2023\/11\/image-11.png 1920w\" sizes=\"(max-width: 1024px) 100vw, 1024px\" \/><figcaption class=\"wp-element-caption\">From: @F1<\/figcaption><\/figure>\n\n\n\n<p>Con este resultado, <strong>P\u00e9rez sum\u00f3 6 puntos<\/strong> cruciales en su lucha por conseguir el <strong>subcampeonato<\/strong> del mundo. De repetir una actuaci\u00f3n similar para el d\u00eda de la carrera larga (5 de noviembre) podr\u00eda terminar por asegurar su posici\u00f3n en el campeonato de pilotos de la <strong><a href=\"https:\/\/redeportivamx.com\/index.php\/category\/formula-1\/\" target=\"_blank\" rel=\"noopener\" title=\"\">Formula 1<\/a><\/strong>, y con ello su permanencia en <strong>Red Bull<\/strong>.<\/p>\n","protected":false},"excerpt":{"rendered":"<p>El piloto mexicano consigui\u00f3 una tercera posici\u00f3n en la carrera sprint de Brasil La carrera sprint del GP de Brasil termin\u00f3 y finalmente Checo P\u00e9rez consigui\u00f3 regresar a las posiciones de punta. Y es que, el piloto mexicano de Red Bull logr\u00f3 una emocionante tercera posici\u00f3n en la carrera sprint del GP Brasil. Si bien, [&hellip;]<\/p>\n","protected":false},"author":9,"featured_media":27861,"comment_status":"open","ping_status":"open","sticky":false,"template":"","format":"standard","meta":{"_monsterinsights_skip_tracking":false,"_monsterinsights_sitenote_active":false,"_monsterinsights_sitenote_note":"","_monsterinsights_sitenote_category":0,"_jetpack_memberships_contains_paid_content":false,"footnotes":""},"categories":[7],"tags":[45],"class_list":["post-30525","post","type-post","status-publish","format-standard","has-post-thumbnail","hentry","category-formula-1","tag-formula-1"],"aioseo_notices":[],"jetpack_featured_media_url":"https:\/\/redeportivamx.com\/wp-content\/uploads\/2023\/09\/checo-perez-sexto-mejor-pagado.jpg","jetpack_sharing_enabled":true,"_links":{"self":[{"href":"https:\/\/redeportivamx.com\/index.php\/wp-json\/wp\/v2\/posts\/30525","targetHints":{"allow":["GET"]}}],"collection":[{"href":"https:\/\/redeportivamx.com\/index.php\/wp-json\/wp\/v2\/posts"}],"about":[{"href":"https:\/\/redeportivamx.com\/index.php\/wp-json\/wp\/v2\/types\/post"}],"author":[{"embeddable":true,"href":"https:\/\/redeportivamx.com\/index.php\/wp-json\/wp\/v2\/users\/9"}],"replies":[{"embeddable":true,"href":"https:\/\/redeportivamx.com\/index.php\/wp-json\/wp\/v2\/comments?post=30525"}],"version-history":[{"count":1,"href":"https:\/\/redeportivamx.com\/index.php\/wp-json\/wp\/v2\/posts\/30525\/revisions"}],"predecessor-version":[{"id":30527,"href":"https:\/\/redeportivamx.com\/index.php\/wp-json\/wp\/v2\/posts\/30525\/revisions\/30527"}],"wp:featuredmedia":[{"embeddable":true,"href":"https:\/\/redeportivamx.com\/index.php\/wp-json\/wp\/v2\/media\/27861"}],"wp:attachment":[{"href":"https:\/\/redeportivamx.com\/index.php\/wp-json\/wp\/v2\/media?parent=30525"}],"wp:term":[{"taxonomy":"category","embeddable":true,"href":"https:\/\/redeportivamx.com\/index.php\/wp-json\/wp\/v2\/categories?post=30525"},{"taxonomy":"post_tag","embeddable":true,"href":"https:\/\/redeportivamx.com\/index.php\/wp-json\/wp\/v2\/tags?post=30525"}],"curies":[{"name":"wp","href":"https:\/\/api.w.org\/{rel}","templated":true}]}}