{"id":30501,"date":"2023-11-04T19:27:17","date_gmt":"2023-11-04T19:27:17","guid":{"rendered":"https:\/\/redeportivamx.com\/?p=30501"},"modified":"2023-11-04T20:56:18","modified_gmt":"2023-11-04T20:56:18","slug":"checo-supe-a-podio-en-la-carrera-sprint","status":"publish","type":"post","link":"https:\/\/redeportivamx.com\/index.php\/2023\/11\/04\/checo-supe-a-podio-en-la-carrera-sprint\/","title":{"rendered":"Max Verstappen gana la Carrera Sprint"},"content":{"rendered":"\n<h2 class=\"wp-block-heading\">Max Verstappen y &#8220;Checo&#8221; consiguen el podio en la Carrera Sprint<\/h2>\n\n\n\n<p><strong>Max Verstappen gana la carrera Sprint<\/strong> en el <a href=\"https:\/\/redeportivamx.com\/index.php\/category\/formula-1\/\" title=\"Gran Premio de Brasil.\">Gran Premio de Brasil.<\/a> <strong>Norris finaliza en segundo<\/strong> y <strong>&#8220;Checo&#8221; consigue el tercer lugar<\/strong>.<\/p>\n\n\n\n<figure class=\"wp-block-image size-large\"><img fetchpriority=\"high\" decoding=\"async\" width=\"1024\" height=\"819\" src=\"http:\/\/redeportivamx.com\/wp-content\/uploads\/2023\/11\/1-2-1024x819.png\" alt=\"\" class=\"wp-image-30503\" srcset=\"https:\/\/redeportivamx.com\/wp-content\/uploads\/2023\/11\/1-2-1024x819.png 1024w, https:\/\/redeportivamx.com\/wp-content\/uploads\/2023\/11\/1-2-300x240.png 300w, https:\/\/redeportivamx.com\/wp-content\/uploads\/2023\/11\/1-2-768x614.png 768w, https:\/\/redeportivamx.com\/wp-content\/uploads\/2023\/11\/1-2-1536x1229.png 1536w, https:\/\/redeportivamx.com\/wp-content\/uploads\/2023\/11\/1-2.png 2000w\" sizes=\"(max-width: 1024px) 100vw, 1024px\" \/><figcaption class=\"wp-element-caption\"><em>Sergio P\u00e9rez en Carrera Sprint<\/em> Imagen: <em><a href=\"https:\/\/twitter.com\/redbullracing\" target=\"_blank\" rel=\"noopener\" title=\"Oracle Red Bull Racing\">Oracle Red Bull Racing<\/a> <\/em>en X<\/figcaption><\/figure>\n\n\n\n<p>Las luces verdes se apagaron en el Aut\u00f3dromo Jos\u00e9 Carlos Pase, en Brasil. <strong>Max Verstappen<\/strong> (Red Bull) <strong>tuvo un buen arranque<\/strong> y logr\u00f3 superar a Norris (McLaren). Por su parte, <strong>&#8220;Checo&#8221; tuvo un inicio lento<\/strong> y <strong>fue superado por ambos pilotos de Mercedes<\/strong> apenas en la vuelta 1.<\/p>\n\n\n\n<p>Momentos m\u00e1s tarde. <strong>P\u00e9rez mejorar\u00eda su ritmo<\/strong> y lograr\u00eda <strong>superar a Hamilton en la vuelta 4<\/strong> y a <strong>Russell en el d\u00e9cimo giro<\/strong>. Afianz\u00e1ndose <strong>en el tercer puesto<\/strong> volviendo al podio.<\/p>\n\n\n\n<p>Pese al buen inicio de Lewis Hamilton, su ritmo fue bajando en el transcurso de la carrera, cayendo hasta la octava posici\u00f3n.<\/p>\n\n\n\n<p>Con este resultado. <strong>Sergio P\u00e9rez llega a los 246 puntos<\/strong> y se <strong>separa 24 puntos<\/strong> <strong>de Hamilton<\/strong> en la pelea por el <strong>subcampeonato<\/strong>.<\/p>\n\n\n\n<figure class=\"wp-block-embed is-type-rich is-provider-twitter wp-block-embed-twitter\"><div class=\"wp-block-embed__wrapper\">\n<blockquote class=\"twitter-tweet\" data-width=\"550\" data-dnt=\"true\"><p lang=\"en\" dir=\"ltr\">SPRINT POINTS<br><br>Every one of our points-scorers moved around during that race! A fabulous final Sprint of the season \ud83d\ude0d<a href=\"https:\/\/twitter.com\/hashtag\/BrazilGP?src=hash&amp;ref_src=twsrc%5Etfw\">#BrazilGP<\/a> <a href=\"https:\/\/twitter.com\/hashtag\/F1Sprint?src=hash&amp;ref_src=twsrc%5Etfw\">#F1Sprint<\/a> <a href=\"https:\/\/t.co\/h0Y7SEeEHx\">pic.twitter.com\/h0Y7SEeEHx<\/a><\/p>&mdash; Formula 1 (@F1) <a href=\"https:\/\/twitter.com\/F1\/status\/1720881479402860733?ref_src=twsrc%5Etfw\">November 4, 2023<\/a><\/blockquote><script async src=\"https:\/\/platform.twitter.com\/widgets.js\" charset=\"utf-8\"><\/script>\n<\/div><\/figure>\n","protected":false},"excerpt":{"rendered":"<p>Max Verstappen y &#8220;Checo&#8221; consiguen el podio en la Carrera Sprint Max Verstappen gana la carrera Sprint en el Gran Premio de Brasil. Norris finaliza en segundo y &#8220;Checo&#8221; consigue el tercer lugar. Las luces verdes se apagaron en el Aut\u00f3dromo Jos\u00e9 Carlos Pase, en Brasil. Max Verstappen (Red Bull) tuvo un buen arranque y [&hellip;]<\/p>\n","protected":false},"author":12,"featured_media":30504,"comment_status":"open","ping_status":"open","sticky":false,"template":"","format":"standard","meta":{"_monsterinsights_skip_tracking":false,"_monsterinsights_sitenote_active":false,"_monsterinsights_sitenote_note":"","_monsterinsights_sitenote_category":0,"_jetpack_memberships_contains_paid_content":false,"footnotes":""},"categories":[1],"tags":[],"class_list":["post-30501","post","type-post","status-publish","format-standard","has-post-thumbnail","hentry","category-blog"],"aioseo_notices":[],"jetpack_featured_media_url":"https:\/\/redeportivamx.com\/wp-content\/uploads\/2023\/11\/Imagenes-6.png","jetpack_sharing_enabled":true,"_links":{"self":[{"href":"https:\/\/redeportivamx.com\/index.php\/wp-json\/wp\/v2\/posts\/30501","targetHints":{"allow":["GET"]}}],"collection":[{"href":"https:\/\/redeportivamx.com\/index.php\/wp-json\/wp\/v2\/posts"}],"about":[{"href":"https:\/\/redeportivamx.com\/index.php\/wp-json\/wp\/v2\/types\/post"}],"author":[{"embeddable":true,"href":"https:\/\/redeportivamx.com\/index.php\/wp-json\/wp\/v2\/users\/12"}],"replies":[{"embeddable":true,"href":"https:\/\/redeportivamx.com\/index.php\/wp-json\/wp\/v2\/comments?post=30501"}],"version-history":[{"count":5,"href":"https:\/\/redeportivamx.com\/index.php\/wp-json\/wp\/v2\/posts\/30501\/revisions"}],"predecessor-version":[{"id":30512,"href":"https:\/\/redeportivamx.com\/index.php\/wp-json\/wp\/v2\/posts\/30501\/revisions\/30512"}],"wp:featuredmedia":[{"embeddable":true,"href":"https:\/\/redeportivamx.com\/index.php\/wp-json\/wp\/v2\/media\/30504"}],"wp:attachment":[{"href":"https:\/\/redeportivamx.com\/index.php\/wp-json\/wp\/v2\/media?parent=30501"}],"wp:term":[{"taxonomy":"category","embeddable":true,"href":"https:\/\/redeportivamx.com\/index.php\/wp-json\/wp\/v2\/categories?post=30501"},{"taxonomy":"post_tag","embeddable":true,"href":"https:\/\/redeportivamx.com\/index.php\/wp-json\/wp\/v2\/tags?post=30501"}],"curies":[{"name":"wp","href":"https:\/\/api.w.org\/{rel}","templated":true}]}}