{"id":30455,"date":"2023-11-04T03:53:55","date_gmt":"2023-11-04T03:53:55","guid":{"rendered":"https:\/\/redeportivamx.com\/?p=30455"},"modified":"2023-11-04T03:53:57","modified_gmt":"2023-11-04T03:53:57","slug":"el-gp-de-brasil-se-mantiene-hasta-2030","status":"publish","type":"post","link":"https:\/\/redeportivamx.com\/index.php\/2023\/11\/04\/el-gp-de-brasil-se-mantiene-hasta-2030\/","title":{"rendered":"El GP de Brasil se mantiene hasta 2030"},"content":{"rendered":"\n<h2 class=\"wp-block-heading\">La Formula 1 confirm\u00f3 que el GP de Brasil se mantendr\u00e1 en el calendario hasta la temporada 2030<\/h2>\n\n\n\n<p>Uno de los circuitos favoritos de los fan\u00e1ticos de la <strong><a href=\"https:\/\/redeportivamx.com\/index.php\/category\/formula-1\/\" target=\"_blank\" rel=\"noopener\" title=\"\">Formula 1<\/a><\/strong> es el\u00a0<strong>Aut\u00f3dromo Jos\u00e9 Carlos Pace<\/strong>, sede del <strong>GP de Brasil<\/strong>. Y, para su alegr\u00eda, la <strong>F1<\/strong> ha confirmado que este evento seguir\u00e1 en el calendario <strong>hasta el a\u00f1o 2030<\/strong>. Esto se da tras una importante negociaci\u00f3n entre los organizadores del evento y las autoridades de la m\u00e1xima categor\u00eda.<\/p>\n\n\n\n<figure class=\"wp-block-embed is-type-rich is-provider-twitter wp-block-embed-twitter\"><div class=\"wp-block-embed__wrapper\">\n<blockquote class=\"twitter-tweet\" data-width=\"550\" data-dnt=\"true\"><p lang=\"en\" dir=\"ltr\">BREAKING: Formula 1 has today announced that the S\u00e3o Paulo Grand Prix will remain on the F1 calendar until 2030 inclusive following a five-year extension!<a href=\"https:\/\/twitter.com\/hashtag\/F1?src=hash&amp;ref_src=twsrc%5Etfw\">#F1<\/a> <a href=\"https:\/\/twitter.com\/hashtag\/BrazilGP?src=hash&amp;ref_src=twsrc%5Etfw\">#BrazilGP<\/a> <a href=\"https:\/\/t.co\/QOP1lkR1nq\">pic.twitter.com\/QOP1lkR1nq<\/a><\/p>&mdash; Formula 1 (@F1) <a href=\"https:\/\/twitter.com\/F1\/status\/1720426210046439510?ref_src=twsrc%5Etfw\">November 3, 2023<\/a><\/blockquote><script async src=\"https:\/\/platform.twitter.com\/widgets.js\" charset=\"utf-8\"><\/script>\n<\/div><\/figure>\n\n\n\n<p>El CEO de la <strong><a href=\"https:\/\/www.formula1.com\/\" target=\"_blank\" rel=\"noopener\" title=\"\">Formula 1<\/a><\/strong>, <strong>Stefano Domenicali<\/strong>, se mostr\u00f3 encantado con el acuerdo. Destac\u00f3 el rico patrimonio automovil\u00edstico de Brasil, as\u00ed como el <strong>car\u00e1cter emblem\u00e1tico del circuito<\/strong> de Interlagos. Tambi\u00e9n expres\u00f3 su deseo de ver c\u00f3mo evoluciona el evento en los pr\u00f3ximos a\u00f1os para crear una experiencia a\u00fan mejor.<\/p>\n\n\n\n<figure class=\"wp-block-image size-large\"><img fetchpriority=\"high\" decoding=\"async\" width=\"819\" height=\"1024\" src=\"https:\/\/redeportivamx.com\/wp-content\/uploads\/2023\/11\/image-7-819x1024.png\" alt=\"\" class=\"wp-image-30461\" srcset=\"https:\/\/redeportivamx.com\/wp-content\/uploads\/2023\/11\/image-7-819x1024.png 819w, https:\/\/redeportivamx.com\/wp-content\/uploads\/2023\/11\/image-7-240x300.png 240w, https:\/\/redeportivamx.com\/wp-content\/uploads\/2023\/11\/image-7-768x960.png 768w, https:\/\/redeportivamx.com\/wp-content\/uploads\/2023\/11\/image-7.png 960w\" sizes=\"(max-width: 819px) 100vw, 819px\" \/><figcaption class=\"wp-element-caption\">From: <a href=\"https:\/\/twitter.com\/ScuderiaFerrari\">@ScuderiaFerrari<\/a><\/figcaption><\/figure>\n\n\n\n<p>La renovaci\u00f3n del <strong>GP de Brasil<\/strong> se suma a las recientes confirmaciones de otros eventos como <strong>Miami o Singapur<\/strong>. Asimismo, se une a los eventos del medio oriente como el <strong>GP de Arabia Saudita<\/strong> o el <strong>GP de Abu Dhabi<\/strong>, como sede confirmada para m\u00e1s all\u00e1 de 2030.<\/p>\n","protected":false},"excerpt":{"rendered":"<p>La Formula 1 confirm\u00f3 que el GP de Brasil se mantendr\u00e1 en el calendario hasta la temporada 2030 Uno de los circuitos favoritos de los fan\u00e1ticos de la Formula 1 es el\u00a0Aut\u00f3dromo Jos\u00e9 Carlos Pace, sede del GP de Brasil. Y, para su alegr\u00eda, la F1 ha confirmado que este evento seguir\u00e1 en el calendario [&hellip;]<\/p>\n","protected":false},"author":9,"featured_media":30462,"comment_status":"open","ping_status":"open","sticky":false,"template":"","format":"standard","meta":{"_monsterinsights_skip_tracking":false,"_monsterinsights_sitenote_active":false,"_monsterinsights_sitenote_note":"","_monsterinsights_sitenote_category":0,"_jetpack_memberships_contains_paid_content":false,"footnotes":""},"categories":[7],"tags":[45],"class_list":["post-30455","post","type-post","status-publish","format-standard","has-post-thumbnail","hentry","category-formula-1","tag-formula-1"],"aioseo_notices":[],"jetpack_featured_media_url":"https:\/\/redeportivamx.com\/wp-content\/uploads\/2023\/11\/image-8.png","jetpack_sharing_enabled":true,"_links":{"self":[{"href":"https:\/\/redeportivamx.com\/index.php\/wp-json\/wp\/v2\/posts\/30455","targetHints":{"allow":["GET"]}}],"collection":[{"href":"https:\/\/redeportivamx.com\/index.php\/wp-json\/wp\/v2\/posts"}],"about":[{"href":"https:\/\/redeportivamx.com\/index.php\/wp-json\/wp\/v2\/types\/post"}],"author":[{"embeddable":true,"href":"https:\/\/redeportivamx.com\/index.php\/wp-json\/wp\/v2\/users\/9"}],"replies":[{"embeddable":true,"href":"https:\/\/redeportivamx.com\/index.php\/wp-json\/wp\/v2\/comments?post=30455"}],"version-history":[{"count":1,"href":"https:\/\/redeportivamx.com\/index.php\/wp-json\/wp\/v2\/posts\/30455\/revisions"}],"predecessor-version":[{"id":30463,"href":"https:\/\/redeportivamx.com\/index.php\/wp-json\/wp\/v2\/posts\/30455\/revisions\/30463"}],"wp:featuredmedia":[{"embeddable":true,"href":"https:\/\/redeportivamx.com\/index.php\/wp-json\/wp\/v2\/media\/30462"}],"wp:attachment":[{"href":"https:\/\/redeportivamx.com\/index.php\/wp-json\/wp\/v2\/media?parent=30455"}],"wp:term":[{"taxonomy":"category","embeddable":true,"href":"https:\/\/redeportivamx.com\/index.php\/wp-json\/wp\/v2\/categories?post=30455"},{"taxonomy":"post_tag","embeddable":true,"href":"https:\/\/redeportivamx.com\/index.php\/wp-json\/wp\/v2\/tags?post=30455"}],"curies":[{"name":"wp","href":"https:\/\/api.w.org\/{rel}","templated":true}]}}