{"id":30431,"date":"2023-11-03T18:23:53","date_gmt":"2023-11-03T18:23:53","guid":{"rendered":"https:\/\/redeportivamx.com\/?p=30431"},"modified":"2023-11-03T18:25:14","modified_gmt":"2023-11-03T18:25:14","slug":"ferrari-domina-en-la-practica-1-de-brasil","status":"publish","type":"post","link":"https:\/\/redeportivamx.com\/index.php\/2023\/11\/03\/ferrari-domina-en-la-practica-1-de-brasil\/","title":{"rendered":"Ferrari domina en la Pr\u00e1ctica 1 de Brasil"},"content":{"rendered":"\n<h2 class=\"wp-block-heading\">Ferrari lidera y Red Bull al fondo en la Pr\u00e1ctica 1<\/h2>\n\n\n\n<p>La escuder\u00eda <strong>Ferrari coloc\u00f3 ambos monoplazas en Primer y Segundo lugar<\/strong> en la Pr\u00e1ctica Libre 1 del <a href=\"https:\/\/redeportivamx.com\/index.php\/2023\/11\/03\/cuando-verstappen-se-nego-a-ayudar-a-checo-en-brasil\/\" target=\"_blank\" rel=\"noopener\" title=\"Gran Premio de Brasil\">Gran Premio de Brasil<\/a>. <\/p>\n\n\n\n<figure class=\"wp-block-image size-large\"><img fetchpriority=\"high\" decoding=\"async\" width=\"1024\" height=\"819\" src=\"https:\/\/redeportivamx.com\/wp-content\/uploads\/2023\/11\/2-1024x819.png\" alt=\"\" class=\"wp-image-30434\" srcset=\"https:\/\/redeportivamx.com\/wp-content\/uploads\/2023\/11\/2-1024x819.png 1024w, https:\/\/redeportivamx.com\/wp-content\/uploads\/2023\/11\/2-300x240.png 300w, https:\/\/redeportivamx.com\/wp-content\/uploads\/2023\/11\/2-768x614.png 768w, https:\/\/redeportivamx.com\/wp-content\/uploads\/2023\/11\/2-1536x1229.png 1536w, https:\/\/redeportivamx.com\/wp-content\/uploads\/2023\/11\/2.png 2000w\" sizes=\"(max-width: 1024px) 100vw, 1024px\" \/><figcaption class=\"wp-element-caption\">Imagen: <em><a href=\"https:\/\/twitter.com\/F1\" target=\"_blank\" rel=\"noopener\" title=\"Formula 1 en X\">Formula 1 en X<\/a><\/em><\/figcaption><\/figure>\n\n\n\n<p><strong>Carlos Sainz marc\u00f3 el tiempo de vuelta m\u00e1s r\u00e1pida<\/strong> de la sesi\u00f3n con <strong>1:11.732.<\/strong> Seguido de <strong>Charles Leclerc<\/strong> con una diferencia de <strong>+0.108 mil\u00e9simas<\/strong> de segundo. <strong>El tercer lugar<\/strong> lo complet\u00f3 el piloto de Mercedes, <strong>George Russell<\/strong> con <strong>+0.133<\/strong> respecto a Sainz.<\/p>\n\n\n\n<h2 class=\"wp-block-heading\">Red Bull al fondo<\/h2>\n\n\n\n<p>La sorpresa del d\u00eda fue ver a<strong> ambos Red Bull en los \u00faltimos lugares de la tabla<\/strong>. <strong>Verstappen<\/strong> termin\u00f3 en <strong>d\u00e9cimo sexto<\/strong> y P\u00e9rez concluy\u00f3 d\u00e9cimo octavo, ambos con <strong>m\u00e1s de un segundo de diferencia<\/strong> respecto a Carlos Sainz. Ambos <strong>rodaron solo con llantas duras<\/strong>, esto para conservar sus juegos de llantas para la clasificaci\u00f3n.<\/p>\n","protected":false},"excerpt":{"rendered":"<p>Ferrari lidera y Red Bull al fondo en la Pr\u00e1ctica 1 La escuder\u00eda Ferrari coloc\u00f3 ambos monoplazas en Primer y Segundo lugar en la Pr\u00e1ctica Libre 1 del Gran Premio de Brasil. Carlos Sainz marc\u00f3 el tiempo de vuelta m\u00e1s r\u00e1pida de la sesi\u00f3n con 1:11.732. Seguido de Charles Leclerc con una diferencia de +0.108 [&hellip;]<\/p>\n","protected":false},"author":12,"featured_media":30433,"comment_status":"open","ping_status":"open","sticky":false,"template":"","format":"standard","meta":{"_monsterinsights_skip_tracking":false,"_monsterinsights_sitenote_active":false,"_monsterinsights_sitenote_note":"","_monsterinsights_sitenote_category":0,"_jetpack_memberships_contains_paid_content":false,"footnotes":""},"categories":[7],"tags":[],"class_list":["post-30431","post","type-post","status-publish","format-standard","has-post-thumbnail","hentry","category-formula-1"],"aioseo_notices":[],"jetpack_featured_media_url":"https:\/\/redeportivamx.com\/wp-content\/uploads\/2023\/11\/1.png","jetpack_sharing_enabled":true,"_links":{"self":[{"href":"https:\/\/redeportivamx.com\/index.php\/wp-json\/wp\/v2\/posts\/30431","targetHints":{"allow":["GET"]}}],"collection":[{"href":"https:\/\/redeportivamx.com\/index.php\/wp-json\/wp\/v2\/posts"}],"about":[{"href":"https:\/\/redeportivamx.com\/index.php\/wp-json\/wp\/v2\/types\/post"}],"author":[{"embeddable":true,"href":"https:\/\/redeportivamx.com\/index.php\/wp-json\/wp\/v2\/users\/12"}],"replies":[{"embeddable":true,"href":"https:\/\/redeportivamx.com\/index.php\/wp-json\/wp\/v2\/comments?post=30431"}],"version-history":[{"count":2,"href":"https:\/\/redeportivamx.com\/index.php\/wp-json\/wp\/v2\/posts\/30431\/revisions"}],"predecessor-version":[{"id":30436,"href":"https:\/\/redeportivamx.com\/index.php\/wp-json\/wp\/v2\/posts\/30431\/revisions\/30436"}],"wp:featuredmedia":[{"embeddable":true,"href":"https:\/\/redeportivamx.com\/index.php\/wp-json\/wp\/v2\/media\/30433"}],"wp:attachment":[{"href":"https:\/\/redeportivamx.com\/index.php\/wp-json\/wp\/v2\/media?parent=30431"}],"wp:term":[{"taxonomy":"category","embeddable":true,"href":"https:\/\/redeportivamx.com\/index.php\/wp-json\/wp\/v2\/categories?post=30431"},{"taxonomy":"post_tag","embeddable":true,"href":"https:\/\/redeportivamx.com\/index.php\/wp-json\/wp\/v2\/tags?post=30431"}],"curies":[{"name":"wp","href":"https:\/\/api.w.org\/{rel}","templated":true}]}}