{"id":30419,"date":"2023-11-03T07:12:00","date_gmt":"2023-11-03T07:12:00","guid":{"rendered":"https:\/\/redeportivamx.com\/?p=30419"},"modified":"2023-11-03T07:12:02","modified_gmt":"2023-11-03T07:12:02","slug":"cuando-verstappen-se-nego-a-ayudar-a-checo-en-brasil","status":"publish","type":"post","link":"https:\/\/redeportivamx.com\/index.php\/2023\/11\/03\/cuando-verstappen-se-nego-a-ayudar-a-checo-en-brasil\/","title":{"rendered":"Cuando Verstappen se neg\u00f3 a ayudar a Checo en Brasil"},"content":{"rendered":"\n<h2 class=\"wp-block-heading\">Max Verstappen y su negativa a apoyar a su compa\u00f1ero de equipo<\/h2>\n\n\n\n<p>El pasado <strong>13 de noviembre de 2022<\/strong> se vivi\u00f3 una de las situaciones m\u00e1s tensas entre los pilotos de <strong><a href=\"https:\/\/www.redbullracing.com\/int-es\" target=\"_blank\" rel=\"noopener\" title=\"\">Red Bull Racing<\/a><\/strong>. <strong>Max Verstappen<\/strong>, que ya hab\u00eda asegurado el bicampeonato de <strong><a href=\"https:\/\/redeportivamx.com\/index.php\/category\/formula-1\/\" target=\"_blank\" rel=\"noopener\" title=\"\">Formula 1<\/a><\/strong>, se neg\u00f3 a cederle la sexta posici\u00f3n a <strong>Checo P\u00e9rez<\/strong>, que buscaba el subcampeonato ante <strong>Charles Leclerc<\/strong>.<\/p>\n\n\n\n<figure class=\"wp-block-image size-large\"><img fetchpriority=\"high\" decoding=\"async\" width=\"1024\" height=\"521\" src=\"https:\/\/redeportivamx.com\/wp-content\/uploads\/2023\/11\/image-3-1024x521.png\" alt=\"\" class=\"wp-image-30420\" srcset=\"https:\/\/redeportivamx.com\/wp-content\/uploads\/2023\/11\/image-3-1024x521.png 1024w, https:\/\/redeportivamx.com\/wp-content\/uploads\/2023\/11\/image-3-300x153.png 300w, https:\/\/redeportivamx.com\/wp-content\/uploads\/2023\/11\/image-3-768x390.png 768w, https:\/\/redeportivamx.com\/wp-content\/uploads\/2023\/11\/image-3.png 1200w\" sizes=\"(max-width: 1024px) 100vw, 1024px\" \/><\/figure>\n\n\n\n<p>La negativa de <strong>Verstappen<\/strong> caus\u00f3 sorpresa y desconcierto, ya que el equipo le hab\u00eda pedido por radio que dejara pasar a <strong>Checo<\/strong>, que ven\u00eda con un ritmo ligeramente mejor. Sin embargo, el holand\u00e9s respondi\u00f3 que <strong>ten\u00eda sus razones para no hacerlo<\/strong> y mantuvo su lugar hasta el final de la carrera.<\/p>\n\n\n\n<h2 class=\"wp-block-heading\">\u00bfCu\u00e1les fueron esas razones? <\/h2>\n\n\n\n<p>Seg\u00fan revelaron los periodistas <strong>Martin Brundle<\/strong> y <strong>Tom Coronel<\/strong>, <strong>Verstappen le habr\u00eda guardado rencor a Checo por un incidente ocurrido en la clasificaci\u00f3n del Gran Premio de M\u00f3naco<\/strong>. Al parecer, el neerland\u00e9s sospechaba que el mexicano hab\u00eda chocado intencionalmente para salir adelante de \u00e9l y tener la ayuda del equipo para ganar la carrera.<\/p>\n\n\n\n<figure class=\"wp-block-image size-full\"><img decoding=\"async\" width=\"800\" height=\"534\" src=\"https:\/\/redeportivamx.com\/wp-content\/uploads\/2023\/11\/image-4.png\" alt=\"\" class=\"wp-image-30421\" srcset=\"https:\/\/redeportivamx.com\/wp-content\/uploads\/2023\/11\/image-4.png 800w, https:\/\/redeportivamx.com\/wp-content\/uploads\/2023\/11\/image-4-300x200.png 300w, https:\/\/redeportivamx.com\/wp-content\/uploads\/2023\/11\/image-4-768x513.png 768w\" sizes=\"(max-width: 800px) 100vw, 800px\" \/><\/figure>\n\n\n\n<p>Esta versi\u00f3n fue confirmada por el asesor de Red Bull, <strong>Helmut Marko<\/strong>, quien admiti\u00f3 que hubo una situaci\u00f3n del pasado que motiv\u00f3 la desobediencia de Verstappen. El austriaco tambi\u00e9n dijo que <strong>el tema se hab\u00eda hablado antes de la carrera de Brasil y que se resolver\u00eda internamente<\/strong>.<\/p>\n\n\n\n<p>Por su parte, <strong>Checo P\u00e9rez expres\u00f3 su molestia<\/strong> por la actitud de su compa\u00f1ero y dijo que esperaba que lo apoyara en la lucha por el subcampeonato. El mexicano <strong>tambi\u00e9n reconoci\u00f3 que hab\u00eda tenido un buen trabajo en equipo con Verstappen<\/strong> durante la temporada y que confiaba en que lo ayudar\u00eda en la \u00faltima carrera en Abu Dabi.<\/p>\n","protected":false},"excerpt":{"rendered":"<p>Max Verstappen y su negativa a apoyar a su compa\u00f1ero de equipo El pasado 13 de noviembre de 2022 se vivi\u00f3 una de las situaciones m\u00e1s tensas entre los pilotos de Red Bull Racing. Max Verstappen, que ya hab\u00eda asegurado el bicampeonato de Formula 1, se neg\u00f3 a cederle la sexta posici\u00f3n a Checo P\u00e9rez, [&hellip;]<\/p>\n","protected":false},"author":9,"featured_media":30421,"comment_status":"open","ping_status":"open","sticky":false,"template":"","format":"standard","meta":{"_monsterinsights_skip_tracking":false,"_monsterinsights_sitenote_active":false,"_monsterinsights_sitenote_note":"","_monsterinsights_sitenote_category":0,"_jetpack_memberships_contains_paid_content":false,"footnotes":""},"categories":[7],"tags":[45],"class_list":["post-30419","post","type-post","status-publish","format-standard","has-post-thumbnail","hentry","category-formula-1","tag-formula-1"],"aioseo_notices":[],"jetpack_featured_media_url":"https:\/\/redeportivamx.com\/wp-content\/uploads\/2023\/11\/image-4.png","jetpack_sharing_enabled":true,"_links":{"self":[{"href":"https:\/\/redeportivamx.com\/index.php\/wp-json\/wp\/v2\/posts\/30419","targetHints":{"allow":["GET"]}}],"collection":[{"href":"https:\/\/redeportivamx.com\/index.php\/wp-json\/wp\/v2\/posts"}],"about":[{"href":"https:\/\/redeportivamx.com\/index.php\/wp-json\/wp\/v2\/types\/post"}],"author":[{"embeddable":true,"href":"https:\/\/redeportivamx.com\/index.php\/wp-json\/wp\/v2\/users\/9"}],"replies":[{"embeddable":true,"href":"https:\/\/redeportivamx.com\/index.php\/wp-json\/wp\/v2\/comments?post=30419"}],"version-history":[{"count":1,"href":"https:\/\/redeportivamx.com\/index.php\/wp-json\/wp\/v2\/posts\/30419\/revisions"}],"predecessor-version":[{"id":30422,"href":"https:\/\/redeportivamx.com\/index.php\/wp-json\/wp\/v2\/posts\/30419\/revisions\/30422"}],"wp:featuredmedia":[{"embeddable":true,"href":"https:\/\/redeportivamx.com\/index.php\/wp-json\/wp\/v2\/media\/30421"}],"wp:attachment":[{"href":"https:\/\/redeportivamx.com\/index.php\/wp-json\/wp\/v2\/media?parent=30419"}],"wp:term":[{"taxonomy":"category","embeddable":true,"href":"https:\/\/redeportivamx.com\/index.php\/wp-json\/wp\/v2\/categories?post=30419"},{"taxonomy":"post_tag","embeddable":true,"href":"https:\/\/redeportivamx.com\/index.php\/wp-json\/wp\/v2\/tags?post=30419"}],"curies":[{"name":"wp","href":"https:\/\/api.w.org\/{rel}","templated":true}]}}