{"id":29993,"date":"2023-10-26T04:23:44","date_gmt":"2023-10-26T04:23:44","guid":{"rendered":"https:\/\/redeportivamx.com\/?p=29993"},"modified":"2023-10-26T04:23:45","modified_gmt":"2023-10-26T04:23:45","slug":"fernando-alonso-es-ovacionado-en-cdmx","status":"publish","type":"post","link":"https:\/\/redeportivamx.com\/index.php\/2023\/10\/26\/fernando-alonso-es-ovacionado-en-cdmx\/","title":{"rendered":"\u00a1Fernando Alonso es ovacionado en CDMX!"},"content":{"rendered":"\n<h2 class=\"wp-block-heading\">Fernando Alonso se present\u00f3 en un evento para sus aficionados en Mitikah<\/h2>\n\n\n\n<p>Previo al <a href=\"https:\/\/redeportivamx.com\/index.php\/2023\/10\/24\/distintas-alcaldias-de-la-cdmx-tendran-fan-zone-de-la-formula-1\/\" target=\"_blank\" rel=\"noopener\" title=\"Gran Premio de la Ciudad de M\u00e9xico.\">Gran Premio de la Ciudad de M\u00e9xico.<\/a> El piloto espa\u00f1ol, <strong>Fernando Alonso, estuvo presente esta tarde en la <a href=\"https:\/\/www.mitikah.com.mx\/inicio.php?v=1\" target=\"_blank\" rel=\"noopener\" title=\"Plaza Mitikah\">Plaza M\u00edtikah<\/a><\/strong>, en Coyoac\u00e1n, CDMX. En un evento organizado por la marca de ropa <strong>BOSS<\/strong>, misma que patrocina a <strong>Aston Martin<\/strong>, actual equipo de Alonso. <\/p>\n\n\n\n<figure class=\"wp-block-image size-large\"><img fetchpriority=\"high\" decoding=\"async\" width=\"1024\" height=\"819\" src=\"https:\/\/redeportivamx.com\/wp-content\/uploads\/2023\/10\/1-6-1024x819.png\" alt=\"\" class=\"wp-image-29994\" srcset=\"https:\/\/redeportivamx.com\/wp-content\/uploads\/2023\/10\/1-6-1024x819.png 1024w, https:\/\/redeportivamx.com\/wp-content\/uploads\/2023\/10\/1-6-300x240.png 300w, https:\/\/redeportivamx.com\/wp-content\/uploads\/2023\/10\/1-6-768x614.png 768w, https:\/\/redeportivamx.com\/wp-content\/uploads\/2023\/10\/1-6-1536x1229.png 1536w, https:\/\/redeportivamx.com\/wp-content\/uploads\/2023\/10\/1-6.png 2000w\" sizes=\"(max-width: 1024px) 100vw, 1024px\" \/><\/figure>\n\n\n\n<p>Al coro de &#8220;Fernando Alonso&#8221;, &#8220;Magic&#8221; y &#8220;El nano&#8221;, la <strong>afici\u00f3n abarrot\u00f3 los 4 pisos de la plaza M\u00edtikah<\/strong> para poder presenciar al piloto de F\u00f3rmula 1. Mismo que entr\u00f3 al recinto regalando fotos y aut\u00f3grafos a algunos seguidores.<\/p>\n\n\n\n<p>Fernando Alonso afirm\u00f3 en el micr\u00f3fono que le alegra volver a correr en M\u00e9xico y sobre todo esta temporada, pues tiene &#8220;un coche competitivo&#8221;.<\/p>\n\n\n\n<blockquote class=\"wp-block-quote is-layout-flow wp-block-quote-is-layout-flow\">\n<p><em>&#8220;Estoy contento de estar ac\u00e1 otra vez, de vivir otro Gran Premio en M\u00e9xico, est\u00e1 vez con m\u00e1s opciones que en los \u00faltimos a\u00f1os con un coche competitivo, un coche m\u00e1s r\u00e1pido y voy a tratar de disfrutar el domingo\u201d<\/em><\/p>\n<cite><em>-Fernando Alonso<\/em><\/cite><\/blockquote>\n\n\n\n<figure class=\"wp-block-embed is-type-rich is-provider-twitter wp-block-embed-twitter\"><div class=\"wp-block-embed__wrapper\">\n<blockquote class=\"twitter-tweet\" data-width=\"550\" data-dnt=\"true\"><p lang=\"en\" dir=\"ltr\">What a crowd! \ud83d\udc4f <br><br>An incredible reception for <a href=\"https:\/\/twitter.com\/alo_oficial?ref_src=twsrc%5Etfw\">@alo_oficial<\/a> visiting <a href=\"https:\/\/twitter.com\/HUGOBOSS?ref_src=twsrc%5Etfw\">@HUGOBOSS<\/a> in Mexico City! <a href=\"https:\/\/twitter.com\/hashtag\/MexicoGP?src=hash&amp;ref_src=twsrc%5Etfw\">#MexicoGP<\/a> <a href=\"https:\/\/t.co\/knZ2oseIEl\">pic.twitter.com\/knZ2oseIEl<\/a><\/p>&mdash; Aston Martin Aramco F1 Team (@AstonMartinF1) <a href=\"https:\/\/twitter.com\/AstonMartinF1\/status\/1717329547748594066?ref_src=twsrc%5Etfw\">October 25, 2023<\/a><\/blockquote><script async src=\"https:\/\/platform.twitter.com\/widgets.js\" charset=\"utf-8\"><\/script>\n<\/div><\/figure>\n","protected":false},"excerpt":{"rendered":"<p>Fernando Alonso se present\u00f3 en un evento para sus aficionados en Mitikah Previo al Gran Premio de la Ciudad de M\u00e9xico. El piloto espa\u00f1ol, Fernando Alonso, estuvo presente esta tarde en la Plaza M\u00edtikah, en Coyoac\u00e1n, CDMX. En un evento organizado por la marca de ropa BOSS, misma que patrocina a Aston Martin, actual equipo [&hellip;]<\/p>\n","protected":false},"author":12,"featured_media":29995,"comment_status":"open","ping_status":"open","sticky":false,"template":"","format":"standard","meta":{"_monsterinsights_skip_tracking":false,"_monsterinsights_sitenote_active":false,"_monsterinsights_sitenote_note":"","_monsterinsights_sitenote_category":0,"_jetpack_memberships_contains_paid_content":false,"footnotes":""},"categories":[1],"tags":[],"class_list":["post-29993","post","type-post","status-publish","format-standard","has-post-thumbnail","hentry","category-blog"],"aioseo_notices":[],"jetpack_featured_media_url":"https:\/\/redeportivamx.com\/wp-content\/uploads\/2023\/10\/2-6.png","jetpack_sharing_enabled":true,"_links":{"self":[{"href":"https:\/\/redeportivamx.com\/index.php\/wp-json\/wp\/v2\/posts\/29993","targetHints":{"allow":["GET"]}}],"collection":[{"href":"https:\/\/redeportivamx.com\/index.php\/wp-json\/wp\/v2\/posts"}],"about":[{"href":"https:\/\/redeportivamx.com\/index.php\/wp-json\/wp\/v2\/types\/post"}],"author":[{"embeddable":true,"href":"https:\/\/redeportivamx.com\/index.php\/wp-json\/wp\/v2\/users\/12"}],"replies":[{"embeddable":true,"href":"https:\/\/redeportivamx.com\/index.php\/wp-json\/wp\/v2\/comments?post=29993"}],"version-history":[{"count":1,"href":"https:\/\/redeportivamx.com\/index.php\/wp-json\/wp\/v2\/posts\/29993\/revisions"}],"predecessor-version":[{"id":29996,"href":"https:\/\/redeportivamx.com\/index.php\/wp-json\/wp\/v2\/posts\/29993\/revisions\/29996"}],"wp:featuredmedia":[{"embeddable":true,"href":"https:\/\/redeportivamx.com\/index.php\/wp-json\/wp\/v2\/media\/29995"}],"wp:attachment":[{"href":"https:\/\/redeportivamx.com\/index.php\/wp-json\/wp\/v2\/media?parent=29993"}],"wp:term":[{"taxonomy":"category","embeddable":true,"href":"https:\/\/redeportivamx.com\/index.php\/wp-json\/wp\/v2\/categories?post=29993"},{"taxonomy":"post_tag","embeddable":true,"href":"https:\/\/redeportivamx.com\/index.php\/wp-json\/wp\/v2\/tags?post=29993"}],"curies":[{"name":"wp","href":"https:\/\/api.w.org\/{rel}","templated":true}]}}