{"id":29181,"date":"2023-10-12T04:26:40","date_gmt":"2023-10-12T04:26:40","guid":{"rendered":"https:\/\/redeportivamx.com\/?p=29181"},"modified":"2023-10-12T04:27:43","modified_gmt":"2023-10-12T04:27:43","slug":"rafael-nadal-se-prepara-para-regresar-a-las-canchas","status":"publish","type":"post","link":"https:\/\/redeportivamx.com\/index.php\/2023\/10\/12\/rafael-nadal-se-prepara-para-regresar-a-las-canchas\/","title":{"rendered":"Rafael Nadal se prepara para regresar a las canchas"},"content":{"rendered":"\n<p>El tenista espa\u00f1ol public\u00f3 que se prepara para regresar lo antes posible.<\/p>\n\n\n\n<p>Rafael Nadal ha ganado 22 t\u00edtulos Grand Slam a lo largo de su carrera, siendo el \u00faltimo en Roland Garros hace un a\u00f1o. Y desde enero de este a\u00f1o, cuando cay\u00f3 en la segunda ronda del Autralia Open, el espa\u00f1ol no ha disputado un partido de Tenis.<\/p>\n\n\n\n<p>Mediante redes sociales, Rafa public\u00f3: &#8220;Aprecio el voto de confianza del Australia Open&#8230; Estoy practicando todos los d\u00edas y trabajando duro para regresar lo antes posible \ud83d\udcaa\ud83c\udffc\ud83d\ude09&#8221;.<\/p>\n\n\n\n<figure class=\"wp-block-embed is-type-rich is-provider-twitter wp-block-embed-twitter\"><div class=\"wp-block-embed__wrapper\">\n<blockquote class=\"twitter-tweet\" data-width=\"550\" data-dnt=\"true\"><p lang=\"en\" dir=\"ltr\">I appreciate the vote of confidence from the Australian Open\u2026 I am practising every day and working hard to come back asap \ud83d\udcaa\ud83c\udffb\ud83d\ude09<\/p>&mdash; Rafa Nadal (@RafaelNadal) <a href=\"https:\/\/twitter.com\/RafaelNadal\/status\/1712112101131428035?ref_src=twsrc%5Etfw\">October 11, 2023<\/a><\/blockquote><script async src=\"https:\/\/platform.twitter.com\/widgets.js\" charset=\"utf-8\"><\/script>\n<\/div><\/figure>\n\n\n\n<p>Esto tras las recientes declaraciones de Craig Tiley, director del Australia Open, pues asegur\u00f3 que Nadal har\u00e1 su regreso en dicho torneo: &#8220;Voy a dar una exclusiva. Rafa volver\u00e1 a Melbourne. Ha estado fuera del circuito durante mucho y he estado hablando con \u00e9l en los \u00faltimos d\u00edas. Me ha confirmado que volver\u00e1 el a\u00f1o que viene&#8221;.<\/p>\n\n\n\n<p>Aunque a\u00fan no hay nada asegurado, existe la posibilidad de ver a Nadal en acci\u00f3n tras un a\u00f1o de ausencia. El Australia Open se jugar\u00e1 del 15 al 28 de enero del 2024.<\/p>\n\n\n\n<figure class=\"wp-block-image size-large\"><img fetchpriority=\"high\" decoding=\"async\" width=\"1024\" height=\"683\" src=\"https:\/\/redeportivamx.com\/wp-content\/uploads\/2023\/10\/1000066363-1024x683.jpg\" alt=\"\" class=\"wp-image-29182\" srcset=\"https:\/\/redeportivamx.com\/wp-content\/uploads\/2023\/10\/1000066363-1024x683.jpg 1024w, https:\/\/redeportivamx.com\/wp-content\/uploads\/2023\/10\/1000066363-300x200.jpg 300w, https:\/\/redeportivamx.com\/wp-content\/uploads\/2023\/10\/1000066363-768x512.jpg 768w, https:\/\/redeportivamx.com\/wp-content\/uploads\/2023\/10\/1000066363-1536x1025.jpg 1536w, https:\/\/redeportivamx.com\/wp-content\/uploads\/2023\/10\/1000066363-2048x1366.jpg 2048w\" sizes=\"(max-width: 1024px) 100vw, 1024px\" \/><figcaption class=\"wp-element-caption\">Foto: Twitter @RafaelNadal<\/figcaption><\/figure>\n","protected":false},"excerpt":{"rendered":"<p>El tenista espa\u00f1ol public\u00f3 que se prepara para regresar lo antes posible. Rafael Nadal ha ganado 22 t\u00edtulos Grand Slam a lo largo de su carrera, siendo el \u00faltimo en Roland Garros hace un a\u00f1o. Y desde enero de este a\u00f1o, cuando cay\u00f3 en la segunda ronda del Autralia Open, el espa\u00f1ol no ha disputado [&hellip;]<\/p>\n","protected":false},"author":13,"featured_media":29183,"comment_status":"open","ping_status":"open","sticky":false,"template":"","format":"standard","meta":{"_monsterinsights_skip_tracking":false,"_monsterinsights_sitenote_active":false,"_monsterinsights_sitenote_note":"","_monsterinsights_sitenote_category":0,"_jetpack_memberships_contains_paid_content":false,"footnotes":""},"categories":[11],"tags":[382,381,280,383],"class_list":["post-29181","post","type-post","status-publish","format-standard","has-post-thumbnail","hentry","category-tenis","tag-australia-open","tag-grand-slam","tag-rafael-nadal","tag-roland-garros"],"aioseo_notices":[],"jetpack_featured_media_url":"https:\/\/redeportivamx.com\/wp-content\/uploads\/2023\/10\/20231011_222329.jpg","jetpack_sharing_enabled":true,"_links":{"self":[{"href":"https:\/\/redeportivamx.com\/index.php\/wp-json\/wp\/v2\/posts\/29181","targetHints":{"allow":["GET"]}}],"collection":[{"href":"https:\/\/redeportivamx.com\/index.php\/wp-json\/wp\/v2\/posts"}],"about":[{"href":"https:\/\/redeportivamx.com\/index.php\/wp-json\/wp\/v2\/types\/post"}],"author":[{"embeddable":true,"href":"https:\/\/redeportivamx.com\/index.php\/wp-json\/wp\/v2\/users\/13"}],"replies":[{"embeddable":true,"href":"https:\/\/redeportivamx.com\/index.php\/wp-json\/wp\/v2\/comments?post=29181"}],"version-history":[{"count":2,"href":"https:\/\/redeportivamx.com\/index.php\/wp-json\/wp\/v2\/posts\/29181\/revisions"}],"predecessor-version":[{"id":29185,"href":"https:\/\/redeportivamx.com\/index.php\/wp-json\/wp\/v2\/posts\/29181\/revisions\/29185"}],"wp:featuredmedia":[{"embeddable":true,"href":"https:\/\/redeportivamx.com\/index.php\/wp-json\/wp\/v2\/media\/29183"}],"wp:attachment":[{"href":"https:\/\/redeportivamx.com\/index.php\/wp-json\/wp\/v2\/media?parent=29181"}],"wp:term":[{"taxonomy":"category","embeddable":true,"href":"https:\/\/redeportivamx.com\/index.php\/wp-json\/wp\/v2\/categories?post=29181"},{"taxonomy":"post_tag","embeddable":true,"href":"https:\/\/redeportivamx.com\/index.php\/wp-json\/wp\/v2\/tags?post=29181"}],"curies":[{"name":"wp","href":"https:\/\/api.w.org\/{rel}","templated":true}]}}