{"id":27982,"date":"2023-09-23T04:02:58","date_gmt":"2023-09-23T04:02:58","guid":{"rendered":"https:\/\/redeportivamx.com\/?p=27982"},"modified":"2023-10-01T18:24:18","modified_gmt":"2023-10-01T18:24:18","slug":"trevon-diggs-una-importante-baja-para-los-cowboys","status":"publish","type":"post","link":"https:\/\/redeportivamx.com\/index.php\/2023\/09\/23\/trevon-diggs-una-importante-baja-para-los-cowboys\/","title":{"rendered":"Trevon Diggs, una importante baja para los Cowboys"},"content":{"rendered":"\n<h2 class=\"wp-block-heading\">La estrella defensiva de los cowboys se perder\u00e1 el resto de la temporada debido a una lesi\u00f3n en los ligamentos<\/h2>\n\n\n\n<p>Los <strong><a href=\"https:\/\/www.dallascowboys.com\/spanish\/\" target=\"_blank\" rel=\"noopener\" title=\"\">Dallas Cowboys<\/a><\/strong> sufrieron una terrible baja para el resto de la <strong><a href=\"https:\/\/redeportivamx.com\/index.php\/category\/nfl\/\" target=\"_blank\" rel=\"noopener\" title=\"\">temporada 2023 de NFL<\/a><\/strong>. El cornerback <strong>Trevon Diggs se rompi\u00f3 el ligamento anterior cruzado<\/strong> durante las pr\u00e1cticas del jueves, en un ejercicio uno contra uno. De acuerdo con el equipo m\u00e9dico, <strong>Diggs no podr\u00e1 regresar a jugar en la presente temporada<\/strong>.<\/p>\n\n\n\n<figure class=\"wp-block-embed is-type-rich is-provider-twitter wp-block-embed-twitter\"><div class=\"wp-block-embed__wrapper\">\n<blockquote class=\"twitter-tweet\" data-width=\"550\" data-dnt=\"true\"><p lang=\"en\" dir=\"ltr\">Cowboys CB Trevon Diggs suffered torn ACL in practice today, out for the season. (via <a href=\"https:\/\/twitter.com\/RapSheet?ref_src=twsrc%5Etfw\">@RapSheet<\/a> &amp; <a href=\"https:\/\/twitter.com\/TomPelissero?ref_src=twsrc%5Etfw\">@TomPelissero<\/a>) <a href=\"https:\/\/t.co\/QTvitkT2kH\">pic.twitter.com\/QTvitkT2kH<\/a><\/p>&mdash; NFL (@NFL) <a href=\"https:\/\/twitter.com\/NFL\/status\/1704951650958647791?ref_src=twsrc%5Etfw\">September 21, 2023<\/a><\/blockquote><script async src=\"https:\/\/platform.twitter.com\/widgets.js\" charset=\"utf-8\"><\/script>\n<\/div><\/figure>\n\n\n\n<p>Hasta el momento, <strong>Diggs <\/strong>hab\u00eda sido una de las estrellas de la muy buena defensiva de los Cowboys. El cornerback dos veces seleccionado al Pro Bowl y una al All Pro, <strong>tan solo permiti\u00f3 2 pases completos para 26 yardas y una intercepci\u00f3n<\/strong> durante los partidos que jug\u00f3.<\/p>\n\n\n\n<figure class=\"wp-block-image size-large\"><img fetchpriority=\"high\" decoding=\"async\" width=\"1024\" height=\"683\" src=\"https:\/\/redeportivamx.com\/wp-content\/uploads\/2023\/09\/image-222-1024x683.png\" alt=\"\" class=\"wp-image-27983\" srcset=\"https:\/\/redeportivamx.com\/wp-content\/uploads\/2023\/09\/image-222-1024x683.png 1024w, https:\/\/redeportivamx.com\/wp-content\/uploads\/2023\/09\/image-222-300x200.png 300w, https:\/\/redeportivamx.com\/wp-content\/uploads\/2023\/09\/image-222-768x512.png 768w, https:\/\/redeportivamx.com\/wp-content\/uploads\/2023\/09\/image-222.png 1486w\" sizes=\"(max-width: 1024px) 100vw, 1024px\" \/><\/figure>\n\n\n\n<p>Los Cowboys, con un r\u00e9cord de 2-0 deber\u00e1n adaptar su esquema defensivo. Por ahora, <strong>se prev\u00e9 que Stephon Gilmore aumente su carga de trabajo durante los partidos<\/strong>. Lo m\u00e1s preocupante, es que esta no es la primera lesi\u00f3n que sufren durante la presente temporada. <strong>Uno de sus mayores retos vendr\u00e1 en la semana 5, pues en esta se enfrentar\u00e1n a los <a href=\"https:\/\/www.49ers.com\/esp\/\" target=\"_blank\" rel=\"noopener\" title=\"\">San Francisco 49ers<\/a><\/strong>.<\/p>\n\n\n\n<figure class=\"wp-block-image size-large\"><img decoding=\"async\" width=\"1024\" height=\"576\" src=\"https:\/\/redeportivamx.com\/wp-content\/uploads\/2023\/09\/image-223-1024x576.png\" alt=\"\" class=\"wp-image-27984\" srcset=\"https:\/\/redeportivamx.com\/wp-content\/uploads\/2023\/09\/image-223-1024x576.png 1024w, https:\/\/redeportivamx.com\/wp-content\/uploads\/2023\/09\/image-223-300x169.png 300w, https:\/\/redeportivamx.com\/wp-content\/uploads\/2023\/09\/image-223-768x432.png 768w, https:\/\/redeportivamx.com\/wp-content\/uploads\/2023\/09\/image-223.png 1280w\" sizes=\"(max-width: 1024px) 100vw, 1024px\" \/><\/figure>\n\n\n\n<h3 class=\"wp-block-heading\">Pr\u00f3ximo partido:<\/h3>\n\n\n\n<p><strong>Dallas Cowboys @ Arizona Cardinals<\/strong>. Domingo 24 de septiembre a las 14:25 hrs (CDMX).<\/p>\n","protected":false},"excerpt":{"rendered":"<p>La estrella defensiva de los cowboys se perder\u00e1 el resto de la temporada debido a una lesi\u00f3n en los ligamentos Los Dallas Cowboys sufrieron una terrible baja para el resto de la temporada 2023 de NFL. El cornerback Trevon Diggs se rompi\u00f3 el ligamento anterior cruzado durante las pr\u00e1cticas del jueves, en un ejercicio uno [&hellip;]<\/p>\n","protected":false},"author":9,"featured_media":27983,"comment_status":"open","ping_status":"open","sticky":false,"template":"","format":"standard","meta":{"_monsterinsights_skip_tracking":false,"_monsterinsights_sitenote_active":false,"_monsterinsights_sitenote_note":"","_monsterinsights_sitenote_category":0,"_jetpack_memberships_contains_paid_content":false,"footnotes":""},"categories":[28],"tags":[51],"class_list":["post-27982","post","type-post","status-publish","format-standard","has-post-thumbnail","hentry","category-nfl","tag-nfl"],"aioseo_notices":[],"jetpack_featured_media_url":"https:\/\/redeportivamx.com\/wp-content\/uploads\/2023\/09\/image-222.png","jetpack_sharing_enabled":true,"_links":{"self":[{"href":"https:\/\/redeportivamx.com\/index.php\/wp-json\/wp\/v2\/posts\/27982","targetHints":{"allow":["GET"]}}],"collection":[{"href":"https:\/\/redeportivamx.com\/index.php\/wp-json\/wp\/v2\/posts"}],"about":[{"href":"https:\/\/redeportivamx.com\/index.php\/wp-json\/wp\/v2\/types\/post"}],"author":[{"embeddable":true,"href":"https:\/\/redeportivamx.com\/index.php\/wp-json\/wp\/v2\/users\/9"}],"replies":[{"embeddable":true,"href":"https:\/\/redeportivamx.com\/index.php\/wp-json\/wp\/v2\/comments?post=27982"}],"version-history":[{"count":1,"href":"https:\/\/redeportivamx.com\/index.php\/wp-json\/wp\/v2\/posts\/27982\/revisions"}],"predecessor-version":[{"id":27985,"href":"https:\/\/redeportivamx.com\/index.php\/wp-json\/wp\/v2\/posts\/27982\/revisions\/27985"}],"wp:featuredmedia":[{"embeddable":true,"href":"https:\/\/redeportivamx.com\/index.php\/wp-json\/wp\/v2\/media\/27983"}],"wp:attachment":[{"href":"https:\/\/redeportivamx.com\/index.php\/wp-json\/wp\/v2\/media?parent=27982"}],"wp:term":[{"taxonomy":"category","embeddable":true,"href":"https:\/\/redeportivamx.com\/index.php\/wp-json\/wp\/v2\/categories?post=27982"},{"taxonomy":"post_tag","embeddable":true,"href":"https:\/\/redeportivamx.com\/index.php\/wp-json\/wp\/v2\/tags?post=27982"}],"curies":[{"name":"wp","href":"https:\/\/api.w.org\/{rel}","templated":true}]}}