{"id":26094,"date":"2023-08-26T04:53:07","date_gmt":"2023-08-26T04:53:07","guid":{"rendered":"https:\/\/redeportivamx.com\/?p=26094"},"modified":"2023-08-26T04:53:08","modified_gmt":"2023-08-26T04:53:08","slug":"se-acerca-el-us-open-2023-cuando-inicia-quienes-compiten","status":"publish","type":"post","link":"https:\/\/redeportivamx.com\/index.php\/2023\/08\/26\/se-acerca-el-us-open-2023-cuando-inicia-quienes-compiten\/","title":{"rendered":"Se acerca el US Open 2023 \u00bfCu\u00e1ndo inicia? \u00bfQui\u00e9nes compiten?"},"content":{"rendered":"\n<figure class=\"wp-block-image size-large\"><img fetchpriority=\"high\" decoding=\"async\" width=\"1024\" height=\"576\" src=\"https:\/\/redeportivamx.com\/wp-content\/uploads\/2023\/08\/f_20230823_USO_Q2_PS1_0819-1024x576.jpeg\" alt=\"\" class=\"wp-image-26097\" srcset=\"https:\/\/redeportivamx.com\/wp-content\/uploads\/2023\/08\/f_20230823_USO_Q2_PS1_0819-1024x576.jpeg 1024w, https:\/\/redeportivamx.com\/wp-content\/uploads\/2023\/08\/f_20230823_USO_Q2_PS1_0819-300x169.jpeg 300w, https:\/\/redeportivamx.com\/wp-content\/uploads\/2023\/08\/f_20230823_USO_Q2_PS1_0819-768x432.jpeg 768w, https:\/\/redeportivamx.com\/wp-content\/uploads\/2023\/08\/f_20230823_USO_Q2_PS1_0819.jpeg 1280w\" sizes=\"(max-width: 1024px) 100vw, 1024px\" \/><\/figure>\n\n\n\n<p class=\"wp-block-paragraph\">El torneo con sede en Nueva York <strong>dar\u00e1 comienzo oficialmente el 28 de agosto, y culminar\u00e1 el 10 de septiembre<\/strong> en la pista Arthur Ashe con la gran final aguardando por los mejores tenistas.<\/p>\n\n\n\n<p class=\"wp-block-paragraph\">Durante cerca de dos semanas, se llevar\u00e1n a cabo emocionantes partidos de tenis en las instalaciones del <strong>complejo USTA Billie Jean King National Tennis Center<\/strong>.<\/p>\n\n\n\n<h2 class=\"wp-block-heading\">\u00bfQui\u00e9n compite?<\/h2>\n\n\n\n<ul class=\"wp-block-list\">\n<li>Carlos Alcaraz (Espa\u00f1a)<\/li>\n\n\n\n<li>Dominik Koepfer (Alemania)<\/li>\n\n\n\n<li>Lloyd Harris (Sud\u00e1frica)<\/li>\n\n\n\n<li>Guido Pella (Argentina)<\/li>\n\n\n\n<li>Botic Van de Zandschulp (Holanda)<\/li>\n\n\n\n<li>Jordan Thompson (Australia)<\/li>\n\n\n\n<li>Daniel Elahi Galan<\/li>\n\n\n\n<li>Daniel Evans (Reino Unido)<\/li>\n\n\n\n<li>Tallon Griekspoor (Holanda)<\/li>\n\n\n\n<li>Arthur Filis (Francia)<\/li>\n\n\n\n<li>Jackson Kubler (Australia)<\/li>\n\n\n\n<li>Matteo Arnaldi (Italia)<\/li>\n\n\n\n<li>Thanasi Kokkinakis (Australia)<\/li>\n\n\n\n<li>Alexander Shevchenko (Rusia)<\/li>\n\n\n\n<li>Cameron Norrie (Reino Unido)<\/li>\n\n\n\n<li>Alexander Zverev (Alemania)<\/li>\n\n\n\n<li>Aleksandar Vukic (Australia)<\/li>\n<\/ul>\n","protected":false},"excerpt":{"rendered":"<p>El torneo con sede en Nueva York dar\u00e1 comienzo oficialmente el 28 de agosto, y culminar\u00e1 el 10 de septiembre en la pista Arthur Ashe con la gran final aguardando por los mejores tenistas. Durante cerca de dos semanas, se llevar\u00e1n a cabo emocionantes partidos de tenis en las instalaciones del complejo USTA Billie Jean [&hellip;]<\/p>\n","protected":false},"author":12,"featured_media":26096,"comment_status":"open","ping_status":"open","sticky":false,"template":"","format":"standard","meta":{"_monsterinsights_skip_tracking":false,"_jetpack_newsletter_access":"","_jetpack_dont_email_post_to_subs":false,"_jetpack_newsletter_tier_id":0,"_jetpack_memberships_contains_paywalled_content":false,"_jetpack_feature_clip_id":0,"_jetpack_memberships_contains_paid_content":false,"footnotes":"","jetpack_post_was_ever_published":false},"categories":[1],"tags":[],"class_list":["post-26094","post","type-post","status-publish","format-standard","has-post-thumbnail","hentry","category-redaccion-redeportiva"],"aioseo_notices":[],"aioseo_head":"\n\t\t<!-- All in One SEO 5.0.1.1 - aioseo.com -->\n\t<meta name=\"description\" content=\"El torneo con sede en Nueva York dar\u00e1 comienzo oficialmente el 28 de agosto, y culminar\u00e1 el 10 de septiembre en la pista Arthur Ashe con la gran final aguardando por los mejores tenistas. Durante cerca de dos semanas, se llevar\u00e1n a cabo emocionantes partidos de tenis en las instalaciones del complejo USTA Billie Jean\" \/>\n\t<meta name=\"robots\" content=\"max-image-preview:large\" \/>\n\t<meta name=\"author\" content=\"\u00c1ngel Cortez\"\/>\n\t<link rel=\"canonical\" href=\"https:\/\/redeportivamx.com\/index.php\/2023\/08\/26\/se-acerca-el-us-open-2023-cuando-inicia-quienes-compiten\/\" \/>\n\t<meta name=\"generator\" content=\"All in One SEO (AIOSEO) 5.0.1.1\" \/>\n\t\t<meta property=\"og:locale\" content=\"es_MX\" \/>\n\t\t<meta property=\"og:site_name\" content=\"Redeportiva MX - \u00a1Conectando tu pasi\u00f3n!\" \/>\n\t\t<meta property=\"og:type\" content=\"sport\" \/>\n\t\t<meta property=\"og:title\" content=\"Se acerca el US Open 2023 \u00bfCu\u00e1ndo inicia? \u00bfQui\u00e9nes compiten? - Redeportiva MX\" \/>\n\t\t<meta property=\"og:description\" content=\"El torneo con sede en Nueva York dar\u00e1 comienzo oficialmente el 28 de agosto, y culminar\u00e1 el 10 de septiembre en la pista Arthur Ashe con la gran final aguardando por los mejores tenistas. Durante cerca de dos semanas, se llevar\u00e1n a cabo emocionantes partidos de tenis en las instalaciones del complejo USTA Billie Jean\" \/>\n\t\t<meta property=\"og:url\" content=\"https:\/\/redeportivamx.com\/index.php\/2023\/08\/26\/se-acerca-el-us-open-2023-cuando-inicia-quienes-compiten\/\" \/>\n\t\t<meta property=\"og:image\" content=\"https:\/\/redeportivamx.com\/wp-content\/uploads\/2023\/08\/i-1.jpeg\" \/>\n\t\t<meta property=\"og:image:secure_url\" content=\"https:\/\/redeportivamx.com\/wp-content\/uploads\/2023\/08\/i-1.jpeg\" \/>\n\t\t<meta property=\"og:image:width\" content=\"1280\" \/>\n\t\t<meta property=\"og:image:height\" content=\"720\" \/>\n\t\t<meta name=\"twitter:card\" content=\"summary_large_image\" \/>\n\t\t<meta name=\"twitter:site\" content=\"@Redeportivamx\" \/>\n\t\t<meta name=\"twitter:title\" content=\"Se acerca el US Open 2023 \u00bfCu\u00e1ndo inicia? \u00bfQui\u00e9nes compiten? - Redeportiva MX\" \/>\n\t\t<meta name=\"twitter:description\" content=\"El torneo con sede en Nueva York dar\u00e1 comienzo oficialmente el 28 de agosto, y culminar\u00e1 el 10 de septiembre en la pista Arthur Ashe con la gran final aguardando por los mejores tenistas. Durante cerca de dos semanas, se llevar\u00e1n a cabo emocionantes partidos de tenis en las instalaciones del complejo USTA Billie Jean\" \/>\n\t\t<meta name=\"twitter:creator\" content=\"@Redeportivamx\" \/>\n\t\t<meta name=\"twitter:image\" content=\"https:\/\/redeportivamx.com\/wp-content\/uploads\/2023\/08\/i-1.jpeg\" \/>\n\t\t<script type=\"application\/ld+json\" class=\"aioseo-schema\">\n\t\t\t{\"@context\":\"https:\\\/\\\/schema.org\",\"@graph\":[{\"@type\":\"BlogPosting\",\"@id\":\"https:\\\/\\\/redeportivamx.com\\\/index.php\\\/2023\\\/08\\\/26\\\/se-acerca-el-us-open-2023-cuando-inicia-quienes-compiten\\\/#blogposting\",\"name\":\"Se acerca el US Open 2023 \\u00bfCu\\u00e1ndo inicia? \\u00bfQui\\u00e9nes compiten? - Redeportiva MX\",\"headline\":\"Se acerca el US Open 2023 \\u00bfCu\\u00e1ndo inicia? \\u00bfQui\\u00e9nes compiten?\",\"author\":{\"@id\":\"https:\\\/\\\/redeportivamx.com\\\/index.php\\\/author\\\/angel-cortez\\\/#author\"},\"publisher\":{\"@id\":\"https:\\\/\\\/redeportivamx.com\\\/#organization\"},\"image\":{\"@type\":\"ImageObject\",\"url\":\"https:\\\/\\\/redeportivamx.com\\\/wp-content\\\/uploads\\\/2023\\\/08\\\/i-1.jpeg\",\"width\":1280,\"height\":720},\"datePublished\":\"2023-08-26T04:53:07-06:00\",\"dateModified\":\"2023-08-26T04:53:08-06:00\",\"inLanguage\":\"es-MX\",\"mainEntityOfPage\":{\"@id\":\"https:\\\/\\\/redeportivamx.com\\\/index.php\\\/2023\\\/08\\\/26\\\/se-acerca-el-us-open-2023-cuando-inicia-quienes-compiten\\\/#webpage\"},\"isPartOf\":{\"@id\":\"https:\\\/\\\/redeportivamx.com\\\/index.php\\\/2023\\\/08\\\/26\\\/se-acerca-el-us-open-2023-cuando-inicia-quienes-compiten\\\/#webpage\"},\"articleSection\":\"Redacci\\u00f3n Redeportiva\"},{\"@type\":\"BreadcrumbList\",\"@id\":\"https:\\\/\\\/redeportivamx.com\\\/index.php\\\/2023\\\/08\\\/26\\\/se-acerca-el-us-open-2023-cuando-inicia-quienes-compiten\\\/#breadcrumblist\",\"itemListElement\":[{\"@type\":\"ListItem\",\"@id\":\"https:\\\/\\\/redeportivamx.com#listItem\",\"position\":1,\"name\":\"Home\",\"item\":\"https:\\\/\\\/redeportivamx.com\",\"nextItem\":{\"@type\":\"ListItem\",\"@id\":\"https:\\\/\\\/redeportivamx.com\\\/index.php\\\/category\\\/redaccion-redeportiva\\\/#listItem\",\"name\":\"Redacci\\u00f3n Redeportiva\"}},{\"@type\":\"ListItem\",\"@id\":\"https:\\\/\\\/redeportivamx.com\\\/index.php\\\/category\\\/redaccion-redeportiva\\\/#listItem\",\"position\":2,\"name\":\"Redacci\\u00f3n Redeportiva\",\"item\":\"https:\\\/\\\/redeportivamx.com\\\/index.php\\\/category\\\/redaccion-redeportiva\\\/\",\"nextItem\":{\"@type\":\"ListItem\",\"@id\":\"https:\\\/\\\/redeportivamx.com\\\/index.php\\\/2023\\\/08\\\/26\\\/se-acerca-el-us-open-2023-cuando-inicia-quienes-compiten\\\/#listItem\",\"name\":\"Se acerca el US Open 2023 \\u00bfCu\\u00e1ndo inicia? \\u00bfQui\\u00e9nes compiten?\"},\"previousItem\":{\"@type\":\"ListItem\",\"@id\":\"https:\\\/\\\/redeportivamx.com#listItem\",\"name\":\"Home\"}},{\"@type\":\"ListItem\",\"@id\":\"https:\\\/\\\/redeportivamx.com\\\/index.php\\\/2023\\\/08\\\/26\\\/se-acerca-el-us-open-2023-cuando-inicia-quienes-compiten\\\/#listItem\",\"position\":3,\"name\":\"Se acerca el US Open 2023 \\u00bfCu\\u00e1ndo inicia? \\u00bfQui\\u00e9nes compiten?\",\"previousItem\":{\"@type\":\"ListItem\",\"@id\":\"https:\\\/\\\/redeportivamx.com\\\/index.php\\\/category\\\/redaccion-redeportiva\\\/#listItem\",\"name\":\"Redacci\\u00f3n Redeportiva\"}}]},{\"@type\":\"Organization\",\"@id\":\"https:\\\/\\\/redeportivamx.com\\\/#organization\",\"name\":\"redeportivamx.com\",\"description\":\"\\u00a1Conectando tu pasi\\u00f3n!\",\"url\":\"https:\\\/\\\/redeportivamx.com\\\/\",\"sameAs\":[\"https:\\\/\\\/www.facebook.com\\\/profile.php?id=61565592572733\",\"https:\\\/\\\/x.com\\\/Redeportivamx?s=20\",\"https:\\\/\\\/www.instagram.com\\\/redeportivamx\\\/\",\"https:\\\/\\\/www.tiktok.com\\\/@redeportiva.mx\",\"https:\\\/\\\/www.youtube.com\\\/@Redeportiva-MX\"]},{\"@type\":\"Person\",\"@id\":\"https:\\\/\\\/redeportivamx.com\\\/index.php\\\/author\\\/angel-cortez\\\/#author\",\"url\":\"https:\\\/\\\/redeportivamx.com\\\/index.php\\\/author\\\/angel-cortez\\\/\",\"name\":\"\\u00c1ngel Cortez\",\"image\":{\"@type\":\"ImageObject\",\"@id\":\"https:\\\/\\\/redeportivamx.com\\\/index.php\\\/2023\\\/08\\\/26\\\/se-acerca-el-us-open-2023-cuando-inicia-quienes-compiten\\\/#authorImage\",\"url\":\"https:\\\/\\\/secure.gravatar.com\\\/avatar\\\/7a2a1ba429e2adbe816e5f8251d8d6c7a28c9d49b7b2b94e7156e4f797ad86d5?s=96&d=mm&r=g\",\"width\":96,\"height\":96,\"caption\":\"\\u00c1ngel Cortez\"}},{\"@type\":\"WebPage\",\"@id\":\"https:\\\/\\\/redeportivamx.com\\\/index.php\\\/2023\\\/08\\\/26\\\/se-acerca-el-us-open-2023-cuando-inicia-quienes-compiten\\\/#webpage\",\"url\":\"https:\\\/\\\/redeportivamx.com\\\/index.php\\\/2023\\\/08\\\/26\\\/se-acerca-el-us-open-2023-cuando-inicia-quienes-compiten\\\/\",\"name\":\"Se acerca el US Open 2023 \\u00bfCu\\u00e1ndo inicia? \\u00bfQui\\u00e9nes compiten? - Redeportiva MX\",\"description\":\"El torneo con sede en Nueva York dar\\u00e1 comienzo oficialmente el 28 de agosto, y culminar\\u00e1 el 10 de septiembre en la pista Arthur Ashe con la gran final aguardando por los mejores tenistas. Durante cerca de dos semanas, se llevar\\u00e1n a cabo emocionantes partidos de tenis en las instalaciones del complejo USTA Billie Jean\",\"inLanguage\":\"es-MX\",\"isPartOf\":{\"@id\":\"https:\\\/\\\/redeportivamx.com\\\/#website\"},\"breadcrumb\":{\"@id\":\"https:\\\/\\\/redeportivamx.com\\\/index.php\\\/2023\\\/08\\\/26\\\/se-acerca-el-us-open-2023-cuando-inicia-quienes-compiten\\\/#breadcrumblist\"},\"author\":{\"@id\":\"https:\\\/\\\/redeportivamx.com\\\/index.php\\\/author\\\/angel-cortez\\\/#author\"},\"creator\":{\"@id\":\"https:\\\/\\\/redeportivamx.com\\\/index.php\\\/author\\\/angel-cortez\\\/#author\"},\"image\":{\"@type\":\"ImageObject\",\"url\":\"https:\\\/\\\/redeportivamx.com\\\/wp-content\\\/uploads\\\/2023\\\/08\\\/i-1.jpeg\",\"@id\":\"https:\\\/\\\/redeportivamx.com\\\/index.php\\\/2023\\\/08\\\/26\\\/se-acerca-el-us-open-2023-cuando-inicia-quienes-compiten\\\/#mainImage\",\"width\":1280,\"height\":720},\"primaryImageOfPage\":{\"@id\":\"https:\\\/\\\/redeportivamx.com\\\/index.php\\\/2023\\\/08\\\/26\\\/se-acerca-el-us-open-2023-cuando-inicia-quienes-compiten\\\/#mainImage\"},\"datePublished\":\"2023-08-26T04:53:07-06:00\",\"dateModified\":\"2023-08-26T04:53:08-06:00\"},{\"@type\":\"WebSite\",\"@id\":\"https:\\\/\\\/redeportivamx.com\\\/#website\",\"url\":\"https:\\\/\\\/redeportivamx.com\\\/\",\"name\":\"redeportivamx.com\",\"description\":\"\\u00a1Conectando tu pasi\\u00f3n!\",\"inLanguage\":\"es-MX\",\"publisher\":{\"@id\":\"https:\\\/\\\/redeportivamx.com\\\/#organization\"}}]}\n\t\t<\/script>\n\t\t<!-- All in One SEO -->\n\n","aioseo_head_json":{"title":"Se acerca el US Open 2023 \u00bfCu\u00e1ndo inicia? \u00bfQui\u00e9nes compiten? - Redeportiva MX","description":"El torneo con sede en Nueva York dar\u00e1 comienzo oficialmente el 28 de agosto, y culminar\u00e1 el 10 de septiembre en la pista Arthur Ashe con la gran final aguardando por los mejores tenistas. Durante cerca de dos semanas, se llevar\u00e1n a cabo emocionantes partidos de tenis en las instalaciones del complejo USTA Billie Jean","canonical_url":"https:\/\/redeportivamx.com\/index.php\/2023\/08\/26\/se-acerca-el-us-open-2023-cuando-inicia-quienes-compiten\/","robots":"max-image-preview:large","keywords":"","webmasterTools":{"miscellaneous":""},"schema":{"@context":"https:\/\/schema.org","@graph":[{"@type":"BlogPosting","@id":"https:\/\/redeportivamx.com\/index.php\/2023\/08\/26\/se-acerca-el-us-open-2023-cuando-inicia-quienes-compiten\/#blogposting","name":"Se acerca el US Open 2023 \u00bfCu\u00e1ndo inicia? \u00bfQui\u00e9nes compiten? - Redeportiva MX","headline":"Se acerca el US Open 2023 \u00bfCu\u00e1ndo inicia? \u00bfQui\u00e9nes compiten?","author":{"@id":"https:\/\/redeportivamx.com\/index.php\/author\/angel-cortez\/#author"},"publisher":{"@id":"https:\/\/redeportivamx.com\/#organization"},"image":{"@type":"ImageObject","url":"https:\/\/redeportivamx.com\/wp-content\/uploads\/2023\/08\/i-1.jpeg","width":1280,"height":720},"datePublished":"2023-08-26T04:53:07-06:00","dateModified":"2023-08-26T04:53:08-06:00","inLanguage":"es-MX","mainEntityOfPage":{"@id":"https:\/\/redeportivamx.com\/index.php\/2023\/08\/26\/se-acerca-el-us-open-2023-cuando-inicia-quienes-compiten\/#webpage"},"isPartOf":{"@id":"https:\/\/redeportivamx.com\/index.php\/2023\/08\/26\/se-acerca-el-us-open-2023-cuando-inicia-quienes-compiten\/#webpage"},"articleSection":"Redacci\u00f3n Redeportiva"},{"@type":"BreadcrumbList","@id":"https:\/\/redeportivamx.com\/index.php\/2023\/08\/26\/se-acerca-el-us-open-2023-cuando-inicia-quienes-compiten\/#breadcrumblist","itemListElement":[{"@type":"ListItem","@id":"https:\/\/redeportivamx.com#listItem","position":1,"name":"Home","item":"https:\/\/redeportivamx.com","nextItem":{"@type":"ListItem","@id":"https:\/\/redeportivamx.com\/index.php\/category\/redaccion-redeportiva\/#listItem","name":"Redacci\u00f3n Redeportiva"}},{"@type":"ListItem","@id":"https:\/\/redeportivamx.com\/index.php\/category\/redaccion-redeportiva\/#listItem","position":2,"name":"Redacci\u00f3n Redeportiva","item":"https:\/\/redeportivamx.com\/index.php\/category\/redaccion-redeportiva\/","nextItem":{"@type":"ListItem","@id":"https:\/\/redeportivamx.com\/index.php\/2023\/08\/26\/se-acerca-el-us-open-2023-cuando-inicia-quienes-compiten\/#listItem","name":"Se acerca el US Open 2023 \u00bfCu\u00e1ndo inicia? \u00bfQui\u00e9nes compiten?"},"previousItem":{"@type":"ListItem","@id":"https:\/\/redeportivamx.com#listItem","name":"Home"}},{"@type":"ListItem","@id":"https:\/\/redeportivamx.com\/index.php\/2023\/08\/26\/se-acerca-el-us-open-2023-cuando-inicia-quienes-compiten\/#listItem","position":3,"name":"Se acerca el US Open 2023 \u00bfCu\u00e1ndo inicia? \u00bfQui\u00e9nes compiten?","previousItem":{"@type":"ListItem","@id":"https:\/\/redeportivamx.com\/index.php\/category\/redaccion-redeportiva\/#listItem","name":"Redacci\u00f3n Redeportiva"}}]},{"@type":"Organization","@id":"https:\/\/redeportivamx.com\/#organization","name":"redeportivamx.com","description":"\u00a1Conectando tu pasi\u00f3n!","url":"https:\/\/redeportivamx.com\/","sameAs":["https:\/\/www.facebook.com\/profile.php?id=61565592572733","https:\/\/x.com\/Redeportivamx?s=20","https:\/\/www.instagram.com\/redeportivamx\/","https:\/\/www.tiktok.com\/@redeportiva.mx","https:\/\/www.youtube.com\/@Redeportiva-MX"]},{"@type":"Person","@id":"https:\/\/redeportivamx.com\/index.php\/author\/angel-cortez\/#author","url":"https:\/\/redeportivamx.com\/index.php\/author\/angel-cortez\/","name":"\u00c1ngel Cortez","image":{"@type":"ImageObject","@id":"https:\/\/redeportivamx.com\/index.php\/2023\/08\/26\/se-acerca-el-us-open-2023-cuando-inicia-quienes-compiten\/#authorImage","url":"https:\/\/secure.gravatar.com\/avatar\/7a2a1ba429e2adbe816e5f8251d8d6c7a28c9d49b7b2b94e7156e4f797ad86d5?s=96&d=mm&r=g","width":96,"height":96,"caption":"\u00c1ngel Cortez"}},{"@type":"WebPage","@id":"https:\/\/redeportivamx.com\/index.php\/2023\/08\/26\/se-acerca-el-us-open-2023-cuando-inicia-quienes-compiten\/#webpage","url":"https:\/\/redeportivamx.com\/index.php\/2023\/08\/26\/se-acerca-el-us-open-2023-cuando-inicia-quienes-compiten\/","name":"Se acerca el US Open 2023 \u00bfCu\u00e1ndo inicia? \u00bfQui\u00e9nes compiten? - Redeportiva MX","description":"El torneo con sede en Nueva York dar\u00e1 comienzo oficialmente el 28 de agosto, y culminar\u00e1 el 10 de septiembre en la pista Arthur Ashe con la gran final aguardando por los mejores tenistas. Durante cerca de dos semanas, se llevar\u00e1n a cabo emocionantes partidos de tenis en las instalaciones del complejo USTA Billie Jean","inLanguage":"es-MX","isPartOf":{"@id":"https:\/\/redeportivamx.com\/#website"},"breadcrumb":{"@id":"https:\/\/redeportivamx.com\/index.php\/2023\/08\/26\/se-acerca-el-us-open-2023-cuando-inicia-quienes-compiten\/#breadcrumblist"},"author":{"@id":"https:\/\/redeportivamx.com\/index.php\/author\/angel-cortez\/#author"},"creator":{"@id":"https:\/\/redeportivamx.com\/index.php\/author\/angel-cortez\/#author"},"image":{"@type":"ImageObject","url":"https:\/\/redeportivamx.com\/wp-content\/uploads\/2023\/08\/i-1.jpeg","@id":"https:\/\/redeportivamx.com\/index.php\/2023\/08\/26\/se-acerca-el-us-open-2023-cuando-inicia-quienes-compiten\/#mainImage","width":1280,"height":720},"primaryImageOfPage":{"@id":"https:\/\/redeportivamx.com\/index.php\/2023\/08\/26\/se-acerca-el-us-open-2023-cuando-inicia-quienes-compiten\/#mainImage"},"datePublished":"2023-08-26T04:53:07-06:00","dateModified":"2023-08-26T04:53:08-06:00"},{"@type":"WebSite","@id":"https:\/\/redeportivamx.com\/#website","url":"https:\/\/redeportivamx.com\/","name":"redeportivamx.com","description":"\u00a1Conectando tu pasi\u00f3n!","inLanguage":"es-MX","publisher":{"@id":"https:\/\/redeportivamx.com\/#organization"}}]},"og:locale":"es_MX","og:site_name":"Redeportiva MX - \u00a1Conectando tu pasi\u00f3n!","og:type":"sport","og:title":"Se acerca el US Open 2023 \u00bfCu\u00e1ndo inicia? \u00bfQui\u00e9nes compiten? - Redeportiva MX","og:description":"El torneo con sede en Nueva York dar\u00e1 comienzo oficialmente el 28 de agosto, y culminar\u00e1 el 10 de septiembre en la pista Arthur Ashe con la gran final aguardando por los mejores tenistas. Durante cerca de dos semanas, se llevar\u00e1n a cabo emocionantes partidos de tenis en las instalaciones del complejo USTA Billie Jean","og:url":"https:\/\/redeportivamx.com\/index.php\/2023\/08\/26\/se-acerca-el-us-open-2023-cuando-inicia-quienes-compiten\/","og:image":"https:\/\/redeportivamx.com\/wp-content\/uploads\/2023\/08\/i-1.jpeg","og:image:secure_url":"https:\/\/redeportivamx.com\/wp-content\/uploads\/2023\/08\/i-1.jpeg","og:image:width":1280,"og:image:height":720,"twitter:card":"summary_large_image","twitter:site":"@Redeportivamx","twitter:title":"Se acerca el US Open 2023 \u00bfCu\u00e1ndo inicia? \u00bfQui\u00e9nes compiten? - Redeportiva MX","twitter:description":"El torneo con sede en Nueva York dar\u00e1 comienzo oficialmente el 28 de agosto, y culminar\u00e1 el 10 de septiembre en la pista Arthur Ashe con la gran final aguardando por los mejores tenistas. Durante cerca de dos semanas, se llevar\u00e1n a cabo emocionantes partidos de tenis en las instalaciones del complejo USTA Billie Jean","twitter:creator":"@Redeportivamx","twitter:image":"https:\/\/redeportivamx.com\/wp-content\/uploads\/2023\/08\/i-1.jpeg"},"aioseo_meta_data":{"post_id":"26094","title":null,"description":null,"keywords":[],"keyphrases":{"focus":{"keyphrase":"","score":0,"analysis":{"keyphraseInTitle":{"score":0,"maxScore":9,"error":1}}},"additional":[]},"primary_term":null,"canonical_url":null,"og_title":null,"og_description":null,"og_object_type":"default","og_image_type":"default","og_image_url":null,"og_image_width":null,"og_image_height":null,"og_image_custom_url":null,"og_image_custom_fields":null,"og_video":"","og_custom_url":null,"og_article_section":null,"og_article_tags":[],"twitter_use_og":false,"twitter_card":"default","twitter_image_type":"default","twitter_image_url":null,"twitter_image_custom_url":null,"twitter_image_custom_fields":null,"twitter_title":null,"twitter_description":null,"schema":{"blockGraphs":[],"customGraphs":[],"default":{"data":{"Article":[],"Course":[],"Dataset":[],"FAQPage":[],"Movie":[],"Person":[],"Product":[],"ProductReview":[],"Car":[],"Recipe":[],"Service":[],"SoftwareApplication":[],"WebPage":[]},"graphName":"BlogPosting","isEnabled":true},"graphs":[]},"schema_type":"default","schema_type_options":null,"pillar_content":false,"robots_default":true,"robots_noindex":false,"robots_noarchive":false,"robots_nosnippet":false,"robots_nofollow":false,"robots_noimageindex":false,"robots_noodp":false,"robots_notranslate":false,"robots_max_snippet":"-1","robots_max_videopreview":"-1","robots_max_imagepreview":"large","priority":null,"frequency":"default","local_seo":null,"breadcrumb_settings":null,"limit_modified_date":false,"ai":null,"created":"2023-08-26 04:49:31","updated":"2025-06-04 13:29:00","seo_analyzer_scan_date":null,"focus_keyword":null,"additional_keywords":null,"truseo_locale":null},"aioseo_breadcrumb":"<div class=\"aioseo-breadcrumbs\"><span class=\"aioseo-breadcrumb\">\n\t\t\t<a href=\"https:\/\/redeportivamx.com\" title=\"Home\">Home<\/a>\n\t\t<\/span><span class=\"aioseo-breadcrumb-separator\">&raquo;<\/span><span class=\"aioseo-breadcrumb\">\n\t\t\t<a href=\"https:\/\/redeportivamx.com\/index.php\/category\/redaccion-redeportiva\/\" title=\"Redacci\u00f3n Redeportiva\">Redacci\u00f3n Redeportiva<\/a>\n\t\t<\/span><span class=\"aioseo-breadcrumb-separator\">&raquo;<\/span><span class=\"aioseo-breadcrumb\">\n\t\t\tSe acerca el US Open 2023 \u00bfCu\u00e1ndo inicia? \u00bfQui\u00e9nes compiten?\n\t\t<\/span><\/div>","aioseo_breadcrumb_json":[{"label":"Home","link":"https:\/\/redeportivamx.com"},{"label":"Redacci\u00f3n Redeportiva","link":"https:\/\/redeportivamx.com\/index.php\/category\/redaccion-redeportiva\/"},{"label":"Se acerca el US Open 2023 \u00bfCu\u00e1ndo inicia? \u00bfQui\u00e9nes compiten?","link":"https:\/\/redeportivamx.com\/index.php\/2023\/08\/26\/se-acerca-el-us-open-2023-cuando-inicia-quienes-compiten\/"}],"jetpack_sharing_enabled":true,"jetpack_featured_media_url":"https:\/\/redeportivamx.com\/wp-content\/uploads\/2023\/08\/i-1.jpeg","_links":{"self":[{"href":"https:\/\/redeportivamx.com\/index.php\/wp-json\/wp\/v2\/posts\/26094","targetHints":{"allow":["GET"]}}],"collection":[{"href":"https:\/\/redeportivamx.com\/index.php\/wp-json\/wp\/v2\/posts"}],"about":[{"href":"https:\/\/redeportivamx.com\/index.php\/wp-json\/wp\/v2\/types\/post"}],"author":[{"embeddable":true,"href":"https:\/\/redeportivamx.com\/index.php\/wp-json\/wp\/v2\/users\/12"}],"replies":[{"embeddable":true,"href":"https:\/\/redeportivamx.com\/index.php\/wp-json\/wp\/v2\/comments?post=26094"}],"version-history":[{"count":2,"href":"https:\/\/redeportivamx.com\/index.php\/wp-json\/wp\/v2\/posts\/26094\/revisions"}],"predecessor-version":[{"id":26098,"href":"https:\/\/redeportivamx.com\/index.php\/wp-json\/wp\/v2\/posts\/26094\/revisions\/26098"}],"wp:featuredmedia":[{"embeddable":true,"href":"https:\/\/redeportivamx.com\/index.php\/wp-json\/wp\/v2\/media\/26096"}],"wp:attachment":[{"href":"https:\/\/redeportivamx.com\/index.php\/wp-json\/wp\/v2\/media?parent=26094"}],"wp:term":[{"taxonomy":"category","embeddable":true,"href":"https:\/\/redeportivamx.com\/index.php\/wp-json\/wp\/v2\/categories?post=26094"},{"taxonomy":"post_tag","embeddable":true,"href":"https:\/\/redeportivamx.com\/index.php\/wp-json\/wp\/v2\/tags?post=26094"}],"curies":[{"name":"wp","href":"https:\/\/api.w.org\/{rel}","templated":true}]}}